{"id":44910,"date":"2024-08-07T18:03:49","date_gmt":"2024-08-07T21:03:49","guid":{"rendered":"https:\/\/radiorevelacionfm.cl\/?p=44910"},"modified":"2024-08-07T18:03:49","modified_gmt":"2024-08-07T21:03:49","slug":"indap-aysen-destina-25-millones-para-apoyar-a-productores-caprinos-en-rio-ibanez-a-traves-del-programa-de-desarrollo-de-inversiones","status":"publish","type":"post","link":"https:\/\/radiorevelacionfm.cl\/?p=44910","title":{"rendered":"INDAP Ays\u00e9n destina 25 millones para apoyar a productores caprinos en R\u00edo Ib\u00e1\u00f1ez a trav\u00e9s del Programa de Desarrollo de Inversiones"},"content":{"rendered":"<div class=\"flex_column av_one_full  flex_column_div av-zero-column-padding first  avia-builder-el-0  el_before_av_one_full  avia-builder-el-first  \" style='border-radius:0px; '><div  class='avia-image-container  av-styling-    avia-builder-el-1  avia-builder-el-no-sibling  avia-align-center '  itemprop=\"image\" itemscope=\"itemscope\" itemtype=\"https:\/\/schema.org\/ImageObject\"  ><div class='avia-image-container-inner'><div class='avia-image-overlay-wrap'><img decoding=\"async\" class='wp-image-44911 avia-img-lazy-loading-not-44911 avia_image' src=\"https:\/\/radiorevelacionfm.cl\/wp-content\/uploads\/2024\/08\/productores-caprinos-rio-ibaNez-1_optimized.jpeg\" alt='' title='productores-caprinos-rio-iba\u00d1ez-(1)_optimized' height=\"628\" width=\"802\"  itemprop=\"thumbnailUrl\" srcset=\"https:\/\/radiorevelacionfm.cl\/wp-content\/uploads\/2024\/08\/productores-caprinos-rio-ibaNez-1_optimized.jpeg 802w, https:\/\/radiorevelacionfm.cl\/wp-content\/uploads\/2024\/08\/productores-caprinos-rio-ibaNez-1_optimized-300x235.jpeg 300w, https:\/\/radiorevelacionfm.cl\/wp-content\/uploads\/2024\/08\/productores-caprinos-rio-ibaNez-1_optimized-768x601.jpeg 768w, https:\/\/radiorevelacionfm.cl\/wp-content\/uploads\/2024\/08\/productores-caprinos-rio-ibaNez-1_optimized-705x552.jpeg 705w, https:\/\/radiorevelacionfm.cl\/wp-content\/uploads\/2024\/08\/productores-caprinos-rio-ibaNez-1_optimized-450x352.jpeg 450w, https:\/\/radiorevelacionfm.cl\/wp-content\/uploads\/2024\/08\/productores-caprinos-rio-ibaNez-1_optimized-600x470.jpeg 600w\" sizes=\"(max-width: 802px) 100vw, 802px\" \/><\/div><\/div><\/div><\/div><div class=\"flex_column av_one_full  flex_column_div av-zero-column-padding first  avia-builder-el-2  el_after_av_one_full  el_before_av_one_full  column-top-margin\" style='border-radius:0px; '><section class=\"av_textblock_section \"  itemscope=\"itemscope\" itemtype=\"https:\/\/schema.org\/BlogPosting\" itemprop=\"blogPost\" ><div class='avia_textblock  '   itemprop=\"text\" ><p style=\"text-align: center;\"><strong><span style=\"font-size: 18pt;\">INDAP Ays\u00e9n destina 25 millones para apoyar a productores caprinos en R\u00edo Ib\u00e1\u00f1ez a trav\u00e9s del Programa de Desarrollo de Inversiones<\/span><\/strong><\/p>\n<div id=\"gtx-trans\" style=\"position: absolute; left: -50px; top: 4.31534px;\">\n<div class=\"gtx-trans-icon\"><\/div>\n<\/div>\n<\/div><\/section><\/div><div class=\"flex_column av_one_full  flex_column_div av-zero-column-padding first  avia-builder-el-4  el_after_av_one_full  el_before_av_hr  column-top-margin\" style='border-radius:0px; '><section class=\"av_textblock_section \"  itemscope=\"itemscope\" itemtype=\"https:\/\/schema.org\/BlogPosting\" itemprop=\"blogPost\" ><div class='avia_textblock  '   itemprop=\"text\" ><p style=\"text-align: justify;\">El Instituto de Desarrollo Agropecuario (INDAP) del MINAGRI en la Regi\u00f3n de Ays\u00e9n ha asignado $25 millones al Comit\u00e9 de Productores de Caprinos de R\u00edo Ib\u00e1\u00f1ez como parte del VII llamado del Programa de Desarrollo de Inversiones (PDI). Este programa est\u00e1 dise\u00f1ado para apoyar a la Agricultura Familiar Campesina en la modernizaci\u00f3n y capitalizaci\u00f3n de sus sistemas de producci\u00f3n, financiando hasta un 60% de las inversiones necesarias para proyectos silvoagropecuarios y conexos. La inversi\u00f3n total del proyecto beneficiado alcanza los $28.175.550.<\/p>\n<p>Yessica Lagos C\u00e1rdenas, Directora Regional de INDAP, expres\u00f3 su entusiasmo por la adjudicaci\u00f3n, se\u00f1alando que \u00abesta inversi\u00f3n representa un impulso significativo para los peque\u00f1os productores caprinos de nuestra regi\u00f3n, permiti\u00e9ndoles modernizar sus pr\u00e1cticas y fortalecer sus emprendimientos. Nuestro compromiso como INDAP es seguir acompa\u00f1ando y potenciando a las familias campesinas de Ays\u00e9n, contribuyendo a un desarrollo rural m\u00e1s inclusivo y sostenible que traiga bienestar a nuestras comunidades.\u00bb<\/p>\n<p>La iniciativa se enmarca en la Estrategia INDAP 2023-2030, que busca fortalecer el capital humano, social, productivo y natural de la Agricultura Familiar Campesina. A trav\u00e9s del PDI, INDAP contin\u00faa promoviendo la innovaci\u00f3n y la sostenibilidad en los territorios rurales, reafirmando su misi\u00f3n de contribuir al desarrollo econ\u00f3mico de las comunidades campesinas y sus organizaciones. Este tipo de apoyo es particularmente relevante en la regi\u00f3n de Ays\u00e9n, donde la Agricultura Familiar Campesina es fundamental para el desarrollo econ\u00f3mico y cultural.<\/p>\n<p>Esta entrega de recursos es una prueba concreta del compromiso de INDAP Ays\u00e9n con el territorio, y refleja su constante esfuerzo por fortalecer las capacidades productivas locales, promoviendo un desarrollo sostenible y equitativo que respeta y valoriza las tradiciones y recursos de nuestra regi\u00f3n.<\/p>\n<\/div><\/section><\/div><div  style='height:50px' class='hr hr-invisible   avia-builder-el-6  el_after_av_one_full  el_before_av_social_share '><span class='hr-inner ' ><span class='hr-inner-style'><\/span><\/span><\/div><\/p>\n<div  class='av-social-sharing-box  avia-builder-el-7  el_after_av_hr  el_before_av_hr  '><div class='av-share-box'><h5 class='av-share-link-description av-no-toc '>Compartir esta noticia<\/h5><ul class='av-share-box-list noLightbox'><li class='av-share-link av-social-link-facebook' ><a target=\"_blank\" aria-label=\"Compartir en Facebook\" href='https:\/\/www.facebook.com\/sharer.php?u=https:\/\/radiorevelacionfm.cl\/?p=44910&#038;t=INDAP%20Ays%C3%A9n%20destina%2025%20millones%20para%20apoyar%20a%20productores%20caprinos%20en%20R%C3%ADo%20Ib%C3%A1%C3%B1ez%20a%20trav%C3%A9s%20del%20Programa%20de%20Desarrollo%20de%20Inversiones' aria-hidden='false' data-av_icon='\ue8f3' data-av_iconfont='entypo-fontello' title='' data-avia-related-tooltip='Compartir en Facebook' rel=\"noopener\"><span class='avia_hidden_link_text'>Compartir en Facebook<\/span><\/a><\/li><li class='av-share-link av-social-link-twitter' ><a target=\"_blank\" aria-label=\"Compartir en Twitter\" href='https:\/\/twitter.com\/share?text=INDAP%20Ays%C3%A9n%20destina%2025%20millones%20para%20apoyar%20a%20productores%20caprinos%20en%20R%C3%ADo%20Ib%C3%A1%C3%B1ez%20a%20trav%C3%A9s%20del%20Programa%20de%20Desarrollo%20de%20Inversiones&#038;url=https:\/\/radiorevelacionfm.cl\/?p=44910' aria-hidden='false' data-av_icon='\ue8f1' data-av_iconfont='entypo-fontello' title='' data-avia-related-tooltip='Compartir en Twitter' rel=\"noopener\"><span class='avia_hidden_link_text'>Compartir en Twitter<\/span><\/a><\/li><li class='av-share-link av-social-link-whatsapp' ><a target=\"_blank\" aria-label=\"Compartir en Whatsapp\" href='https:\/\/api.whatsapp.com\/send?text=https:\/\/radiorevelacionfm.cl\/?p=44910' aria-hidden='false' data-av_icon='\uf232' data-av_iconfont='entypo-fontello' title='' data-avia-related-tooltip='Compartir en Whatsapp' rel=\"noopener\"><span class='avia_hidden_link_text'>Compartir en Whatsapp<\/span><\/a><\/li><li class='av-share-link av-social-link-linkedin' ><a target=\"_blank\" aria-label=\"Compartir en LinkedIn\" href='https:\/\/linkedin.com\/shareArticle?mini=true&#038;title=INDAP%20Ays%C3%A9n%20destina%2025%20millones%20para%20apoyar%20a%20productores%20caprinos%20en%20R%C3%ADo%20Ib%C3%A1%C3%B1ez%20a%20trav%C3%A9s%20del%20Programa%20de%20Desarrollo%20de%20Inversiones&#038;url=https:\/\/radiorevelacionfm.cl\/?p=44910' aria-hidden='false' data-av_icon='\ue8fc' data-av_iconfont='entypo-fontello' title='' data-avia-related-tooltip='Compartir en LinkedIn' rel=\"noopener\"><span class='avia_hidden_link_text'>Compartir en LinkedIn<\/span><\/a><\/li><li class='av-share-link av-social-link-mail' ><a  aria-label=\"Compartir por correo\" href='mailto:?subject=INDAP%20Ays%C3%A9n%20destina%2025%20millones%20para%20apoyar%20a%20productores%20caprinos%20en%20R%C3%ADo%20Ib%C3%A1%C3%B1ez%20a%20trav%C3%A9s%20del%20Programa%20de%20Desarrollo%20de%20Inversiones&#038;body=https:\/\/radiorevelacionfm.cl\/?p=44910' aria-hidden='false' data-av_icon='\ue805' data-av_iconfont='entypo-fontello' title='' data-avia-related-tooltip='Compartir por correo'><span class='avia_hidden_link_text'>Compartir por correo<\/span><\/a><\/li><\/ul><\/div><\/div>\n<div  style='height:50px' class='hr hr-invisible   avia-builder-el-8  el_after_av_social_share  el_before_av_comments_list '><span class='hr-inner ' ><span class='hr-inner-style'><\/span><\/span><\/div>\n<div  class='av-buildercomment  av-blog-meta-html-info-disabled av-blog-meta-tag-disabled  '><\/div>\n","protected":false},"excerpt":{"rendered":"","protected":false},"author":1,"featured_media":44911,"comment_status":"open","ping_status":"open","sticky":false,"template":"","format":"standard","meta":{"footnotes":""},"categories":[38],"tags":[],"class_list":["post-44910","post","type-post","status-publish","format-standard","has-post-thumbnail","hentry","category-regional"],"jetpack_featured_media_url":"https:\/\/radiorevelacionfm.cl\/wp-content\/uploads\/2024\/08\/productores-caprinos-rio-ibaNez-1_optimized.jpeg","_links":{"self":[{"href":"https:\/\/radiorevelacionfm.cl\/index.php?rest_route=\/wp\/v2\/posts\/44910","targetHints":{"allow":["GET"]}}],"collection":[{"href":"https:\/\/radiorevelacionfm.cl\/index.php?rest_route=\/wp\/v2\/posts"}],"about":[{"href":"https:\/\/radiorevelacionfm.cl\/index.php?rest_route=\/wp\/v2\/types\/post"}],"author":[{"embeddable":true,"href":"https:\/\/radiorevelacionfm.cl\/index.php?rest_route=\/wp\/v2\/users\/1"}],"replies":[{"embeddable":true,"href":"https:\/\/radiorevelacionfm.cl\/index.php?rest_route=%2Fwp%2Fv2%2Fcomments&post=44910"}],"version-history":[{"count":1,"href":"https:\/\/radiorevelacionfm.cl\/index.php?rest_route=\/wp\/v2\/posts\/44910\/revisions"}],"predecessor-version":[{"id":44912,"href":"https:\/\/radiorevelacionfm.cl\/index.php?rest_route=\/wp\/v2\/posts\/44910\/revisions\/44912"}],"wp:featuredmedia":[{"embeddable":true,"href":"https:\/\/radiorevelacionfm.cl\/index.php?rest_route=\/wp\/v2\/media\/44911"}],"wp:attachment":[{"href":"https:\/\/radiorevelacionfm.cl\/index.php?rest_route=%2Fwp%2Fv2%2Fmedia&parent=44910"}],"wp:term":[{"taxonomy":"category","embeddable":true,"href":"https:\/\/radiorevelacionfm.cl\/index.php?rest_route=%2Fwp%2Fv2%2Fcategories&post=44910"},{"taxonomy":"post_tag","embeddable":true,"href":"https:\/\/radiorevelacionfm.cl\/index.php?rest_route=%2Fwp%2Fv2%2Ftags&post=44910"}],"curies":[{"name":"wp","href":"https:\/\/api.w.org\/{rel}","templated":true}]}}