{"id":44898,"date":"2024-08-07T14:26:32","date_gmt":"2024-08-07T17:26:32","guid":{"rendered":"https:\/\/radiorevelacionfm.cl\/?p=44898"},"modified":"2024-08-07T14:26:32","modified_gmt":"2024-08-07T17:26:32","slug":"vacunas-contra-la-influenza-ya-estan-disponibles-para-la-poblacion-regional","status":"publish","type":"post","link":"https:\/\/radiorevelacionfm.cl\/?p=44898","title":{"rendered":"Vacunas contra la influenza ya est\u00e1n disponibles para la poblaci\u00f3n regional"},"content":{"rendered":"<div class=\"flex_column av_one_full  flex_column_div av-zero-column-padding first  avia-builder-el-0  el_before_av_one_full  avia-builder-el-first  \" style='border-radius:0px; '><div  class='avia-image-container  av-styling-    avia-builder-el-1  avia-builder-el-no-sibling  avia-align-center '  itemprop=\"image\" itemscope=\"itemscope\" itemtype=\"https:\/\/schema.org\/ImageObject\"  ><div class='avia-image-container-inner'><div class='avia-image-overlay-wrap'><img decoding=\"async\" class='wp-image-44899 avia-img-lazy-loading-not-44899 avia_image' src=\"https:\/\/radiorevelacionfm.cl\/wp-content\/uploads\/2024\/08\/vacunacion-influenza-1-1_optimized-1.jpg\" alt='' title='vacunacion-influenza-(1)-(1)_optimized (1)' height=\"600\" width=\"800\"  itemprop=\"thumbnailUrl\" srcset=\"https:\/\/radiorevelacionfm.cl\/wp-content\/uploads\/2024\/08\/vacunacion-influenza-1-1_optimized-1.jpg 800w, https:\/\/radiorevelacionfm.cl\/wp-content\/uploads\/2024\/08\/vacunacion-influenza-1-1_optimized-1-300x225.jpg 300w, https:\/\/radiorevelacionfm.cl\/wp-content\/uploads\/2024\/08\/vacunacion-influenza-1-1_optimized-1-768x576.jpg 768w, https:\/\/radiorevelacionfm.cl\/wp-content\/uploads\/2024\/08\/vacunacion-influenza-1-1_optimized-1-705x529.jpg 705w, https:\/\/radiorevelacionfm.cl\/wp-content\/uploads\/2024\/08\/vacunacion-influenza-1-1_optimized-1-450x338.jpg 450w, https:\/\/radiorevelacionfm.cl\/wp-content\/uploads\/2024\/08\/vacunacion-influenza-1-1_optimized-1-600x450.jpg 600w\" sizes=\"(max-width: 800px) 100vw, 800px\" \/><\/div><\/div><\/div><\/div><div class=\"flex_column av_one_full  flex_column_div av-zero-column-padding first  avia-builder-el-2  el_after_av_one_full  el_before_av_one_full  column-top-margin\" style='border-radius:0px; '><section class=\"av_textblock_section \"  itemscope=\"itemscope\" itemtype=\"https:\/\/schema.org\/BlogPosting\" itemprop=\"blogPost\" ><div class='avia_textblock  '   itemprop=\"text\" ><p style=\"text-align: center;\"><span style=\"font-size: 18pt;\"><strong>Vacunas contra la influenza ya est\u00e1n disponibles para la poblaci\u00f3n regional<\/strong><\/span><\/p>\n<div id=\"gtx-trans\" style=\"position: absolute; left: -50px; top: 4.31534px;\">\n<div class=\"gtx-trans-icon\"><\/div>\n<\/div>\n<\/div><\/section><\/div><div class=\"flex_column av_one_full  flex_column_div av-zero-column-padding first  avia-builder-el-4  el_after_av_one_full  el_before_av_hr  column-top-margin\" style='border-radius:0px; '><section class=\"av_textblock_section \"  itemscope=\"itemscope\" itemtype=\"https:\/\/schema.org\/BlogPosting\" itemprop=\"blogPost\" ><div class='avia_textblock  '   itemprop=\"text\" ><p style=\"text-align: justify;\"><em>A partir de esta semana y con el fin que m\u00e1s personas cuenten con protecci\u00f3n contra el virus durante el resto del invierno y ante eventuales rebrotes primaverales, desde el Ministerio de Salud se instruy\u00f3 ampliar la vacunaci\u00f3n contra la Influenza a toda la poblaci\u00f3n.<\/em><\/p>\n<p style=\"text-align: justify;\">Ya est\u00e1n disponibles en la regi\u00f3n de Ays\u00e9n m\u00e1s de 2.500 vacunas contra la influenza, las que est\u00e1n destinadas a toda la poblaci\u00f3n de manera gratuita, ampliando as\u00ed el n\u00famero de personas vacunadas, medida que implicar\u00e1 una mayor y mejor protecci\u00f3n de toda la comunidad.<\/p>\n<p style=\"text-align: justify;\">Es por eso que ante el aumento de la positividad global de la circulaci\u00f3n viral, en un a\u00f1o particularmente marcado por el peak de la Influenza A durante los meses de mayo y junio, y considerando la importancia de tener mayor protecci\u00f3n poblacional contra el virus durante el resto del invierno y ante eventuales rebrotes primaverales, que el Ministerio de Salud instruy\u00f3 la vacunaci\u00f3n gratuita de toda la poblaci\u00f3n, ya sea en centros de salud de la red asistencial y de los vacunatorios privados en convenio.<\/p>\n<p style=\"text-align: justify;\">\u201cEl Ministerio de Salud ha autorizado liberar la entrega de la vacuna contra la influenza a la poblaci\u00f3n general, no solamente a los grupos de riesgo que estaban priorizados. Hemos recibido en nuestro Dep\u00f3sito de Vacunas una cantidad suficiente para poder cubrir a toda la comunidad que quiera acceder a esta protecci\u00f3n\u201d, indic\u00f3 la Seremi de Salud Ays\u00e9n, Carmen Monsalve G\u00f3mez.<\/p>\n<p style=\"text-align: justify;\">La autoridad sanitaria precis\u00f3 que en el caso de la regi\u00f3n de Ays\u00e9n, si bien los virus circulantes han disminuido notablemente en relaci\u00f3n al a\u00f1o anterior, en lo que va del a\u00f1o 2024 los que m\u00e1s han circulado en la poblaci\u00f3n regional son Influenza A, Rinovirus y Covid19.<\/p>\n<p style=\"text-align: justify;\">En cuanto a los grupos etarios m\u00e1s afectados los menores de 5 a\u00f1os y los adultos de 20 a 64 a\u00f1os. Justamente, una parte importante de este \u00faltimo grupo (personas entre 20 y 60 a\u00f1os) no estaban considerados como grupo objetivo, por lo que esta apertura en la campa\u00f1a de vacunaci\u00f3n permitir\u00e1 mantener en mejor estado de salud a un importante segmento de la poblaci\u00f3n afectada.<\/p>\n<p style=\"text-align: justify;\">\u201cA\u00fan estamos a tiempo de protegernos, hemos logrado un impacto muy satisfactorio y positivo en el manejo de nuestros usuarios respiratorios, y eso es responsabilidad y tarea de todos. As\u00ed que quienes todav\u00eda no lo han hecho, est\u00e1n invitados a recibir esta protecci\u00f3n gratuita\u201d, agreg\u00f3 la Seremi de Salud Ays\u00e9n.<\/p>\n<\/div><\/section><\/div><div  style='height:50px' class='hr hr-invisible   avia-builder-el-6  el_after_av_one_full  el_before_av_social_share '><span class='hr-inner ' ><span class='hr-inner-style'><\/span><\/span><\/div><\/p>\n<div  class='av-social-sharing-box  avia-builder-el-7  el_after_av_hr  el_before_av_hr  '><div class='av-share-box'><h5 class='av-share-link-description av-no-toc '>Compartir esta noticia<\/h5><ul class='av-share-box-list noLightbox'><li class='av-share-link av-social-link-facebook' ><a target=\"_blank\" aria-label=\"Compartir en Facebook\" href='https:\/\/www.facebook.com\/sharer.php?u=https:\/\/radiorevelacionfm.cl\/?p=44898&#038;t=Vacunas%20contra%20la%20influenza%20ya%20est%C3%A1n%20disponibles%20para%20la%20poblaci%C3%B3n%20regional' aria-hidden='false' data-av_icon='\ue8f3' data-av_iconfont='entypo-fontello' title='' data-avia-related-tooltip='Compartir en Facebook' rel=\"noopener\"><span class='avia_hidden_link_text'>Compartir en Facebook<\/span><\/a><\/li><li class='av-share-link av-social-link-twitter' ><a target=\"_blank\" aria-label=\"Compartir en Twitter\" href='https:\/\/twitter.com\/share?text=Vacunas%20contra%20la%20influenza%20ya%20est%C3%A1n%20disponibles%20para%20la%20poblaci%C3%B3n%20regional&#038;url=https:\/\/radiorevelacionfm.cl\/?p=44898' aria-hidden='false' data-av_icon='\ue8f1' data-av_iconfont='entypo-fontello' title='' data-avia-related-tooltip='Compartir en Twitter' rel=\"noopener\"><span class='avia_hidden_link_text'>Compartir en Twitter<\/span><\/a><\/li><li class='av-share-link av-social-link-whatsapp' ><a target=\"_blank\" aria-label=\"Compartir en Whatsapp\" href='https:\/\/api.whatsapp.com\/send?text=https:\/\/radiorevelacionfm.cl\/?p=44898' aria-hidden='false' data-av_icon='\uf232' data-av_iconfont='entypo-fontello' title='' data-avia-related-tooltip='Compartir en Whatsapp' rel=\"noopener\"><span class='avia_hidden_link_text'>Compartir en Whatsapp<\/span><\/a><\/li><li class='av-share-link av-social-link-linkedin' ><a target=\"_blank\" aria-label=\"Compartir en LinkedIn\" href='https:\/\/linkedin.com\/shareArticle?mini=true&#038;title=Vacunas%20contra%20la%20influenza%20ya%20est%C3%A1n%20disponibles%20para%20la%20poblaci%C3%B3n%20regional&#038;url=https:\/\/radiorevelacionfm.cl\/?p=44898' aria-hidden='false' data-av_icon='\ue8fc' data-av_iconfont='entypo-fontello' title='' data-avia-related-tooltip='Compartir en LinkedIn' rel=\"noopener\"><span class='avia_hidden_link_text'>Compartir en LinkedIn<\/span><\/a><\/li><li class='av-share-link av-social-link-mail' ><a  aria-label=\"Compartir por correo\" href='mailto:?subject=Vacunas%20contra%20la%20influenza%20ya%20est%C3%A1n%20disponibles%20para%20la%20poblaci%C3%B3n%20regional&#038;body=https:\/\/radiorevelacionfm.cl\/?p=44898' aria-hidden='false' data-av_icon='\ue805' data-av_iconfont='entypo-fontello' title='' data-avia-related-tooltip='Compartir por correo'><span class='avia_hidden_link_text'>Compartir por correo<\/span><\/a><\/li><\/ul><\/div><\/div>\n<div  style='height:50px' class='hr hr-invisible   avia-builder-el-8  el_after_av_social_share  el_before_av_comments_list '><span class='hr-inner ' ><span class='hr-inner-style'><\/span><\/span><\/div>\n<div  class='av-buildercomment  av-blog-meta-html-info-disabled av-blog-meta-tag-disabled  '><\/div>\n","protected":false},"excerpt":{"rendered":"","protected":false},"author":1,"featured_media":44899,"comment_status":"open","ping_status":"open","sticky":false,"template":"","format":"standard","meta":{"footnotes":""},"categories":[46],"tags":[],"class_list":["post-44898","post","type-post","status-publish","format-standard","has-post-thumbnail","hentry","category-salud"],"jetpack_featured_media_url":"https:\/\/radiorevelacionfm.cl\/wp-content\/uploads\/2024\/08\/vacunacion-influenza-1-1_optimized-1.jpg","_links":{"self":[{"href":"https:\/\/radiorevelacionfm.cl\/index.php?rest_route=\/wp\/v2\/posts\/44898","targetHints":{"allow":["GET"]}}],"collection":[{"href":"https:\/\/radiorevelacionfm.cl\/index.php?rest_route=\/wp\/v2\/posts"}],"about":[{"href":"https:\/\/radiorevelacionfm.cl\/index.php?rest_route=\/wp\/v2\/types\/post"}],"author":[{"embeddable":true,"href":"https:\/\/radiorevelacionfm.cl\/index.php?rest_route=\/wp\/v2\/users\/1"}],"replies":[{"embeddable":true,"href":"https:\/\/radiorevelacionfm.cl\/index.php?rest_route=%2Fwp%2Fv2%2Fcomments&post=44898"}],"version-history":[{"count":1,"href":"https:\/\/radiorevelacionfm.cl\/index.php?rest_route=\/wp\/v2\/posts\/44898\/revisions"}],"predecessor-version":[{"id":44900,"href":"https:\/\/radiorevelacionfm.cl\/index.php?rest_route=\/wp\/v2\/posts\/44898\/revisions\/44900"}],"wp:featuredmedia":[{"embeddable":true,"href":"https:\/\/radiorevelacionfm.cl\/index.php?rest_route=\/wp\/v2\/media\/44899"}],"wp:attachment":[{"href":"https:\/\/radiorevelacionfm.cl\/index.php?rest_route=%2Fwp%2Fv2%2Fmedia&parent=44898"}],"wp:term":[{"taxonomy":"category","embeddable":true,"href":"https:\/\/radiorevelacionfm.cl\/index.php?rest_route=%2Fwp%2Fv2%2Fcategories&post=44898"},{"taxonomy":"post_tag","embeddable":true,"href":"https:\/\/radiorevelacionfm.cl\/index.php?rest_route=%2Fwp%2Fv2%2Ftags&post=44898"}],"curies":[{"name":"wp","href":"https:\/\/api.w.org\/{rel}","templated":true}]}}