{"id":44888,"date":"2024-08-07T09:43:19","date_gmt":"2024-08-07T12:43:19","guid":{"rendered":"https:\/\/radiorevelacionfm.cl\/?p=44888"},"modified":"2024-08-07T09:43:19","modified_gmt":"2024-08-07T12:43:19","slug":"familias-de-bahia-murta-contaran-con-reposicion-completa-del-servicio-sanitario-rural","status":"publish","type":"post","link":"https:\/\/radiorevelacionfm.cl\/?p=44888","title":{"rendered":"Familias de Bah\u00eda Murta contar\u00e1n con reposici\u00f3n completa del servicio sanitario rural"},"content":{"rendered":"<div class=\"flex_column av_one_full  flex_column_div av-zero-column-padding first  avia-builder-el-0  el_before_av_one_full  avia-builder-el-first  \" style='border-radius:0px; '><div  class='avia-image-container  av-styling-    avia-builder-el-1  avia-builder-el-no-sibling  avia-align-center '  itemprop=\"image\" itemscope=\"itemscope\" itemtype=\"https:\/\/schema.org\/ImageObject\"  ><div class='avia-image-container-inner'><div class='avia-image-overlay-wrap'><img decoding=\"async\" class='wp-image-44889 avia-img-lazy-loading-not-44889 avia_image' src=\"https:\/\/radiorevelacionfm.cl\/wp-content\/uploads\/2024\/08\/personal-vialidad-mop-1_optimized-1.jpg\" alt='' title='personal-vialidad-mop-(1)_optimized (1)' height=\"600\" width=\"1297\"  itemprop=\"thumbnailUrl\" srcset=\"https:\/\/radiorevelacionfm.cl\/wp-content\/uploads\/2024\/08\/personal-vialidad-mop-1_optimized-1.jpg 1297w, https:\/\/radiorevelacionfm.cl\/wp-content\/uploads\/2024\/08\/personal-vialidad-mop-1_optimized-1-300x139.jpg 300w, https:\/\/radiorevelacionfm.cl\/wp-content\/uploads\/2024\/08\/personal-vialidad-mop-1_optimized-1-1030x476.jpg 1030w, https:\/\/radiorevelacionfm.cl\/wp-content\/uploads\/2024\/08\/personal-vialidad-mop-1_optimized-1-768x355.jpg 768w, https:\/\/radiorevelacionfm.cl\/wp-content\/uploads\/2024\/08\/personal-vialidad-mop-1_optimized-1-705x326.jpg 705w, https:\/\/radiorevelacionfm.cl\/wp-content\/uploads\/2024\/08\/personal-vialidad-mop-1_optimized-1-450x208.jpg 450w, https:\/\/radiorevelacionfm.cl\/wp-content\/uploads\/2024\/08\/personal-vialidad-mop-1_optimized-1-600x278.jpg 600w\" sizes=\"(max-width: 1297px) 100vw, 1297px\" \/><\/div><\/div><\/div><\/div><div class=\"flex_column av_one_full  flex_column_div av-zero-column-padding first  avia-builder-el-2  el_after_av_one_full  el_before_av_one_full  column-top-margin\" style='border-radius:0px; '><section class=\"av_textblock_section \"  itemscope=\"itemscope\" itemtype=\"https:\/\/schema.org\/BlogPosting\" itemprop=\"blogPost\" ><div class='avia_textblock  '   itemprop=\"text\" ><p style=\"text-align: center;\"><strong><span style=\"font-size: 18pt;\">Familias de Bah\u00eda Murta contar\u00e1n con reposici\u00f3n completa del servicio sanitario rural<\/span><\/strong><\/p>\n<div id=\"gtx-trans\" style=\"position: absolute; left: -50px; top: 4.31534px;\">\n<div class=\"gtx-trans-icon\"><\/div>\n<\/div>\n<\/div><\/section><\/div><div class=\"flex_column av_one_full  flex_column_div av-zero-column-padding first  avia-builder-el-4  el_after_av_one_full  el_before_av_hr  column-top-margin\" style='border-radius:0px; '><section class=\"av_textblock_section \"  itemscope=\"itemscope\" itemtype=\"https:\/\/schema.org\/BlogPosting\" itemprop=\"blogPost\" ><div class='avia_textblock  '   itemprop=\"text\" ><p style=\"text-align: justify;\"><em>\u201cEl a\u00f1o 2024 <\/em><em>est\u00e1 marcado por una inversi\u00f3n hist\u00f3rica, la que supera los 9 mil millones programados este a\u00f1o para mejorar significativamente el acceso y la calidad del agua potable rural en diversas localidades de nuestra regi\u00f3n, entre ellas en Bah\u00eda Murta y Puerto R\u00edo Tranquilo, totalizando 507 familias beneficiadas\u201d, anunci\u00f3 la SEREMI del MOP.<\/em><\/p>\n<p style=\"text-align: justify;\">\u201cVamos a realizar la completa reposici\u00f3n de redes y tambi\u00e9n construiremos un nuevo estanque que va a aportar en la mejora de la presi\u00f3n y distribuci\u00f3n del agua potable rural en Bah\u00eda Murta\u201d, con este anuncio, la Secretaria Regional Ministerial de Obras P\u00fablicas, Paloma Jara Vald\u00e9s, inici\u00f3 su intervenci\u00f3n en reuni\u00f3n sostenida con la comunidad de Bah\u00eda Murta, a quienes inform\u00f3 la ejecuci\u00f3n de nuevas obras para mejorar el abastecimiento de agua potable para las vecinas y vecinos de esta localidad.<\/p>\n<p style=\"text-align: justify;\">La autoridad regional de Obras P\u00fablicas, desarroll\u00f3 un extenso programa de actividades en la zona sur de la regi\u00f3n de Ays\u00e9n junto al Delegado Presidencial Regional Rodrigo Araya Morales y a diversos Servicios P\u00fablicos, sosteniendo reuniones con la comunidad en Cochrane, con el Alcalde de la comuna de Cochrane Jorge Calder\u00f3n y con la Delegada Presidencial de la Provincia Capit\u00e1n Prat Marta Montiel, con los y las funcionarias de Vialidad MOP Provincia Capit\u00e1n Prat; inspeccion\u00f3 las obras en ejecuci\u00f3n del Servicio Sanitario Rural (SSR) en Puerto R\u00edo Tranquilo y comparti\u00f3 buenas noticias con las vecinas y vecinos de Bah\u00eda Murta.<\/p>\n<p style=\"text-align: justify;\">En la oportunidad, la SEREMI del MOP destac\u00f3 que el a\u00f1o 2024 est\u00e1 marcado por una inversi\u00f3n hist\u00f3rica, la que supera los 9 mil millones programados este a\u00f1o, para mejorar significativamente el acceso y la calidad del agua potable rural en diversas localidades de nuestra regi\u00f3n, entre ellas en Bah\u00eda Murta y Puerto R\u00edo Tranquilo, totalizando 507 familias beneficiadas. En este sentido, relev\u00f3 \u201cestuvimos en Puerto R\u00edo Tranquilo en donde estamos haciendo un mejoramiento muy importante de m\u00e1s de cinco mil millones de inversi\u00f3n de nuestra Direcci\u00f3n Regional de Obras Hidr\u00e1ulicas, lo que permitir\u00e1 que se mejoren cerca de 284 arranques domiciliarios\u201d.<\/p>\n<p style=\"text-align: justify;\">Paloma Jara, agreg\u00f3 que en la oportunidad \u201cles transmitimos a los y las vecinas el alcance de las obras y tranquilidad respecto a que el MOP es un buen vecino, y queremos que eso se refleje. Sabemos cu\u00e1nto han costado las veredas y el mejoramiento de las \u00e1reas verdes en Puerto R\u00edo Tranquilo, por lo que es doloroso ver cuando pasa una retroexcavadora que rompe para instalar una red, pero aqu\u00ed corre el sentido del que rompe paga, es decir toda aquella infraestructura que sea da\u00f1ada -ya sea una vereda o \u00e1rea verde- va a ser repuesta durante el contrato, por lo tanto se va a mejorar el aspecto de aqu\u00ed a que termine de ser ejecutado el contrato. Entendemos que a los vecinos de Puerto R\u00edo Tranquilo les preocupa, porque se avecina la \u00e9poca estival y ellos quieren recibir a los turistas con la mejor cara, por lo tanto ya estamos trabajando y se ha hecho un recubrimiento en las veredas para que no se formen barriales y para que ellos puedan tener tambi\u00e9n una mejor calidad de vida\u201d.<\/p>\n<p style=\"text-align: justify;\">La reposici\u00f3n del Servicio Sanitario Rural de Puerto R\u00edo Tranquilo, considera la renovaci\u00f3n completa del sistema de agua potable, incluyendo dos nuevas captaciones desde el sector Lago Tranquilo, sistema de impulsi\u00f3n, sistemas de tratamiento, redes de distribuci\u00f3n, v\u00e1lvulas de corte, v\u00e1lvulas ventosas, pilones de incendio y arranques para proveer de agua potable a las personas.<\/p>\n<p style=\"text-align: justify;\">Por su parte, la presidenta del Servicio Sanitario Rural de Puerto R\u00edo Tranquilo Marcela Calder\u00f3n coment\u00f3 que este sistema de agua potable rural es de los a\u00f1os 80 y que hab\u00eda tenido algunos mejoramientos peque\u00f1os, pero siempre sufr\u00edan por la falta de presi\u00f3n del agua, no prend\u00edan los calef\u00f3n, y en temporada estival siempre ten\u00edan problemas. \u201cAs\u00ed que este era un anhelo muy esperado por la comunidad, que tengamos un mejoramiento del sistema de agua potable. Realmente cuando se desarrolla el proyecto uno no imagina el impacto que va a tener visualmente sobre las veredas y las \u00e1reas verdes, pero yo pienso que hay que tener un poco de paciencia porque al final, como dijo la Seremi, tiene que quedar igual o mejor a como estaba\u201d.<\/p>\n<p style=\"text-align: justify;\">Posteriormente, Paloma Jara y el Subdirector de Servicios Sanitarios Rurales de la Direcci\u00f3n Regional de Obras Hidr\u00e1ulicas del MOP, Pablo Rojas continuaron viaje hasta Bah\u00eda Murta en donde recordaron que el sistema de agua potable de esta localidad fue construido en 1984 para servir a una poblaci\u00f3n inicial de 68 viviendas; y a trav\u00e9s de los a\u00f1os tuvo mantenciones al sistema como el recambio de tuber\u00edas, el mejoramiento del sistema de cloraci\u00f3n, caseta de cloraci\u00f3n y captaci\u00f3n. En la actualidad, existen 189 arranques conectados, y las viviendas son abastecidas desde una captaci\u00f3n superficial y sus aguas impulsadas gravitacionalmente hasta estanque semienterrado de hormig\u00f3n armado de 30m3, previa desinfecci\u00f3n de las aguas, con cloro; desde este estanque se distribuye el agua potable a los distintos sectores alcanzando una longitud total aproximada de 5,6 km.<\/p>\n<p style=\"text-align: justify;\">\u201cTal como est\u00e1 pasando en Puerto R\u00edo Tranquilo el Servicio Sanitario Rural de Bah\u00eda Murta va a recibir un mejoramiento por cerca de 4 mil millones, lo que va a significar que va haber una reposici\u00f3n completa de redes y tambi\u00e9n un nuevo estanque que va a aportar en la mejora de la presi\u00f3n y distribuci\u00f3n del agua potable rural, beneficiando directamente a 223 familias\u201d, anunci\u00f3 la SEREMI del MOP a la comunidad de Bah\u00eda Murta.<\/p>\n<p style=\"text-align: justify;\">Al respecto, la presidenta de la Junta de Vecinos n\u00famero 7 de Bah\u00eda Murta, Maricela C\u00e1rdenas, valor\u00f3 el anuncio del mejoramiento del Servicio Sanitario Rural (SSR- ex APR) que realiz\u00f3 la nueva SEREMI del MOP. \u201cHa sido una excelente noticia que se ven\u00eda esperando desde el a\u00f1o pasado cuando se dio a conocer los fondos cerca de los 4 mil millones de pesos para el recambio del APR de nuestra localidad en donde va a haber un estanque nuevo, va haber mayor potencia para nuestra localidad. Sabemos que Bah\u00eda Murta est\u00e1 creciendo y necesitamos que est\u00e9 acorde para todos los que vivimos aqu\u00ed en la localidad, sobre todo para el suministro del agua. Est\u00e1n todos contentos. Tuvimos harta participaci\u00f3n en la reuni\u00f3n, as\u00ed que se nota que la gente ha tomado de muy buena manera esta noticia\u201d.<\/p>\n<p style=\"text-align: justify;\">En Bah\u00eda Murta, la Direcci\u00f3n Regional de Obras Hidr\u00e1ulicas del MOP realizar\u00e1 la instalaci\u00f3n de un sistema de captaci\u00f3n y desarenado para las aguas extra\u00eddas superficialmente desde estero Sin Nombre, aguas arriba del actual sistema captante, el que quedar\u00e1 fuera de uso. Para esto, se proyecta la construcci\u00f3n de una bocatoma de hormig\u00f3n armado, consistente en un muro de retenci\u00f3n, compuerta, c\u00e1mara h\u00fameda, c\u00e1mara seca, y tambi\u00e9n, una piscina desarenadora; m\u00e1s la construcci\u00f3n de un estanque de hormig\u00f3n armado semienterrado de 200 mt3 de capacidad.<\/p>\n<p style=\"text-align: justify;\">Por su parte, Pablo G\u00f3mez Quiroz, 1\u00b0 Director del Comit\u00e9 del Servicio Sanitario Rural de Bah\u00eda Murta, destac\u00f3 que para \u00e9l es una alegr\u00eda\u00a0 ver adelantos para su comunidad. \u201cEs bienvenido todo y esto muy emocionado, porque es un adelanto para nuestra gente de la localidad, tener agua potable en buenas condiciones, porque aqu\u00ed veo que hace a\u00f1os que no se hac\u00eda una mantenci\u00f3n. Es una emoci\u00f3n ver y tener un proyecto de 4 mil millones de pesos para nuestra localidad, que es una localidad muy peque\u00f1a, es un tremendo premio que hemos logrado conseguir\u201d.<\/p>\n<\/div><\/section><\/div><div  style='height:50px' class='hr hr-invisible   avia-builder-el-6  el_after_av_one_full  el_before_av_social_share '><span class='hr-inner ' ><span class='hr-inner-style'><\/span><\/span><\/div><\/p>\n<div  class='av-social-sharing-box  avia-builder-el-7  el_after_av_hr  el_before_av_hr  '><div class='av-share-box'><h5 class='av-share-link-description av-no-toc '>Compartir esta noticia<\/h5><ul class='av-share-box-list noLightbox'><li class='av-share-link av-social-link-facebook' ><a target=\"_blank\" aria-label=\"Compartir en Facebook\" href='https:\/\/www.facebook.com\/sharer.php?u=https:\/\/radiorevelacionfm.cl\/?p=44888&#038;t=Familias%20de%20Bah%C3%ADa%20Murta%20contar%C3%A1n%20con%20reposici%C3%B3n%20completa%20del%20servicio%20sanitario%20rural' aria-hidden='false' data-av_icon='\ue8f3' data-av_iconfont='entypo-fontello' title='' data-avia-related-tooltip='Compartir en Facebook' rel=\"noopener\"><span class='avia_hidden_link_text'>Compartir en Facebook<\/span><\/a><\/li><li class='av-share-link av-social-link-twitter' ><a target=\"_blank\" aria-label=\"Compartir en Twitter\" href='https:\/\/twitter.com\/share?text=Familias%20de%20Bah%C3%ADa%20Murta%20contar%C3%A1n%20con%20reposici%C3%B3n%20completa%20del%20servicio%20sanitario%20rural&#038;url=https:\/\/radiorevelacionfm.cl\/?p=44888' aria-hidden='false' data-av_icon='\ue8f1' data-av_iconfont='entypo-fontello' title='' data-avia-related-tooltip='Compartir en Twitter' rel=\"noopener\"><span class='avia_hidden_link_text'>Compartir en Twitter<\/span><\/a><\/li><li class='av-share-link av-social-link-whatsapp' ><a target=\"_blank\" aria-label=\"Compartir en Whatsapp\" href='https:\/\/api.whatsapp.com\/send?text=https:\/\/radiorevelacionfm.cl\/?p=44888' aria-hidden='false' data-av_icon='\uf232' data-av_iconfont='entypo-fontello' title='' data-avia-related-tooltip='Compartir en Whatsapp' rel=\"noopener\"><span class='avia_hidden_link_text'>Compartir en Whatsapp<\/span><\/a><\/li><li class='av-share-link av-social-link-linkedin' ><a target=\"_blank\" aria-label=\"Compartir en LinkedIn\" href='https:\/\/linkedin.com\/shareArticle?mini=true&#038;title=Familias%20de%20Bah%C3%ADa%20Murta%20contar%C3%A1n%20con%20reposici%C3%B3n%20completa%20del%20servicio%20sanitario%20rural&#038;url=https:\/\/radiorevelacionfm.cl\/?p=44888' aria-hidden='false' data-av_icon='\ue8fc' data-av_iconfont='entypo-fontello' title='' data-avia-related-tooltip='Compartir en LinkedIn' rel=\"noopener\"><span class='avia_hidden_link_text'>Compartir en LinkedIn<\/span><\/a><\/li><li class='av-share-link av-social-link-mail' ><a  aria-label=\"Compartir por correo\" href='mailto:?subject=Familias%20de%20Bah%C3%ADa%20Murta%20contar%C3%A1n%20con%20reposici%C3%B3n%20completa%20del%20servicio%20sanitario%20rural&#038;body=https:\/\/radiorevelacionfm.cl\/?p=44888' aria-hidden='false' data-av_icon='\ue805' data-av_iconfont='entypo-fontello' title='' data-avia-related-tooltip='Compartir por correo'><span class='avia_hidden_link_text'>Compartir por correo<\/span><\/a><\/li><\/ul><\/div><\/div>\n<div  style='height:50px' class='hr hr-invisible   avia-builder-el-8  el_after_av_social_share  el_before_av_comments_list '><span class='hr-inner ' ><span class='hr-inner-style'><\/span><\/span><\/div>\n<div  class='av-buildercomment  av-blog-meta-html-info-disabled av-blog-meta-tag-disabled  '><\/div>\n","protected":false},"excerpt":{"rendered":"","protected":false},"author":1,"featured_media":44889,"comment_status":"open","ping_status":"open","sticky":false,"template":"","format":"standard","meta":{"footnotes":""},"categories":[38],"tags":[],"class_list":["post-44888","post","type-post","status-publish","format-standard","has-post-thumbnail","hentry","category-regional"],"jetpack_featured_media_url":"https:\/\/radiorevelacionfm.cl\/wp-content\/uploads\/2024\/08\/personal-vialidad-mop-1_optimized-1.jpg","_links":{"self":[{"href":"https:\/\/radiorevelacionfm.cl\/index.php?rest_route=\/wp\/v2\/posts\/44888","targetHints":{"allow":["GET"]}}],"collection":[{"href":"https:\/\/radiorevelacionfm.cl\/index.php?rest_route=\/wp\/v2\/posts"}],"about":[{"href":"https:\/\/radiorevelacionfm.cl\/index.php?rest_route=\/wp\/v2\/types\/post"}],"author":[{"embeddable":true,"href":"https:\/\/radiorevelacionfm.cl\/index.php?rest_route=\/wp\/v2\/users\/1"}],"replies":[{"embeddable":true,"href":"https:\/\/radiorevelacionfm.cl\/index.php?rest_route=%2Fwp%2Fv2%2Fcomments&post=44888"}],"version-history":[{"count":1,"href":"https:\/\/radiorevelacionfm.cl\/index.php?rest_route=\/wp\/v2\/posts\/44888\/revisions"}],"predecessor-version":[{"id":44890,"href":"https:\/\/radiorevelacionfm.cl\/index.php?rest_route=\/wp\/v2\/posts\/44888\/revisions\/44890"}],"wp:featuredmedia":[{"embeddable":true,"href":"https:\/\/radiorevelacionfm.cl\/index.php?rest_route=\/wp\/v2\/media\/44889"}],"wp:attachment":[{"href":"https:\/\/radiorevelacionfm.cl\/index.php?rest_route=%2Fwp%2Fv2%2Fmedia&parent=44888"}],"wp:term":[{"taxonomy":"category","embeddable":true,"href":"https:\/\/radiorevelacionfm.cl\/index.php?rest_route=%2Fwp%2Fv2%2Fcategories&post=44888"},{"taxonomy":"post_tag","embeddable":true,"href":"https:\/\/radiorevelacionfm.cl\/index.php?rest_route=%2Fwp%2Fv2%2Ftags&post=44888"}],"curies":[{"name":"wp","href":"https:\/\/api.w.org\/{rel}","templated":true}]}}