{"id":44885,"date":"2024-08-06T21:03:23","date_gmt":"2024-08-07T00:03:23","guid":{"rendered":"https:\/\/radiorevelacionfm.cl\/?p=44885"},"modified":"2024-08-06T21:03:23","modified_gmt":"2024-08-07T00:03:23","slug":"carabineros-detuvo-por-segunda-vez-en-menos-de-24-horas-a-sujeto-esta-vez-por-robo-con-intimidacion-en-caracter-de-frustrado","status":"publish","type":"post","link":"https:\/\/radiorevelacionfm.cl\/?p=44885","title":{"rendered":"Carabineros detuvo por segunda vez en menos de 24 horas a sujeto, esta vez por robo con intimidaci\u00f3n en car\u00e1cter de frustrado"},"content":{"rendered":"<div class=\"flex_column av_one_full  flex_column_div av-zero-column-padding first  avia-builder-el-0  el_before_av_one_full  avia-builder-el-first  \" style='border-radius:0px; '><div  class='avia-image-container  av-styling-    avia-builder-el-1  avia-builder-el-no-sibling  avia-align-center '  itemprop=\"image\" itemscope=\"itemscope\" itemtype=\"https:\/\/schema.org\/ImageObject\"  ><div class='avia-image-container-inner'><div class='avia-image-overlay-wrap'><img decoding=\"async\" class='wp-image-44886 avia-img-lazy-loading-not-44886 avia_image' src=\"https:\/\/radiorevelacionfm.cl\/wp-content\/uploads\/2024\/08\/carabineros2024-1_optimized-1-1.jpg\" alt='' title='carabineros2024-(1)_optimized (1) (1)' height=\"600\" width=\"800\"  itemprop=\"thumbnailUrl\" srcset=\"https:\/\/radiorevelacionfm.cl\/wp-content\/uploads\/2024\/08\/carabineros2024-1_optimized-1-1.jpg 800w, https:\/\/radiorevelacionfm.cl\/wp-content\/uploads\/2024\/08\/carabineros2024-1_optimized-1-1-300x225.jpg 300w, https:\/\/radiorevelacionfm.cl\/wp-content\/uploads\/2024\/08\/carabineros2024-1_optimized-1-1-768x576.jpg 768w, https:\/\/radiorevelacionfm.cl\/wp-content\/uploads\/2024\/08\/carabineros2024-1_optimized-1-1-705x529.jpg 705w, https:\/\/radiorevelacionfm.cl\/wp-content\/uploads\/2024\/08\/carabineros2024-1_optimized-1-1-450x338.jpg 450w, https:\/\/radiorevelacionfm.cl\/wp-content\/uploads\/2024\/08\/carabineros2024-1_optimized-1-1-600x450.jpg 600w\" sizes=\"(max-width: 800px) 100vw, 800px\" \/><\/div><\/div><\/div><\/div><div class=\"flex_column av_one_full  flex_column_div av-zero-column-padding first  avia-builder-el-2  el_after_av_one_full  el_before_av_one_full  column-top-margin\" style='border-radius:0px; '><section class=\"av_textblock_section \"  itemscope=\"itemscope\" itemtype=\"https:\/\/schema.org\/BlogPosting\" itemprop=\"blogPost\" ><div class='avia_textblock  '   itemprop=\"text\" ><p style=\"text-align: center;\"><strong><span style=\"font-size: 18pt;\">Carabineros detuvo por segunda vez en menos de 24 horas a sujeto, esta vez por robo con intimidaci\u00f3n en car\u00e1cter de frustrado<\/span><\/strong><\/p>\n<div id=\"gtx-trans\" style=\"position: absolute; left: -50px; top: 4.31534px;\">\n<div class=\"gtx-trans-icon\"><\/div>\n<\/div>\n<\/div><\/section><\/div><div class=\"flex_column av_one_full  flex_column_div av-zero-column-padding first  avia-builder-el-4  el_after_av_one_full  el_before_av_hr  column-top-margin\" style='border-radius:0px; '><section class=\"av_textblock_section \"  itemscope=\"itemscope\" itemtype=\"https:\/\/schema.org\/BlogPosting\" itemprop=\"blogPost\" ><div class='avia_textblock  '   itemprop=\"text\" ><div>\n<p class=\"v1gmail-MsoListParagraphCxSpFirst\" style=\"text-align: justify;\"><em><span lang=\"ES-MX\">El individuo quien posee 14 reiteraciones previas registra participaci\u00f3n en otros tres delitos en las \u00faltimas 72 horas, entre estos: agresi\u00f3n con arma blanca, siendo m\u00e1s tarde v\u00edctima de este mismo il\u00edcito.<\/span><\/em><\/p>\n<p class=\"v1gmail-MsoListParagraphCxSpLast\" style=\"text-align: justify;\"><em><span lang=\"ES-MX\">El individuo qued\u00f3 hospitalizado, recinto desde el cual se habr\u00eda fugado, cometiendo luego un delito de hurto a un local comercial. Tras quedar en libertad habr\u00eda perpetrado -momentos m\u00e1s tarde- un delito de robo con intimidaci\u00f3n en car\u00e1cter de frustrado.<\/span><\/em><\/p>\n<p class=\"v1MsoNormal\" style=\"text-align: justify;\"><span lang=\"ES-MX\">Diligencias desarrolladas por Carabineros de Coyhaique permitieron detener por segunda vez en menos de 24 horas a sujeto por los delitos de hurto y robo con intimidaci\u00f3n en car\u00e1cter de frustrado en contra de un local comercial de esta ciudad.<\/span><\/p>\n<p class=\"v1MsoNormal\" style=\"text-align: justify;\"><span lang=\"ES-MX\">El il\u00edcito se registr\u00f3 pocos minutos despu\u00e9s de haber quedado en libertad tras haber sido formalizado por un delito de hurto al interior de un local comercial, hecho ocurrido el d\u00eda lunes y por el cual hab\u00eda sido detenido por Carabineros.<\/span><\/p>\n<p class=\"v1MsoNormal\" style=\"text-align: justify;\"><span lang=\"ES-MX\">\u00abCon las caracter\u00edsticas otorgadas por las v\u00edctimas de este delito, Carabineros efectu\u00f3 un patrullaje preventivo por las inmediaciones de este local comercial, logrando dar con una persona con las mismas caracter\u00edsticas, siendo detenido\u00bb, indic\u00f3 el Comisario de Coyhaique, Mayor Gerardo Gonz\u00e1lez L\u00f3pez.<\/span><\/p>\n<p class=\"v1MsoNormal\" style=\"text-align: justify;\"><span lang=\"ES-MX\">Tras lo anterior, el sujeto pas\u00f3 la noche al interior de la Comisar\u00eda siendo derivado esta ma\u00f1ana a la audiencia de control de detenci\u00f3n, tras la cual fue dejado en libertad.<\/span><\/p>\n<p class=\"v1MsoNormal\" style=\"text-align: justify;\"><span lang=\"ES-MX\">\u00abInmediatamente, cerca de las 14:00 horas comete otro delito, en este caso, un robo con intimidaci\u00f3n a trav\u00e9s de un cuchillo de unos 40 cent\u00edmetros. Gracias a la reacci\u00f3n de las personas que trabajan y que se encontraban en el local comercial, es que logran ahuyentar a esta persona y frustrar este robo con intimidaci\u00f3n. Carabineros al verificar las caracter\u00edsticas otorgadas y al revisar los registros de las c\u00e1maras de seguridad, logra determinar que se trata de la misma persona\u00bb, expres\u00f3.<\/span><\/p>\n<p class=\"v1MsoNormal\" style=\"text-align: justify;\"><span lang=\"ES-MX\">Ante esto, Carabineros de Coyhaique se aboc\u00f3 al desarrollo de diversas diligencias, concurriendo a los lugares frecuentados por este sujeto, as\u00ed como el domicilio donde pernocta \u00aby logra su detenci\u00f3n por segunda vez en menos de 24 horas, y ahora por el delito de robo con intimidaci\u00f3n en calidad de frustrado\u00bb, se\u00f1al\u00f3 el Oficial.<\/span><\/p>\n<p class=\"v1MsoNormal\" style=\"text-align: justify;\"><b><span lang=\"ES-MX\">Participaci\u00f3n en otros hechos<\/span><\/b><\/p>\n<p class=\"v1MsoNormal\" style=\"text-align: justify;\"><span lang=\"ES-MX\">El Comisario de Coyhaique a\u00f1adi\u00f3 que el imputado registra un amplio compromiso delictual con 14 detenciones previas por parte de Carabineros, por diversos delitos, entre los que destacan lesiones, amenazas, maltrato de obra a Carabineros de servicio, entre otros.<\/span><\/p>\n<p class=\"v1MsoNormal\" style=\"text-align: justify;\"><span lang=\"ES-MX\">\u00abSolamente en este fin de semana hab\u00eda tenido participaci\u00f3n en tres hechos delictuales, aparte del hecho registrado esta tarde\u00bb, indic\u00f3.<\/span><\/p>\n<p class=\"v1MsoNormal\" style=\"text-align: justify;\"><span lang=\"ES-MX\">\u00abEl fin de semana \u00e9l fue denunciado como autor de una agresi\u00f3n con arma blanca y posteriormente \u00e9l fue v\u00edctima de una agresi\u00f3n con arma blanca bastante grave que le ocasion\u00f3 un sangrado profuso, hecho ocurrido el d\u00eda domingo frente a Sodimac de Coyhaique, con lo cual qued\u00f3 hospitalizado y posteriormente esta persona se habr\u00eda fugado del hospital y habr\u00eda comenzado a cometer todos estos delitos\u00bb, detall\u00f3 el Mayor Gonz\u00e1lez.<\/span><\/p>\n<p class=\"v1MsoNormal\" style=\"text-align: justify;\"><span lang=\"ES-MX\">Los antecedentes del procedimiento fueron puestos en conocimiento de la Fiscal\u00eda que dirige investigaci\u00f3n por este hecho.<\/span><\/p>\n<p class=\"v1MsoNormal\" style=\"text-align: justify;\"><span lang=\"ES-MX\">Desde enero al 28 de julio de 2024, Carabineros ha detenido a 2.676 personas por diversos delitos, de los cuales 51 son por robo (65% registra detenciones previas por parte de Carabineros) y 92 por el delito de hurto, de los cuales el 49% registra detenciones previas.<\/span><\/p>\n<\/div>\n<div style=\"text-align: justify;\"><\/div>\n<\/div><\/section><\/div><div  style='height:50px' class='hr hr-invisible   avia-builder-el-6  el_after_av_one_full  el_before_av_social_share '><span class='hr-inner ' ><span class='hr-inner-style'><\/span><\/span><\/div><\/p>\n<div  class='av-social-sharing-box  avia-builder-el-7  el_after_av_hr  el_before_av_hr  '><div class='av-share-box'><h5 class='av-share-link-description av-no-toc '>Compartir esta noticia<\/h5><ul class='av-share-box-list noLightbox'><li class='av-share-link av-social-link-facebook' ><a target=\"_blank\" aria-label=\"Compartir en Facebook\" href='https:\/\/www.facebook.com\/sharer.php?u=https:\/\/radiorevelacionfm.cl\/?p=44885&#038;t=Carabineros%20detuvo%20por%20segunda%20vez%20en%20menos%20de%2024%20horas%20a%20sujeto%2C%20esta%20vez%20por%20robo%20con%20intimidaci%C3%B3n%20en%20car%C3%A1cter%20de%20frustrado' aria-hidden='false' data-av_icon='\ue8f3' data-av_iconfont='entypo-fontello' title='' data-avia-related-tooltip='Compartir en Facebook' rel=\"noopener\"><span class='avia_hidden_link_text'>Compartir en Facebook<\/span><\/a><\/li><li class='av-share-link av-social-link-twitter' ><a target=\"_blank\" aria-label=\"Compartir en Twitter\" href='https:\/\/twitter.com\/share?text=Carabineros%20detuvo%20por%20segunda%20vez%20en%20menos%20de%2024%20horas%20a%20sujeto%2C%20esta%20vez%20por%20robo%20con%20intimidaci%C3%B3n%20en%20car%C3%A1cter%20de%20frustrado&#038;url=https:\/\/radiorevelacionfm.cl\/?p=44885' aria-hidden='false' data-av_icon='\ue8f1' data-av_iconfont='entypo-fontello' title='' data-avia-related-tooltip='Compartir en Twitter' rel=\"noopener\"><span class='avia_hidden_link_text'>Compartir en Twitter<\/span><\/a><\/li><li class='av-share-link av-social-link-whatsapp' ><a target=\"_blank\" aria-label=\"Compartir en Whatsapp\" href='https:\/\/api.whatsapp.com\/send?text=https:\/\/radiorevelacionfm.cl\/?p=44885' aria-hidden='false' data-av_icon='\uf232' data-av_iconfont='entypo-fontello' title='' data-avia-related-tooltip='Compartir en Whatsapp' rel=\"noopener\"><span class='avia_hidden_link_text'>Compartir en Whatsapp<\/span><\/a><\/li><li class='av-share-link av-social-link-linkedin' ><a target=\"_blank\" aria-label=\"Compartir en LinkedIn\" href='https:\/\/linkedin.com\/shareArticle?mini=true&#038;title=Carabineros%20detuvo%20por%20segunda%20vez%20en%20menos%20de%2024%20horas%20a%20sujeto%2C%20esta%20vez%20por%20robo%20con%20intimidaci%C3%B3n%20en%20car%C3%A1cter%20de%20frustrado&#038;url=https:\/\/radiorevelacionfm.cl\/?p=44885' aria-hidden='false' data-av_icon='\ue8fc' data-av_iconfont='entypo-fontello' title='' data-avia-related-tooltip='Compartir en LinkedIn' rel=\"noopener\"><span class='avia_hidden_link_text'>Compartir en LinkedIn<\/span><\/a><\/li><li class='av-share-link av-social-link-mail' ><a  aria-label=\"Compartir por correo\" href='mailto:?subject=Carabineros%20detuvo%20por%20segunda%20vez%20en%20menos%20de%2024%20horas%20a%20sujeto%2C%20esta%20vez%20por%20robo%20con%20intimidaci%C3%B3n%20en%20car%C3%A1cter%20de%20frustrado&#038;body=https:\/\/radiorevelacionfm.cl\/?p=44885' aria-hidden='false' data-av_icon='\ue805' data-av_iconfont='entypo-fontello' title='' data-avia-related-tooltip='Compartir por correo'><span class='avia_hidden_link_text'>Compartir por correo<\/span><\/a><\/li><\/ul><\/div><\/div>\n<div  style='height:50px' class='hr hr-invisible   avia-builder-el-8  el_after_av_social_share  el_before_av_comments_list '><span class='hr-inner ' ><span class='hr-inner-style'><\/span><\/span><\/div>\n<div  class='av-buildercomment  av-blog-meta-html-info-disabled av-blog-meta-tag-disabled  '><\/div>\n","protected":false},"excerpt":{"rendered":"","protected":false},"author":1,"featured_media":44886,"comment_status":"open","ping_status":"open","sticky":false,"template":"","format":"standard","meta":{"footnotes":""},"categories":[36],"tags":[],"class_list":["post-44885","post","type-post","status-publish","format-standard","has-post-thumbnail","hentry","category-policial"],"jetpack_featured_media_url":"https:\/\/radiorevelacionfm.cl\/wp-content\/uploads\/2024\/08\/carabineros2024-1_optimized-1-1.jpg","_links":{"self":[{"href":"https:\/\/radiorevelacionfm.cl\/index.php?rest_route=\/wp\/v2\/posts\/44885","targetHints":{"allow":["GET"]}}],"collection":[{"href":"https:\/\/radiorevelacionfm.cl\/index.php?rest_route=\/wp\/v2\/posts"}],"about":[{"href":"https:\/\/radiorevelacionfm.cl\/index.php?rest_route=\/wp\/v2\/types\/post"}],"author":[{"embeddable":true,"href":"https:\/\/radiorevelacionfm.cl\/index.php?rest_route=\/wp\/v2\/users\/1"}],"replies":[{"embeddable":true,"href":"https:\/\/radiorevelacionfm.cl\/index.php?rest_route=%2Fwp%2Fv2%2Fcomments&post=44885"}],"version-history":[{"count":1,"href":"https:\/\/radiorevelacionfm.cl\/index.php?rest_route=\/wp\/v2\/posts\/44885\/revisions"}],"predecessor-version":[{"id":44887,"href":"https:\/\/radiorevelacionfm.cl\/index.php?rest_route=\/wp\/v2\/posts\/44885\/revisions\/44887"}],"wp:featuredmedia":[{"embeddable":true,"href":"https:\/\/radiorevelacionfm.cl\/index.php?rest_route=\/wp\/v2\/media\/44886"}],"wp:attachment":[{"href":"https:\/\/radiorevelacionfm.cl\/index.php?rest_route=%2Fwp%2Fv2%2Fmedia&parent=44885"}],"wp:term":[{"taxonomy":"category","embeddable":true,"href":"https:\/\/radiorevelacionfm.cl\/index.php?rest_route=%2Fwp%2Fv2%2Fcategories&post=44885"},{"taxonomy":"post_tag","embeddable":true,"href":"https:\/\/radiorevelacionfm.cl\/index.php?rest_route=%2Fwp%2Fv2%2Ftags&post=44885"}],"curies":[{"name":"wp","href":"https:\/\/api.w.org\/{rel}","templated":true}]}}