{"id":44880,"date":"2024-08-06T23:14:20","date_gmt":"2024-08-07T02:14:20","guid":{"rendered":"https:\/\/radiorevelacionfm.cl\/?p=44880"},"modified":"2024-08-06T23:16:45","modified_gmt":"2024-08-07T02:16:45","slug":"sernameg-convoca-sesion-extraordinaria-del-circuito-intersectorial-de-femicidios-tras-ola-de-casos-de-violencia-en-la-region","status":"publish","type":"post","link":"https:\/\/radiorevelacionfm.cl\/?p=44880","title":{"rendered":"Tras ola de casos de violencia en la regi\u00f3n SernamEG convoca sesi\u00f3n extraordinaria del Circuito Intersectorial de Femicidios"},"content":{"rendered":"<div class=\"flex_column av_one_full  flex_column_div av-zero-column-padding first  avia-builder-el-0  el_before_av_one_full  avia-builder-el-first  \" style='border-radius:0px; '><div  class='avia-image-container  av-styling-    avia-builder-el-1  avia-builder-el-no-sibling  avia-align-center '  itemprop=\"image\" itemscope=\"itemscope\" itemtype=\"https:\/\/schema.org\/ImageObject\"  ><div class='avia-image-container-inner'><div class='avia-image-overlay-wrap'><img decoding=\"async\" class='wp-image-44881 avia-img-lazy-loading-not-44881 avia_image' src=\"https:\/\/radiorevelacionfm.cl\/wp-content\/uploads\/2024\/08\/cif-extra-2-2_optimized.jpeg\" alt='' title='cif-extra-2-(2)_optimized' height=\"600\" width=\"800\"  itemprop=\"thumbnailUrl\" srcset=\"https:\/\/radiorevelacionfm.cl\/wp-content\/uploads\/2024\/08\/cif-extra-2-2_optimized.jpeg 800w, https:\/\/radiorevelacionfm.cl\/wp-content\/uploads\/2024\/08\/cif-extra-2-2_optimized-300x225.jpeg 300w, https:\/\/radiorevelacionfm.cl\/wp-content\/uploads\/2024\/08\/cif-extra-2-2_optimized-768x576.jpeg 768w, https:\/\/radiorevelacionfm.cl\/wp-content\/uploads\/2024\/08\/cif-extra-2-2_optimized-705x529.jpeg 705w, https:\/\/radiorevelacionfm.cl\/wp-content\/uploads\/2024\/08\/cif-extra-2-2_optimized-450x338.jpeg 450w, https:\/\/radiorevelacionfm.cl\/wp-content\/uploads\/2024\/08\/cif-extra-2-2_optimized-600x450.jpeg 600w\" sizes=\"(max-width: 800px) 100vw, 800px\" \/><\/div><\/div><\/div><\/div>\n<div class=\"flex_column av_one_full  flex_column_div av-zero-column-padding first  avia-builder-el-2  el_after_av_one_full  el_before_av_one_full  column-top-margin\" style='border-radius:0px; '><section class=\"av_textblock_section \"  itemscope=\"itemscope\" itemtype=\"https:\/\/schema.org\/BlogPosting\" itemprop=\"blogPost\" ><div class='avia_textblock  '   itemprop=\"text\" ><p style=\"text-align: center;\"><strong><span style=\"font-size: 18pt;\">Tras ola de casos de violencia en la regi\u00f3n SernamEG convoca sesi\u00f3n extraordinaria del Circuito Intersectorial de Femicidios <\/span><\/strong><\/p>\n<div id=\"gtx-trans\" style=\"position: absolute; left: -50px; top: 4.31534px;\">\n<div class=\"gtx-trans-icon\"><\/div>\n<\/div>\n<\/div><\/section><\/div><div class=\"flex_column av_one_full  flex_column_div av-zero-column-padding first  avia-builder-el-4  el_after_av_one_full  el_before_av_hr  column-top-margin\" style='border-radius:0px; '><section class=\"av_textblock_section \"  itemscope=\"itemscope\" itemtype=\"https:\/\/schema.org\/BlogPosting\" itemprop=\"blogPost\" ><div class='avia_textblock  '   itemprop=\"text\" ><p dir=\"ltr\" style=\"text-align: justify;\">Luego de que el mes de agosto comenzara con nuevos casos graves de violencia contra mujeres en la comuna de Coyhaique, la Directora Regional del Servicio Nacional de la Mujer y la Equidad de G\u00e9nero (SernamEG), Patricia Baeza Cabezas, inform\u00f3 que convocar\u00e1 a una sesi\u00f3n extraordinaria del Circuito Intersectorial de Femicidios (CIF) para coordinar a las instituciones del Estado ante la gran cantidad de denuncias que est\u00e1n surgiendo a ra\u00edz de este tipo de delitos.<\/p>\n<p dir=\"ltr\" style=\"text-align: justify;\">\u00abTras los casos de connotaci\u00f3n p\u00fablica de violencia intrafamiliar y femicidios frustrados que hemos tenido en este \u00faltimo tiempo en la Regi\u00f3n de Ays\u00e9n, comentar y reiterar la informaci\u00f3n de que las mujeres est\u00e1n siendo atendidas por nuestros dispositivos, recibiendo apoyo tanto jur\u00eddico como psicosocial, para poder abordar el trauma que se ha producido despu\u00e9s de estos episodios de violencia\u00bb, se\u00f1al\u00f3 en primer lugar la Directora Regional de SernamEG.<\/p>\n<p dir=\"ltr\" style=\"text-align: justify;\">\u00abEn ese mismo sentido, queremos se\u00f1alar que, tras los altos \u00edndices de violencia que se est\u00e1n dando, y a lo cual nos estamos viendo expuestos como regi\u00f3n, es que como Servicio Nacional de la Mujer y la Equidad de G\u00e9nero vamos a convocar a un CIF extraordinario, y a todas las autoridades de los distintos servicios p\u00fablicos e institucionalidad del Estado, para abordar esta problem\u00e1tica de manera conjunta y coordinada. Y en esta misma instancia, hemos decidido tambi\u00e9n convocar al Servicio de Salud, que cumple un rol bastante importante en estos procedimientos\u00bb, comunic\u00f3 Patricia Baeza Cabezas.<\/p>\n<p dir=\"ltr\" style=\"text-align: justify;\">Esta instancia de coordinaci\u00f3n interinstitucional se hace necesaria debido a que en la Regi\u00f3n de Ays\u00e9n, concentrados principalmente en la capital, desde el 4 de julio al 4 de agosto hubo m\u00e1s de una decena de casos de connotaci\u00f3n p\u00fablica de violencia contra las mujeres, desde lesiones menos graves en contexto de violencia intrafamiliar, hasta femicidios tentados y violaciones.<\/p>\n<p dir=\"ltr\" style=\"text-align: justify;\">\u00abLa violencia contra las mujeres constituye un problema social grave que tiene distintas etapas, y en cada una de esas etapas involucra a distintas instituciones. As\u00ed lo hemos dejado de manifiesto en la Ley Integral, que present\u00f3 el Gobierno y que ya se encuentra en vigencia (&#8230;) a nivel regional nosotras hacemos un llamado justamente a materializar la inspiraci\u00f3n de nuestra Ley Integral, que tiene que ver con articularse, coordinarse, amplificar un relato preventivo y realizar todos nuestros esfuerzos para que, una vez padecida esta violencia, actuemos de la mejor manera, evitando todo ejercicio de revictimizaci\u00f3n\u00bb, explic\u00f3 por su parte la Seremi de la Mujer y la Equidad de G\u00e9nero de Ays\u00e9n, Andrea M\u00e9ndez Valenzuela.<\/p>\n<p dir=\"ltr\" style=\"text-align: justify;\">Las instituciones que conforman el CIF son: SernamEG, Seremi de la Mujer y la Equidad de G\u00e9nero, \u2060Fiscal\u00eda, Servicio Atenci\u00f3n Especializada a la Ni\u00f1ez y Adolescencia, Servicio M\u00e9dico Legal, Carabineros, Polic\u00eda de Investigaciones, Subsecretar\u00eda de Prevenci\u00f3n del Delito y el Centro de Apoyo a V\u00edctimas, sum\u00e1ndose en esta instancia en particular al Servicio de Salud P\u00fablica de Ays\u00e9n.<\/p>\n<\/div><\/section><\/div><\/p>\n<div  style='height:50px' class='hr hr-invisible   avia-builder-el-6  el_after_av_one_full  el_before_av_social_share '><span class='hr-inner ' ><span class='hr-inner-style'><\/span><\/span><\/div>\n<div  class='av-social-sharing-box  avia-builder-el-7  el_after_av_hr  el_before_av_hr  '><div class='av-share-box'><h5 class='av-share-link-description av-no-toc '>Compartir esta noticia<\/h5><ul class='av-share-box-list noLightbox'><li class='av-share-link av-social-link-facebook' ><a target=\"_blank\" aria-label=\"Compartir en Facebook\" href='https:\/\/www.facebook.com\/sharer.php?u=https:\/\/radiorevelacionfm.cl\/?p=44880&#038;t=Tras%20ola%20de%20casos%20de%20violencia%20en%20la%20regi%C3%B3n%20SernamEG%20convoca%20sesi%C3%B3n%20extraordinaria%20del%20Circuito%20Intersectorial%20de%20Femicidios' aria-hidden='false' data-av_icon='\ue8f3' data-av_iconfont='entypo-fontello' title='' data-avia-related-tooltip='Compartir en Facebook' rel=\"noopener\"><span class='avia_hidden_link_text'>Compartir en Facebook<\/span><\/a><\/li><li class='av-share-link av-social-link-twitter' ><a target=\"_blank\" aria-label=\"Compartir en Twitter\" href='https:\/\/twitter.com\/share?text=Tras%20ola%20de%20casos%20de%20violencia%20en%20la%20regi%C3%B3n%20SernamEG%20convoca%20sesi%C3%B3n%20extraordinaria%20del%20Circuito%20Intersectorial%20de%20Femicidios&#038;url=https:\/\/radiorevelacionfm.cl\/?p=44880' aria-hidden='false' data-av_icon='\ue8f1' data-av_iconfont='entypo-fontello' title='' data-avia-related-tooltip='Compartir en Twitter' rel=\"noopener\"><span class='avia_hidden_link_text'>Compartir en Twitter<\/span><\/a><\/li><li class='av-share-link av-social-link-whatsapp' ><a target=\"_blank\" aria-label=\"Compartir en Whatsapp\" href='https:\/\/api.whatsapp.com\/send?text=https:\/\/radiorevelacionfm.cl\/?p=44880' aria-hidden='false' data-av_icon='\uf232' data-av_iconfont='entypo-fontello' title='' data-avia-related-tooltip='Compartir en Whatsapp' rel=\"noopener\"><span class='avia_hidden_link_text'>Compartir en Whatsapp<\/span><\/a><\/li><li class='av-share-link av-social-link-linkedin' ><a target=\"_blank\" aria-label=\"Compartir en LinkedIn\" href='https:\/\/linkedin.com\/shareArticle?mini=true&#038;title=Tras%20ola%20de%20casos%20de%20violencia%20en%20la%20regi%C3%B3n%20SernamEG%20convoca%20sesi%C3%B3n%20extraordinaria%20del%20Circuito%20Intersectorial%20de%20Femicidios&#038;url=https:\/\/radiorevelacionfm.cl\/?p=44880' aria-hidden='false' data-av_icon='\ue8fc' data-av_iconfont='entypo-fontello' title='' data-avia-related-tooltip='Compartir en LinkedIn' rel=\"noopener\"><span class='avia_hidden_link_text'>Compartir en LinkedIn<\/span><\/a><\/li><li class='av-share-link av-social-link-mail' ><a  aria-label=\"Compartir por correo\" href='mailto:?subject=Tras%20ola%20de%20casos%20de%20violencia%20en%20la%20regi%C3%B3n%20SernamEG%20convoca%20sesi%C3%B3n%20extraordinaria%20del%20Circuito%20Intersectorial%20de%20Femicidios&#038;body=https:\/\/radiorevelacionfm.cl\/?p=44880' aria-hidden='false' data-av_icon='\ue805' data-av_iconfont='entypo-fontello' title='' data-avia-related-tooltip='Compartir por correo'><span class='avia_hidden_link_text'>Compartir por correo<\/span><\/a><\/li><\/ul><\/div><\/div>\n<div  style='height:50px' class='hr hr-invisible   avia-builder-el-8  el_after_av_social_share  el_before_av_comments_list '><span class='hr-inner ' ><span class='hr-inner-style'><\/span><\/span><\/div>\n<div  class='av-buildercomment  av-blog-meta-html-info-disabled av-blog-meta-tag-disabled  '><\/div>\n","protected":false},"excerpt":{"rendered":"","protected":false},"author":1,"featured_media":44881,"comment_status":"open","ping_status":"open","sticky":false,"template":"","format":"standard","meta":{"footnotes":""},"categories":[38],"tags":[],"class_list":["post-44880","post","type-post","status-publish","format-standard","has-post-thumbnail","hentry","category-regional"],"jetpack_featured_media_url":"https:\/\/radiorevelacionfm.cl\/wp-content\/uploads\/2024\/08\/cif-extra-2-2_optimized.jpeg","_links":{"self":[{"href":"https:\/\/radiorevelacionfm.cl\/index.php?rest_route=\/wp\/v2\/posts\/44880","targetHints":{"allow":["GET"]}}],"collection":[{"href":"https:\/\/radiorevelacionfm.cl\/index.php?rest_route=\/wp\/v2\/posts"}],"about":[{"href":"https:\/\/radiorevelacionfm.cl\/index.php?rest_route=\/wp\/v2\/types\/post"}],"author":[{"embeddable":true,"href":"https:\/\/radiorevelacionfm.cl\/index.php?rest_route=\/wp\/v2\/users\/1"}],"replies":[{"embeddable":true,"href":"https:\/\/radiorevelacionfm.cl\/index.php?rest_route=%2Fwp%2Fv2%2Fcomments&post=44880"}],"version-history":[{"count":3,"href":"https:\/\/radiorevelacionfm.cl\/index.php?rest_route=\/wp\/v2\/posts\/44880\/revisions"}],"predecessor-version":[{"id":44892,"href":"https:\/\/radiorevelacionfm.cl\/index.php?rest_route=\/wp\/v2\/posts\/44880\/revisions\/44892"}],"wp:featuredmedia":[{"embeddable":true,"href":"https:\/\/radiorevelacionfm.cl\/index.php?rest_route=\/wp\/v2\/media\/44881"}],"wp:attachment":[{"href":"https:\/\/radiorevelacionfm.cl\/index.php?rest_route=%2Fwp%2Fv2%2Fmedia&parent=44880"}],"wp:term":[{"taxonomy":"category","embeddable":true,"href":"https:\/\/radiorevelacionfm.cl\/index.php?rest_route=%2Fwp%2Fv2%2Fcategories&post=44880"},{"taxonomy":"post_tag","embeddable":true,"href":"https:\/\/radiorevelacionfm.cl\/index.php?rest_route=%2Fwp%2Fv2%2Ftags&post=44880"}],"curies":[{"name":"wp","href":"https:\/\/api.w.org\/{rel}","templated":true}]}}