{"id":4488,"date":"2021-05-25T11:24:33","date_gmt":"2021-05-25T14:24:33","guid":{"rendered":"https:\/\/radiorevelacionfm.cl\/?p=4488"},"modified":"2021-05-25T11:24:33","modified_gmt":"2021-05-25T14:24:33","slug":"invitan-a-proveedores-de-la-industria-salmonicultora-a-inscribirse-en-programa-red-de-mentores-del-salmon","status":"publish","type":"post","link":"https:\/\/radiorevelacionfm.cl\/?p=4488","title":{"rendered":"Invitan a proveedores de la industria salmonicultora a inscribirse en programa \u201cRed de Mentores del Salm\u00f3n\u201d"},"content":{"rendered":"<div class=\"flex_column av_one_full  flex_column_div av-zero-column-padding first  avia-builder-el-0  el_before_av_one_full  avia-builder-el-first  \" style='border-radius:0px; '><div  class='avia-image-container  av-styling-    avia-builder-el-1  avia-builder-el-no-sibling  avia-align-center '  itemprop=\"image\" itemscope=\"itemscope\" itemtype=\"https:\/\/schema.org\/ImageObject\"  ><div class='avia-image-container-inner'><div class='avia-image-overlay-wrap'><img decoding=\"async\" class='wp-image-4489 avia-img-lazy-loading-not-4489 avia_image' src=\"https:\/\/radiorevelacionfm.cl\/wp-content\/uploads\/2021\/05\/Centro-cultivo-Aysen-Mowi-684x375-1.jpg\" alt='' title='Centro-cultivo-Aysen-Mowi-684x375 (1)' height=\"620\" width=\"1131\"  itemprop=\"thumbnailUrl\" srcset=\"https:\/\/radiorevelacionfm.cl\/wp-content\/uploads\/2021\/05\/Centro-cultivo-Aysen-Mowi-684x375-1.jpg 1131w, https:\/\/radiorevelacionfm.cl\/wp-content\/uploads\/2021\/05\/Centro-cultivo-Aysen-Mowi-684x375-1-300x164.jpg 300w, https:\/\/radiorevelacionfm.cl\/wp-content\/uploads\/2021\/05\/Centro-cultivo-Aysen-Mowi-684x375-1-1030x565.jpg 1030w, https:\/\/radiorevelacionfm.cl\/wp-content\/uploads\/2021\/05\/Centro-cultivo-Aysen-Mowi-684x375-1-768x421.jpg 768w, https:\/\/radiorevelacionfm.cl\/wp-content\/uploads\/2021\/05\/Centro-cultivo-Aysen-Mowi-684x375-1-705x386.jpg 705w, https:\/\/radiorevelacionfm.cl\/wp-content\/uploads\/2021\/05\/Centro-cultivo-Aysen-Mowi-684x375-1-600x329.jpg 600w\" sizes=\"(max-width: 1131px) 100vw, 1131px\" \/><\/div><\/div><\/div><\/div><div class=\"flex_column av_one_full  flex_column_div av-zero-column-padding first  avia-builder-el-2  el_after_av_one_full  el_before_av_one_full  column-top-margin\" style='border-radius:0px; '><section class=\"av_textblock_section \"  itemscope=\"itemscope\" itemtype=\"https:\/\/schema.org\/BlogPosting\" itemprop=\"blogPost\" ><div class='avia_textblock  '   itemprop=\"text\" ><p style=\"text-align: center;\"><strong><span style=\"font-size: 18pt;\">Invitan a proveedores de la industria salmonicultora a inscribirse en programa \u201cRed de Mentores del Salm\u00f3n\u201d<\/span><\/strong><\/p>\n<div id=\"gtx-trans\" style=\"position: absolute; left: -50px; top: 4.31534px;\">\n<div class=\"gtx-trans-icon\"><\/div>\n<\/div>\n<\/div><\/section><\/div><div class=\"flex_column av_one_full  flex_column_div av-zero-column-padding first  avia-builder-el-4  el_after_av_one_full  el_before_av_hr  column-top-margin\" style='border-radius:0px; '><section class=\"av_textblock_section \"  itemscope=\"itemscope\" itemtype=\"https:\/\/schema.org\/BlogPosting\" itemprop=\"blogPost\" ><div class='avia_textblock  '   itemprop=\"text\" ><p style=\"font-weight: 400; text-align: justify;\">Se inici\u00f3 el per\u00edodo de inscripciones de proveedores de la industria salmonera en el programa \u201cRed de Mentores del Salm\u00f3n\u201d, iniciativa que busca apoyar a la reactivaci\u00f3n econ\u00f3mica de la zona sur del pa\u00eds por medio de mentor\u00edas de gerentes y altos ejecutivos del sector acu\u00edcola. La idea es que dichos profesionales pongan a disposici\u00f3n su talento y experiencia, con la finalidad de potenciar el emprendimiento y la innovaci\u00f3n, a trav\u00e9s de un trabajo conjunto, que estar\u00e1 enfocado en detectar y mejorar las brechas de las empresas participantes.<\/p>\n<p style=\"font-weight: 400; text-align: justify;\">El proyecto es liderado por el Programa Estrat\u00e9gico Mesoregional Salm\u00f3n M\u00e1s Sustentable de Corfo, SalmonChile y Endeavor, instituciones que ya est\u00e1n trabajando en el proceso de inscripci\u00f3n para las empresas proveedoras del rubro.<\/p>\n<p style=\"font-weight: 400; text-align: justify;\">El director de Corfo Ays\u00e9n, Omar Mu\u00f1oz Sierra, hizo un llamado a sumarse a esta iniciativa. \u201cEsta es una interesante oportunidad que permiten acortar las brechas de competitividad de los proveedores de la industria, acci\u00f3n que se suma a lo que desde Corfo hemos venido trabajando desde el a\u00f1o pasado con nuestro Programa Territorial Integrado Fiordos y Canales. Hoy necesitamos que los proveedores tengan m\u00e1s y mejores herramientas, que les permita entregar productos y\/o servicios con un alto est\u00e1ndar de desarrollo, fomentando la econom\u00eda local\u201d.<\/p>\n<p style=\"font-weight: 400; text-align: justify;\">\u201cConfiamos en que en un breve plazo se completen los cupos disponibles y comencemos con el programa, que ser\u00e1 muy valioso, tanto para los mentores como para los emprendedores. Nuestro objetivo como programa estrat\u00e9gico es proyectar este trabajo para los pr\u00f3ximos a\u00f1os e institucionalizarlo. Consideramos que el fortalecimiento de nuestros proveedores redunda en el fortalecimiento de toda la industria\u201d, subray\u00f3 Gonzalo Romero, gerente del Programa Estrat\u00e9gico Mesoregional Salm\u00f3n M\u00e1s Sustentable de Corfo.<\/p>\n<p style=\"font-weight: 400; text-align: justify;\">\u201cEstamos entusiasmados con este proyecto, porque es una ayuda significativa para reactivar el sur. Reitero el llamado a las empresas proveedoras de la industria a que se inscriban en esta iniciativa, porque estamos seguros que las ayudar\u00e1 y las potenciar\u00e1 en este dif\u00edcil momento por el que estamos pasando\u201d, indic\u00f3 el presidente de SalmonChile, Arturo Cl\u00e9ment.<\/p>\n<p style=\"font-weight: 400; text-align: justify;\">Desde Endeavor Chile tambi\u00e9n llamaron a los emprendedores, que son proveedores de la industria del salm\u00f3n, a tomar esta oportunidad \u00fanica y que ser\u00e1 de gran beneficio en sus empresas. \u201cPocas veces los emprendedores tienen acceso a conversaciones constructivas, enfocadas al impacto de sus emprendimientos y desinteresadas con mentores de su industria, con expertos que aportar\u00e1n no solo sus conocimientos de negocios, si no que de la industria en particular de la cual son parte activa\u201d, asever\u00f3 Ver\u00f3nica Burgos, encargada de Red &amp; Actividades Corporativas de Endeavor Chile.<\/p>\n<p style=\"font-weight: 400; text-align: justify;\"><strong>Plazos para postular<\/strong><\/p>\n<p style=\"font-weight: 400; text-align: justify;\">La iniciativa tendr\u00e1 una duraci\u00f3n de cinco meses, en los cuales los emprendedores contar\u00e1n con un programa de mentor\u00edas implementado por Endeavor, con reuniones mensuales de aproximadamente 90 minutos y acceso a una red de mentores conformada por empresarios, gerentes de primera l\u00ednea y expertos en gesti\u00f3n de empresas.<\/p>\n<p style=\"font-weight: 400; text-align: justify;\">La invitaci\u00f3n est\u00e1 abierta para todas las empresas proveedoras de la industria del salm\u00f3n, ubicadas entre las regiones de La Araucan\u00eda y Magallanes. Los interesados en ser parte de este programa de mentor\u00eda, pueden conocer las bases e inscribirse en el link\u00a0<a href=\"https:\/\/extranet.intesal.cl\/emprendedores\/\" data-saferedirecturl=\"https:\/\/www.google.com\/url?q=https:\/\/extranet.intesal.cl\/emprendedores\/&amp;source=gmail&amp;ust=1622036498647000&amp;usg=AFQjCNHaqpg0maV7D4_ia7UsS6kRZwMX8A\">https:\/\/extranet.intesal.cl\/emprendedores\/<\/a> y completar la informaci\u00f3n, a m\u00e1s tardar el jueves 10 de junio de 2021.<\/p>\n<\/div><\/section><\/div><div  style='height:50px' class='hr hr-invisible   avia-builder-el-6  el_after_av_one_full  el_before_av_social_share '><span class='hr-inner ' ><span class='hr-inner-style'><\/span><\/span><\/div><\/p>\n<div  class='av-social-sharing-box  avia-builder-el-7  el_after_av_hr  el_before_av_hr  '><div class='av-share-box'><h5 class='av-share-link-description av-no-toc '>Compartir esta noticia<\/h5><ul class='av-share-box-list noLightbox'><li class='av-share-link av-social-link-facebook' ><a target=\"_blank\" aria-label=\"Compartir en Facebook\" href='https:\/\/www.facebook.com\/sharer.php?u=https:\/\/radiorevelacionfm.cl\/?p=4488&#038;t=Invitan%20a%20proveedores%20de%20la%20industria%20salmonicultora%20a%20inscribirse%20en%20programa%20%E2%80%9CRed%20de%20Mentores%20del%20Salm%C3%B3n%E2%80%9D' aria-hidden='false' data-av_icon='\ue8f3' data-av_iconfont='entypo-fontello' title='' data-avia-related-tooltip='Compartir en Facebook' rel=\"noopener\"><span class='avia_hidden_link_text'>Compartir en Facebook<\/span><\/a><\/li><li class='av-share-link av-social-link-twitter' ><a target=\"_blank\" aria-label=\"Compartir en Twitter\" href='https:\/\/twitter.com\/share?text=Invitan%20a%20proveedores%20de%20la%20industria%20salmonicultora%20a%20inscribirse%20en%20programa%20%E2%80%9CRed%20de%20Mentores%20del%20Salm%C3%B3n%E2%80%9D&#038;url=https:\/\/radiorevelacionfm.cl\/?p=4488' aria-hidden='false' data-av_icon='\ue8f1' data-av_iconfont='entypo-fontello' title='' data-avia-related-tooltip='Compartir en Twitter' rel=\"noopener\"><span class='avia_hidden_link_text'>Compartir en Twitter<\/span><\/a><\/li><li class='av-share-link av-social-link-whatsapp' ><a target=\"_blank\" aria-label=\"Compartir en Whatsapp\" href='https:\/\/api.whatsapp.com\/send?text=https:\/\/radiorevelacionfm.cl\/?p=4488' aria-hidden='false' data-av_icon='\uf232' data-av_iconfont='entypo-fontello' title='' data-avia-related-tooltip='Compartir en Whatsapp' rel=\"noopener\"><span class='avia_hidden_link_text'>Compartir en Whatsapp<\/span><\/a><\/li><li class='av-share-link av-social-link-linkedin' ><a target=\"_blank\" aria-label=\"Compartir en LinkedIn\" href='https:\/\/linkedin.com\/shareArticle?mini=true&#038;title=Invitan%20a%20proveedores%20de%20la%20industria%20salmonicultora%20a%20inscribirse%20en%20programa%20%E2%80%9CRed%20de%20Mentores%20del%20Salm%C3%B3n%E2%80%9D&#038;url=https:\/\/radiorevelacionfm.cl\/?p=4488' aria-hidden='false' data-av_icon='\ue8fc' data-av_iconfont='entypo-fontello' title='' data-avia-related-tooltip='Compartir en LinkedIn' rel=\"noopener\"><span class='avia_hidden_link_text'>Compartir en LinkedIn<\/span><\/a><\/li><li class='av-share-link av-social-link-mail' ><a  aria-label=\"Compartir por correo\" href='mailto:?subject=Invitan%20a%20proveedores%20de%20la%20industria%20salmonicultora%20a%20inscribirse%20en%20programa%20%E2%80%9CRed%20de%20Mentores%20del%20Salm%C3%B3n%E2%80%9D&#038;body=https:\/\/radiorevelacionfm.cl\/?p=4488' aria-hidden='false' data-av_icon='\ue805' data-av_iconfont='entypo-fontello' title='' data-avia-related-tooltip='Compartir por correo'><span class='avia_hidden_link_text'>Compartir por correo<\/span><\/a><\/li><\/ul><\/div><\/div>\n<div  style='height:50px' class='hr hr-invisible   avia-builder-el-8  el_after_av_social_share  el_before_av_comments_list '><span class='hr-inner ' ><span class='hr-inner-style'><\/span><\/span><\/div>\n<div  class='av-buildercomment  av-blog-meta-html-info-disabled av-blog-meta-tag-disabled  '><\/div>\n","protected":false},"excerpt":{"rendered":"","protected":false},"author":1,"featured_media":4489,"comment_status":"open","ping_status":"open","sticky":false,"template":"","format":"standard","meta":{"footnotes":""},"categories":[60,38],"tags":[],"class_list":["post-4488","post","type-post","status-publish","format-standard","has-post-thumbnail","hentry","category-pesca","category-regional"],"jetpack_featured_media_url":"https:\/\/radiorevelacionfm.cl\/wp-content\/uploads\/2021\/05\/Centro-cultivo-Aysen-Mowi-684x375-1.jpg","_links":{"self":[{"href":"https:\/\/radiorevelacionfm.cl\/index.php?rest_route=\/wp\/v2\/posts\/4488","targetHints":{"allow":["GET"]}}],"collection":[{"href":"https:\/\/radiorevelacionfm.cl\/index.php?rest_route=\/wp\/v2\/posts"}],"about":[{"href":"https:\/\/radiorevelacionfm.cl\/index.php?rest_route=\/wp\/v2\/types\/post"}],"author":[{"embeddable":true,"href":"https:\/\/radiorevelacionfm.cl\/index.php?rest_route=\/wp\/v2\/users\/1"}],"replies":[{"embeddable":true,"href":"https:\/\/radiorevelacionfm.cl\/index.php?rest_route=%2Fwp%2Fv2%2Fcomments&post=4488"}],"version-history":[{"count":1,"href":"https:\/\/radiorevelacionfm.cl\/index.php?rest_route=\/wp\/v2\/posts\/4488\/revisions"}],"predecessor-version":[{"id":4490,"href":"https:\/\/radiorevelacionfm.cl\/index.php?rest_route=\/wp\/v2\/posts\/4488\/revisions\/4490"}],"wp:featuredmedia":[{"embeddable":true,"href":"https:\/\/radiorevelacionfm.cl\/index.php?rest_route=\/wp\/v2\/media\/4489"}],"wp:attachment":[{"href":"https:\/\/radiorevelacionfm.cl\/index.php?rest_route=%2Fwp%2Fv2%2Fmedia&parent=4488"}],"wp:term":[{"taxonomy":"category","embeddable":true,"href":"https:\/\/radiorevelacionfm.cl\/index.php?rest_route=%2Fwp%2Fv2%2Fcategories&post=4488"},{"taxonomy":"post_tag","embeddable":true,"href":"https:\/\/radiorevelacionfm.cl\/index.php?rest_route=%2Fwp%2Fv2%2Ftags&post=4488"}],"curies":[{"name":"wp","href":"https:\/\/api.w.org\/{rel}","templated":true}]}}