{"id":44876,"date":"2024-08-07T11:02:24","date_gmt":"2024-08-07T14:02:24","guid":{"rendered":"https:\/\/radiorevelacionfm.cl\/?p=44876"},"modified":"2024-08-07T11:40:23","modified_gmt":"2024-08-07T14:40:23","slug":"seremi-de-la-mujer-la-ley-integral-establece-el-deber-al-estado-de-prevenir-sancionar-y-erradicar-la-violencia-de-genero","status":"publish","type":"post","link":"https:\/\/radiorevelacionfm.cl\/?p=44876","title":{"rendered":"Seremi de la Mujer: \u201cLa Ley integral establece el deber al estado de prevenir, sancionar y erradicar la violencia de g\u00e9nero\u201d"},"content":{"rendered":"<div class=\"flex_column av_one_full  flex_column_div av-zero-column-padding first  avia-builder-el-0  el_before_av_one_full  avia-builder-el-first  \" style='border-radius:0px; '><div  class='avia-image-container  av-styling-    avia-builder-el-1  avia-builder-el-no-sibling  avia-align-center '  itemprop=\"image\" itemscope=\"itemscope\" itemtype=\"https:\/\/schema.org\/ImageObject\"  ><div class='avia-image-container-inner'><div class='avia-image-overlay-wrap'><img decoding=\"async\" class='wp-image-44877 avia-img-lazy-loading-not-44877 avia_image' src=\"https:\/\/radiorevelacionfm.cl\/wp-content\/uploads\/2024\/08\/Seremi-de-la-Mujer-2-1.jpeg\" alt='' title='Seremi de la Mujer (2) (1)' height=\"760\" width=\"800\"  itemprop=\"thumbnailUrl\" srcset=\"https:\/\/radiorevelacionfm.cl\/wp-content\/uploads\/2024\/08\/Seremi-de-la-Mujer-2-1.jpeg 800w, https:\/\/radiorevelacionfm.cl\/wp-content\/uploads\/2024\/08\/Seremi-de-la-Mujer-2-1-300x285.jpeg 300w, https:\/\/radiorevelacionfm.cl\/wp-content\/uploads\/2024\/08\/Seremi-de-la-Mujer-2-1-768x730.jpeg 768w, https:\/\/radiorevelacionfm.cl\/wp-content\/uploads\/2024\/08\/Seremi-de-la-Mujer-2-1-705x670.jpeg 705w, https:\/\/radiorevelacionfm.cl\/wp-content\/uploads\/2024\/08\/Seremi-de-la-Mujer-2-1-450x428.jpeg 450w, https:\/\/radiorevelacionfm.cl\/wp-content\/uploads\/2024\/08\/Seremi-de-la-Mujer-2-1-600x570.jpeg 600w\" sizes=\"(max-width: 800px) 100vw, 800px\" \/><\/div><\/div><\/div><\/div>\n<div class=\"flex_column av_one_full  flex_column_div av-zero-column-padding first  avia-builder-el-2  el_after_av_one_full  el_before_av_one_full  column-top-margin\" style='border-radius:0px; '><section class=\"av_textblock_section \"  itemscope=\"itemscope\" itemtype=\"https:\/\/schema.org\/BlogPosting\" itemprop=\"blogPost\" ><div class='avia_textblock  '   itemprop=\"text\" ><p style=\"text-align: center;\"><strong><span style=\"font-size: 18pt;\">Seremi de la Mujer: \u201cLa Ley integral establece el deber al estado de prevenir, sancionar y erradicar la violencia de g\u00e9nero\u201d<\/span><\/strong><\/p>\n<div id=\"gtx-trans\" style=\"position: absolute; left: -50px; top: 4.31534px;\">\n<div class=\"gtx-trans-icon\"><\/div>\n<\/div>\n<\/div><\/section><\/div>\n<div class=\"flex_column av_one_full  flex_column_div av-zero-column-padding first  avia-builder-el-4  el_after_av_one_full  el_before_av_hr  column-top-margin\" style='border-radius:0px; '><section class=\"av_textblock_section \"  itemscope=\"itemscope\" itemtype=\"https:\/\/schema.org\/BlogPosting\" itemprop=\"blogPost\" ><div class='avia_textblock  '   itemprop=\"text\" ><p style=\"text-align: justify;\"><em>As\u00ed lo reafirm\u00f3 la Seremi de la Mujer y la Equidad de G\u00e9nero, Andrea M\u00e9ndez Valenzuela, ante los 11 casos de connotaci\u00f3n p\u00fablica de violencia en contra de mujeres, \u00a0registrados durante el \u00faltimo mes.<\/em><\/p>\n<p style=\"text-align: justify;\">Respecto de este aumento de casos de violencia registrados durante el \u00faltimo mes en la regi\u00f3n de Ays\u00e9n, la Seremi de la Mujer\u00a0 y la Equidad de G\u00e9nero, Andrea M\u00e9ndez Valenzuela, se refiri\u00f3 a los deberes de los \u00f3rganos del Estado en materia de prevenci\u00f3n, investigaci\u00f3n protecci\u00f3n, sanci\u00f3n y reparaci\u00f3n de violencia contra las mujeres, y la r\u00e1pida diligencia con que deben actuar en su conjunto de acuerdo a sus competencias de investigaci\u00f3n y sanci\u00f3n.<\/p>\n<p style=\"text-align: justify;\">\u00abComo gobierno hemos entregado un importante instrumento normativo para mejorar la respuesta que entrega el Estado en prevenci\u00f3n, sanci\u00f3n y reparaci\u00f3n de la violencia por razones de g\u00e9nero. Un elemento central es que instala la necesidad de realizar abordajes y respuestas institucionales integrales. En este sentido, avanzar en la eliminaci\u00f3n de toda forma de violencia implica que cada instituci\u00f3n despliegue todos sus esfuerzos en prevenir toda forma de violencia, atender diligentemente las denuncias, prestar apoyo especializado a las victimas e investigar con perspectiva de g\u00e9nero\u00bb, indic\u00f3 la Seremi de la Mujer y la Equidad de G\u00e9nero, Andrea M\u00e9ndez Valenzuela.<\/p>\n<p style=\"text-align: justify;\">Cabe destacar que entre los elementos de protecci\u00f3n de la Ley Integral, en cuanto al rol del Estado, destaca el fortalecimiento de las medidas cautelares y el establecimiento de un mecanismo de supervisi\u00f3n judicial para garantizar su cumplimiento y pertinencia, adem\u00e1s dispone obligaciones generales de protecci\u00f3n y atenci\u00f3n para los \u00f3rganos del Estado, obligaciones particulares en el \u00e1mbito de la salud y educaci\u00f3n, as\u00ed como tambi\u00e9n fortalece la obligaci\u00f3n del Estado de velar por un debido acceso a la justicia y a la protecci\u00f3n durante el proceso.<\/p>\n<p style=\"text-align: justify;\">As\u00ed tambi\u00e9n la Seremi, aludi\u00f3 a la diligencia que deben tener las instituciones cuando se investigue o juzguen hechos de violencia de g\u00e9nero. \u00abLo que promueve esta Ley es que deben tomarse las medidas oportunas, id\u00f3neas y exhaustivas para garantizar el acceso a la justicia, es decir, evitar el archivo de casos, garantizando la representaci\u00f3n judicial gratuita mientras dure el proceso\u00bb, enfatiz\u00f3.<\/p>\n<p style=\"text-align: justify;\">En tanto, la directora de SernamEG Ays\u00e9n, Patricia Baeza Cabezas, indic\u00f3: \u00abComo Servicio Nacional de la Mujer y la Equidad de G\u00e9nero, es fundamental el trabajo intersectorial con los distintos servicios e instituciones del Estado con los que abordamos esta materia de violencia, por lo tanto la Ley Integral viene a fortalecer el trabajo en t\u00e9rminos de prevenci\u00f3n, y tambi\u00e9n otorgar mayores facultades para el abordaje de este fen\u00f3meno en nuestro pa\u00eds\u00bb.<\/p>\n<p style=\"text-align: justify;\">Dentro de las pr\u00f3ximas acciones de la Seremi de la Mujer y la Equidad de G\u00e9nero, Andrea M\u00e9ndez Valenzuela, en el territorio, y que van de la mano con la respuesta oportuna y apropiada ante v\u00edctimas de violencia, se destaca la realizaci\u00f3n de una capacitaci\u00f3n a 18 funcionarios y funcionarias de la instituci\u00f3n de Carabineros de Puerto Cisnes, en tem\u00e1ticas de: comprensi\u00f3n socioestructural de la violencia, primera acogida, derivaci\u00f3n y procedimiento de toma de denuncias en casos de VIF, permitiendo dotar a la institucionalidad de competencias que permitan apoyar a mujeres que sufran alg\u00fan tipo de violencia y denuncien, en este primer acercamiento con Carabineros.<\/p>\n<p style=\"text-align: justify;\">Cabe destacar, que esta acci\u00f3n coordinada junto al Ministerio P\u00fablico y la colaboraci\u00f3n de Carabineros, se suma a otras instancias de capacitaci\u00f3n realizadas en otras comunas como: Coyhaique y Puerto Ays\u00e9n, instancia que se espera sean replicadas en todo el territorio regional, durante los pr\u00f3ximos meses.<\/p>\n<\/div><\/section><\/div><div  style='height:50px' class='hr hr-invisible   avia-builder-el-6  el_after_av_one_full  el_before_av_social_share '><span class='hr-inner ' ><span class='hr-inner-style'><\/span><\/span><\/div><\/p>\n<div  class='av-social-sharing-box  avia-builder-el-7  el_after_av_hr  el_before_av_hr  '><div class='av-share-box'><h5 class='av-share-link-description av-no-toc '>Compartir esta noticia<\/h5><ul class='av-share-box-list noLightbox'><li class='av-share-link av-social-link-facebook' ><a target=\"_blank\" aria-label=\"Compartir en Facebook\" href='https:\/\/www.facebook.com\/sharer.php?u=https:\/\/radiorevelacionfm.cl\/?p=44876&#038;t=Seremi%20de%20la%20Mujer%3A%20%E2%80%9CLa%20Ley%20integral%20establece%20el%20deber%20al%20estado%20de%20prevenir%2C%20sancionar%20y%20erradicar%20la%20violencia%20de%20g%C3%A9nero%E2%80%9D' aria-hidden='false' data-av_icon='\ue8f3' data-av_iconfont='entypo-fontello' title='' data-avia-related-tooltip='Compartir en Facebook' rel=\"noopener\"><span class='avia_hidden_link_text'>Compartir en Facebook<\/span><\/a><\/li><li class='av-share-link av-social-link-twitter' ><a target=\"_blank\" aria-label=\"Compartir en Twitter\" href='https:\/\/twitter.com\/share?text=Seremi%20de%20la%20Mujer%3A%20%E2%80%9CLa%20Ley%20integral%20establece%20el%20deber%20al%20estado%20de%20prevenir%2C%20sancionar%20y%20erradicar%20la%20violencia%20de%20g%C3%A9nero%E2%80%9D&#038;url=https:\/\/radiorevelacionfm.cl\/?p=44876' aria-hidden='false' data-av_icon='\ue8f1' data-av_iconfont='entypo-fontello' title='' data-avia-related-tooltip='Compartir en Twitter' rel=\"noopener\"><span class='avia_hidden_link_text'>Compartir en Twitter<\/span><\/a><\/li><li class='av-share-link av-social-link-whatsapp' ><a target=\"_blank\" aria-label=\"Compartir en Whatsapp\" href='https:\/\/api.whatsapp.com\/send?text=https:\/\/radiorevelacionfm.cl\/?p=44876' aria-hidden='false' data-av_icon='\uf232' data-av_iconfont='entypo-fontello' title='' data-avia-related-tooltip='Compartir en Whatsapp' rel=\"noopener\"><span class='avia_hidden_link_text'>Compartir en Whatsapp<\/span><\/a><\/li><li class='av-share-link av-social-link-linkedin' ><a target=\"_blank\" aria-label=\"Compartir en LinkedIn\" href='https:\/\/linkedin.com\/shareArticle?mini=true&#038;title=Seremi%20de%20la%20Mujer%3A%20%E2%80%9CLa%20Ley%20integral%20establece%20el%20deber%20al%20estado%20de%20prevenir%2C%20sancionar%20y%20erradicar%20la%20violencia%20de%20g%C3%A9nero%E2%80%9D&#038;url=https:\/\/radiorevelacionfm.cl\/?p=44876' aria-hidden='false' data-av_icon='\ue8fc' data-av_iconfont='entypo-fontello' title='' data-avia-related-tooltip='Compartir en LinkedIn' rel=\"noopener\"><span class='avia_hidden_link_text'>Compartir en LinkedIn<\/span><\/a><\/li><li class='av-share-link av-social-link-mail' ><a  aria-label=\"Compartir por correo\" href='mailto:?subject=Seremi%20de%20la%20Mujer%3A%20%E2%80%9CLa%20Ley%20integral%20establece%20el%20deber%20al%20estado%20de%20prevenir%2C%20sancionar%20y%20erradicar%20la%20violencia%20de%20g%C3%A9nero%E2%80%9D&#038;body=https:\/\/radiorevelacionfm.cl\/?p=44876' aria-hidden='false' data-av_icon='\ue805' data-av_iconfont='entypo-fontello' title='' data-avia-related-tooltip='Compartir por correo'><span class='avia_hidden_link_text'>Compartir por correo<\/span><\/a><\/li><\/ul><\/div><\/div>\n<div  style='height:50px' class='hr hr-invisible   avia-builder-el-8  el_after_av_social_share  el_before_av_comments_list '><span class='hr-inner ' ><span class='hr-inner-style'><\/span><\/span><\/div>\n<div  class='av-buildercomment  av-blog-meta-html-info-disabled av-blog-meta-tag-disabled  '><\/div>\n","protected":false},"excerpt":{"rendered":"","protected":false},"author":1,"featured_media":44877,"comment_status":"open","ping_status":"open","sticky":false,"template":"","format":"standard","meta":{"footnotes":""},"categories":[38],"tags":[],"class_list":["post-44876","post","type-post","status-publish","format-standard","has-post-thumbnail","hentry","category-regional"],"jetpack_featured_media_url":"https:\/\/radiorevelacionfm.cl\/wp-content\/uploads\/2024\/08\/Seremi-de-la-Mujer-2-1.jpeg","_links":{"self":[{"href":"https:\/\/radiorevelacionfm.cl\/index.php?rest_route=\/wp\/v2\/posts\/44876","targetHints":{"allow":["GET"]}}],"collection":[{"href":"https:\/\/radiorevelacionfm.cl\/index.php?rest_route=\/wp\/v2\/posts"}],"about":[{"href":"https:\/\/radiorevelacionfm.cl\/index.php?rest_route=\/wp\/v2\/types\/post"}],"author":[{"embeddable":true,"href":"https:\/\/radiorevelacionfm.cl\/index.php?rest_route=\/wp\/v2\/users\/1"}],"replies":[{"embeddable":true,"href":"https:\/\/radiorevelacionfm.cl\/index.php?rest_route=%2Fwp%2Fv2%2Fcomments&post=44876"}],"version-history":[{"count":4,"href":"https:\/\/radiorevelacionfm.cl\/index.php?rest_route=\/wp\/v2\/posts\/44876\/revisions"}],"predecessor-version":[{"id":44897,"href":"https:\/\/radiorevelacionfm.cl\/index.php?rest_route=\/wp\/v2\/posts\/44876\/revisions\/44897"}],"wp:featuredmedia":[{"embeddable":true,"href":"https:\/\/radiorevelacionfm.cl\/index.php?rest_route=\/wp\/v2\/media\/44877"}],"wp:attachment":[{"href":"https:\/\/radiorevelacionfm.cl\/index.php?rest_route=%2Fwp%2Fv2%2Fmedia&parent=44876"}],"wp:term":[{"taxonomy":"category","embeddable":true,"href":"https:\/\/radiorevelacionfm.cl\/index.php?rest_route=%2Fwp%2Fv2%2Fcategories&post=44876"},{"taxonomy":"post_tag","embeddable":true,"href":"https:\/\/radiorevelacionfm.cl\/index.php?rest_route=%2Fwp%2Fv2%2Ftags&post=44876"}],"curies":[{"name":"wp","href":"https:\/\/api.w.org\/{rel}","templated":true}]}}