{"id":44873,"date":"2024-08-06T19:55:16","date_gmt":"2024-08-06T22:55:16","guid":{"rendered":"https:\/\/radiorevelacionfm.cl\/?p=44873"},"modified":"2024-08-06T19:55:16","modified_gmt":"2024-08-06T22:55:16","slug":"buscan-mejorar-costaneras-del-rio-aysen-mediante-reforestacion-y-parques-urbanos","status":"publish","type":"post","link":"https:\/\/radiorevelacionfm.cl\/?p=44873","title":{"rendered":"Buscan mejorar costaneras del rio Ays\u00e9n mediante reforestaci\u00f3n y parques urbanos"},"content":{"rendered":"<div class=\"flex_column av_one_full  flex_column_div av-zero-column-padding first  avia-builder-el-0  el_before_av_one_full  avia-builder-el-first  \" style='border-radius:0px; '><div  class='avia-image-container  av-styling-    avia-builder-el-1  avia-builder-el-no-sibling  avia-align-center '  itemprop=\"image\" itemscope=\"itemscope\" itemtype=\"https:\/\/schema.org\/ImageObject\"  ><div class='avia-image-container-inner'><div class='avia-image-overlay-wrap'><img decoding=\"async\" class='wp-image-44874 avia-img-lazy-loading-not-44874 avia_image' src=\"https:\/\/radiorevelacionfm.cl\/wp-content\/uploads\/2024\/08\/conaf-muni-4-1_optimized-1.jpg\" alt='' title='conaf-muni-4-(1)_optimized (1)' height=\"600\" width=\"1067\"  itemprop=\"thumbnailUrl\" srcset=\"https:\/\/radiorevelacionfm.cl\/wp-content\/uploads\/2024\/08\/conaf-muni-4-1_optimized-1.jpg 1067w, https:\/\/radiorevelacionfm.cl\/wp-content\/uploads\/2024\/08\/conaf-muni-4-1_optimized-1-300x169.jpg 300w, https:\/\/radiorevelacionfm.cl\/wp-content\/uploads\/2024\/08\/conaf-muni-4-1_optimized-1-1030x579.jpg 1030w, https:\/\/radiorevelacionfm.cl\/wp-content\/uploads\/2024\/08\/conaf-muni-4-1_optimized-1-768x432.jpg 768w, https:\/\/radiorevelacionfm.cl\/wp-content\/uploads\/2024\/08\/conaf-muni-4-1_optimized-1-705x396.jpg 705w, https:\/\/radiorevelacionfm.cl\/wp-content\/uploads\/2024\/08\/conaf-muni-4-1_optimized-1-450x253.jpg 450w, https:\/\/radiorevelacionfm.cl\/wp-content\/uploads\/2024\/08\/conaf-muni-4-1_optimized-1-600x337.jpg 600w\" sizes=\"(max-width: 1067px) 100vw, 1067px\" \/><\/div><\/div><\/div><\/div><div class=\"flex_column av_one_full  flex_column_div av-zero-column-padding first  avia-builder-el-2  el_after_av_one_full  el_before_av_one_full  column-top-margin\" style='border-radius:0px; '><section class=\"av_textblock_section \"  itemscope=\"itemscope\" itemtype=\"https:\/\/schema.org\/BlogPosting\" itemprop=\"blogPost\" ><div class='avia_textblock  '   itemprop=\"text\" ><p style=\"text-align: center;\"><strong><span style=\"font-size: 18pt;\">Buscan mejorar costaneras del rio Ays\u00e9n mediante reforestaci\u00f3n y parques urbanos<\/span><\/strong><\/p>\n<div id=\"gtx-trans\" style=\"position: absolute; left: -50px; top: 4.31534px;\">\n<div class=\"gtx-trans-icon\"><\/div>\n<\/div>\n<\/div><\/section><\/div><div class=\"flex_column av_one_full  flex_column_div av-zero-column-padding first  avia-builder-el-4  el_after_av_one_full  el_before_av_hr  column-top-margin\" style='border-radius:0px; '><section class=\"av_textblock_section \"  itemscope=\"itemscope\" itemtype=\"https:\/\/schema.org\/BlogPosting\" itemprop=\"blogPost\" ><div class='avia_textblock  '   itemprop=\"text\" ><p style=\"text-align: justify;\">En la Corporaci\u00f3n Nacional Forestal, existen programas de reforestaci\u00f3n y creaci\u00f3n de parques urbanos, a lo que el Municipio postular\u00e1 con el fin de continuar recuperando espacios para la ciudadan\u00eda. Es por ello que, tras una reuni\u00f3n las autoridades recorrieron las riberas sur y norte del rio Ays\u00e9n, para identificar los puntos m\u00e1s viables de ser intervenidos.<\/p>\n<p style=\"text-align: justify;\">El alcalde de la comuna, Julio Uribe Alvarado, puso en valor el permanente trabajo de la Municipalidad y Conaf, apostando en esta ocasi\u00f3n a mejorar un \u00e1rea que as\u00ed lo necesita, como es, el borde del rio Ays\u00e9n.<\/p>\n<p style=\"text-align: justify;\">\u201cEs importante destacar el trabajo que llevamos con Conaf, a trav\u00e9s de su oficina provincial a cargo de Gabriela G\u00f3mez, con quien hemos desarrollado diferentes actividades y proyectos. Hoy estamos viendo, explorando, la posibilidad hacer intervenciones, de sacar especies ex\u00f3ticas y cambiarlas por especies nativas. Es una iniciativa muy interesante, que busca embellecer nuestro borde de rio y tambi\u00e9n se est\u00e1 viendo la posibilidad de algunos trabajos en infraestructura. As\u00ed es que, estamos muy esperanzados de que esto va a resultar, nos indican que los trabajos podr\u00edan comenzar este a\u00f1o\u201d.<\/p>\n<p style=\"text-align: justify;\">La idea es \u201ccambiar la cara\u201d al borde de rio con especies nativas, se\u00f1al\u00f3 la jefa provincial de Conaf Ays\u00e9n, Gabriela G\u00f3mez Gonz\u00e1lez.<\/p>\n<p style=\"text-align: justify;\">\u201cJustamente vinimos a ver en terreno, la posibilidad de cambiarle la cara a estos sectores a trav\u00e9s de reforestaci\u00f3n con especies nativas. Todo lo que tenemos, o la mayor\u00eda en realidad, son especies ex\u00f3ticas invasoras, que han aumentado su volumen, su densidad, que ya impiden que se vea el rio y que tambi\u00e9n ha sido foco de algunos delitos. Entonces, queremos ver la posibilidad de sacar estas especies ex\u00f3ticas y poner especies nativas como el arrayan, lo que podr\u00eda ser este o el pr\u00f3ximo a\u00f1o\u201d.<\/p>\n<p style=\"text-align: justify;\">A trav\u00e9s de la Corporaci\u00f3n Nacional Forestal existen alternativas que permiten reforestar, fortalecer viveros y el desarrollo de parques urbanos, detall\u00f3 el jefe del departamento de Conservaci\u00f3n de Ecosistemas Boscosos y Xerof\u00edticos de la Conaf Regional, Fernando Bascu\u00f1\u00e1n.<\/p>\n<p style=\"text-align: justify;\">\u201cLa Corporaci\u00f3n administra un programa del Ministerio de Agricultura de Chile, que se llama, siembra por Chile, iniciativa que tiene dos divisiones, una que est\u00e1 dedicada a la restauraci\u00f3n de bosque nativo a gran escala y hay otra donde nosotros hemos venido trabajando, que es fortalecimiento de acciones comunitarias, entre los cuales esta, fortalecimiento de viveros y el proceso de desarrollo de parques urbanos. Particularmente, dentro del departamento que administro existe una unidad especializada que se llama de ecosistemas urbanos, donde nos dedicamos y trabajamos con este tipo de iniciativas que hoy nos toc\u00f3 visitar. Existen algunos recursos disponibles para empezar o iniciar algunos procesos en esa materia\u201d.<\/p>\n<p style=\"text-align: justify;\">Desde esta manera continua y se fortalece el trabajo mancomunado entre la Ilustre Municipalidad de Ays\u00e9n y la Corporaci\u00f3n Nacional Forestal, en bien de habilitar, reforestar y mejorar espacios familiares y recintos urbanos.<\/p>\n<\/div><\/section><\/div><div  style='height:50px' class='hr hr-invisible   avia-builder-el-6  el_after_av_one_full  el_before_av_social_share '><span class='hr-inner ' ><span class='hr-inner-style'><\/span><\/span><\/div><\/p>\n<div  class='av-social-sharing-box  avia-builder-el-7  el_after_av_hr  el_before_av_hr  '><div class='av-share-box'><h5 class='av-share-link-description av-no-toc '>Compartir esta noticia<\/h5><ul class='av-share-box-list noLightbox'><li class='av-share-link av-social-link-facebook' ><a target=\"_blank\" aria-label=\"Compartir en Facebook\" href='https:\/\/www.facebook.com\/sharer.php?u=https:\/\/radiorevelacionfm.cl\/?p=44873&#038;t=Buscan%20mejorar%20costaneras%20del%20rio%20Ays%C3%A9n%20mediante%20reforestaci%C3%B3n%20y%20parques%20urbanos' aria-hidden='false' data-av_icon='\ue8f3' data-av_iconfont='entypo-fontello' title='' data-avia-related-tooltip='Compartir en Facebook' rel=\"noopener\"><span class='avia_hidden_link_text'>Compartir en Facebook<\/span><\/a><\/li><li class='av-share-link av-social-link-twitter' ><a target=\"_blank\" aria-label=\"Compartir en Twitter\" href='https:\/\/twitter.com\/share?text=Buscan%20mejorar%20costaneras%20del%20rio%20Ays%C3%A9n%20mediante%20reforestaci%C3%B3n%20y%20parques%20urbanos&#038;url=https:\/\/radiorevelacionfm.cl\/?p=44873' aria-hidden='false' data-av_icon='\ue8f1' data-av_iconfont='entypo-fontello' title='' data-avia-related-tooltip='Compartir en Twitter' rel=\"noopener\"><span class='avia_hidden_link_text'>Compartir en Twitter<\/span><\/a><\/li><li class='av-share-link av-social-link-whatsapp' ><a target=\"_blank\" aria-label=\"Compartir en Whatsapp\" href='https:\/\/api.whatsapp.com\/send?text=https:\/\/radiorevelacionfm.cl\/?p=44873' aria-hidden='false' data-av_icon='\uf232' data-av_iconfont='entypo-fontello' title='' data-avia-related-tooltip='Compartir en Whatsapp' rel=\"noopener\"><span class='avia_hidden_link_text'>Compartir en Whatsapp<\/span><\/a><\/li><li class='av-share-link av-social-link-linkedin' ><a target=\"_blank\" aria-label=\"Compartir en LinkedIn\" href='https:\/\/linkedin.com\/shareArticle?mini=true&#038;title=Buscan%20mejorar%20costaneras%20del%20rio%20Ays%C3%A9n%20mediante%20reforestaci%C3%B3n%20y%20parques%20urbanos&#038;url=https:\/\/radiorevelacionfm.cl\/?p=44873' aria-hidden='false' data-av_icon='\ue8fc' data-av_iconfont='entypo-fontello' title='' data-avia-related-tooltip='Compartir en LinkedIn' rel=\"noopener\"><span class='avia_hidden_link_text'>Compartir en LinkedIn<\/span><\/a><\/li><li class='av-share-link av-social-link-mail' ><a  aria-label=\"Compartir por correo\" href='mailto:?subject=Buscan%20mejorar%20costaneras%20del%20rio%20Ays%C3%A9n%20mediante%20reforestaci%C3%B3n%20y%20parques%20urbanos&#038;body=https:\/\/radiorevelacionfm.cl\/?p=44873' aria-hidden='false' data-av_icon='\ue805' data-av_iconfont='entypo-fontello' title='' data-avia-related-tooltip='Compartir por correo'><span class='avia_hidden_link_text'>Compartir por correo<\/span><\/a><\/li><\/ul><\/div><\/div>\n<div  style='height:50px' class='hr hr-invisible   avia-builder-el-8  el_after_av_social_share  el_before_av_comments_list '><span class='hr-inner ' ><span class='hr-inner-style'><\/span><\/span><\/div>\n<div  class='av-buildercomment  av-blog-meta-html-info-disabled av-blog-meta-tag-disabled  '><\/div>\n","protected":false},"excerpt":{"rendered":"","protected":false},"author":1,"featured_media":44874,"comment_status":"open","ping_status":"open","sticky":false,"template":"","format":"standard","meta":{"footnotes":""},"categories":[38],"tags":[],"class_list":["post-44873","post","type-post","status-publish","format-standard","has-post-thumbnail","hentry","category-regional"],"jetpack_featured_media_url":"https:\/\/radiorevelacionfm.cl\/wp-content\/uploads\/2024\/08\/conaf-muni-4-1_optimized-1.jpg","_links":{"self":[{"href":"https:\/\/radiorevelacionfm.cl\/index.php?rest_route=\/wp\/v2\/posts\/44873","targetHints":{"allow":["GET"]}}],"collection":[{"href":"https:\/\/radiorevelacionfm.cl\/index.php?rest_route=\/wp\/v2\/posts"}],"about":[{"href":"https:\/\/radiorevelacionfm.cl\/index.php?rest_route=\/wp\/v2\/types\/post"}],"author":[{"embeddable":true,"href":"https:\/\/radiorevelacionfm.cl\/index.php?rest_route=\/wp\/v2\/users\/1"}],"replies":[{"embeddable":true,"href":"https:\/\/radiorevelacionfm.cl\/index.php?rest_route=%2Fwp%2Fv2%2Fcomments&post=44873"}],"version-history":[{"count":1,"href":"https:\/\/radiorevelacionfm.cl\/index.php?rest_route=\/wp\/v2\/posts\/44873\/revisions"}],"predecessor-version":[{"id":44875,"href":"https:\/\/radiorevelacionfm.cl\/index.php?rest_route=\/wp\/v2\/posts\/44873\/revisions\/44875"}],"wp:featuredmedia":[{"embeddable":true,"href":"https:\/\/radiorevelacionfm.cl\/index.php?rest_route=\/wp\/v2\/media\/44874"}],"wp:attachment":[{"href":"https:\/\/radiorevelacionfm.cl\/index.php?rest_route=%2Fwp%2Fv2%2Fmedia&parent=44873"}],"wp:term":[{"taxonomy":"category","embeddable":true,"href":"https:\/\/radiorevelacionfm.cl\/index.php?rest_route=%2Fwp%2Fv2%2Fcategories&post=44873"},{"taxonomy":"post_tag","embeddable":true,"href":"https:\/\/radiorevelacionfm.cl\/index.php?rest_route=%2Fwp%2Fv2%2Ftags&post=44873"}],"curies":[{"name":"wp","href":"https:\/\/api.w.org\/{rel}","templated":true}]}}