{"id":44871,"date":"2024-08-06T19:17:24","date_gmt":"2024-08-06T22:17:24","guid":{"rendered":"https:\/\/radiorevelacionfm.cl\/?p=44871"},"modified":"2024-08-06T19:17:24","modified_gmt":"2024-08-06T22:17:24","slug":"hombre-de-53-anos-es-detenido-por-abuso-sexual-se-mantenia-profugo-desde-junio","status":"publish","type":"post","link":"https:\/\/radiorevelacionfm.cl\/?p=44871","title":{"rendered":"Hombre de 53 a\u00f1os es detenido por abuso sexual, se manten\u00eda pr\u00f3fugo desde junio"},"content":{"rendered":"<div class=\"flex_column av_one_full  flex_column_div av-zero-column-padding first  avia-builder-el-0  el_before_av_one_full  avia-builder-el-first  \" style='border-radius:0px; '><div  class='avia-image-container  av-styling-    avia-builder-el-1  avia-builder-el-no-sibling  avia-align-center '  itemprop=\"image\" itemscope=\"itemscope\" itemtype=\"https:\/\/schema.org\/ImageObject\"  ><div class='avia-image-container-inner'><div class='avia-image-overlay-wrap'><img decoding=\"async\" class='wp-image-6838 avia-img-lazy-loading-not-6838 avia_image' src=\"https:\/\/radiorevelacionfm.cl\/wp-content\/uploads\/2021\/07\/pdi-imagen-2_optimized.jpg\" alt='' title='pdi-imagen-(2)_optimized' height=\"600\" width=\"903\"  itemprop=\"thumbnailUrl\" srcset=\"https:\/\/radiorevelacionfm.cl\/wp-content\/uploads\/2021\/07\/pdi-imagen-2_optimized.jpg 903w, https:\/\/radiorevelacionfm.cl\/wp-content\/uploads\/2021\/07\/pdi-imagen-2_optimized-300x199.jpg 300w, https:\/\/radiorevelacionfm.cl\/wp-content\/uploads\/2021\/07\/pdi-imagen-2_optimized-768x510.jpg 768w, https:\/\/radiorevelacionfm.cl\/wp-content\/uploads\/2021\/07\/pdi-imagen-2_optimized-705x468.jpg 705w, https:\/\/radiorevelacionfm.cl\/wp-content\/uploads\/2021\/07\/pdi-imagen-2_optimized-600x399.jpg 600w\" sizes=\"(max-width: 903px) 100vw, 903px\" \/><\/div><\/div><\/div><\/div><div class=\"flex_column av_one_full  flex_column_div av-zero-column-padding first  avia-builder-el-2  el_after_av_one_full  el_before_av_one_full  column-top-margin\" style='border-radius:0px; '><section class=\"av_textblock_section \"  itemscope=\"itemscope\" itemtype=\"https:\/\/schema.org\/BlogPosting\" itemprop=\"blogPost\" ><div class='avia_textblock  '   itemprop=\"text\" ><p style=\"text-align: center;\"><strong><span style=\"font-size: 18pt;\">Hombre de 53 a\u00f1os es detenido por abuso sexual, se manten\u00eda pr\u00f3fugo desde junio<\/span><\/strong><\/p>\n<div id=\"gtx-trans\" style=\"position: absolute; left: -50px; top: 4.31534px;\">\n<div class=\"gtx-trans-icon\"><\/div>\n<\/div>\n<\/div><\/section><\/div><div class=\"flex_column av_one_full  flex_column_div av-zero-column-padding first  avia-builder-el-4  el_after_av_one_full  el_before_av_hr  column-top-margin\" style='border-radius:0px; '><section class=\"av_textblock_section \"  itemscope=\"itemscope\" itemtype=\"https:\/\/schema.org\/BlogPosting\" itemprop=\"blogPost\" ><div class='avia_textblock  '   itemprop=\"text\" ><p style=\"text-align: justify;\">Durante la tarde de este lunes, detectives de la Brigada Investigadora de Delitos Sexuales (BRISEX) Coyhaique detuvieron a un individuo, tras una serie de diligencias investigativas, condenado por un caso de abuso sexual de una persona mayor de 14 a\u00f1os en la capital regional.<\/p>\n<p style=\"text-align: justify;\">El incidente habr\u00eda ocurrido en marzo de 2023, en donde el detenido habr\u00eda abusado sexualmente de una mujer de 32 a\u00f1os durante una celebraci\u00f3n de cumplea\u00f1os en una residencia privada. En medio del festejo, la v\u00edctima se habr\u00eda retirado a una de las habitaciones para descansar, lugar donde fue seguida por el acusado quien, aprovech\u00e1ndose del estado et\u00edlico de la mujer, proceder\u00eda a abusarla.<\/p>\n<p style=\"text-align: justify;\">\u201cEl d\u00eda de ayer, y en virtud de una investigaci\u00f3n realizada por funcionarios de la Brigada Investigadora de Delitos Sexuales Coyhaique,\u00a0que data desde el a\u00f1o 2023, por el delito de Abuso Sexual de Mayor de 14 a\u00f1os y emanada de la Fiscal\u00eda Local de esta comuna,\u00a0se detuvo por su participaci\u00f3n en calidad de autor, a un sujeto chileno de 53 a\u00f1os de edad,\u00a0quien desde el mes de junio del presente a\u00f1o se encontraba pr\u00f3fugo de la justicia,\u00a0por registrar en su contra una orden de detenci\u00f3n pendiente por el delito de abuso sexual,\u00a0raz\u00f3n por la cual, desde esa fecha y en conocimiento de la orden que manten\u00eda en su contra,\u00a0cambiaba constantemente de domicilio a fin de evadir el accionar de la polic\u00eda\u201d, coment\u00f3 el comisario Fernando \u00c1lvarez, jefe de la BRISEX Coyhaique.<\/p>\n<p style=\"text-align: justify;\">Finalmente, los detectives de la brigada especializada lograron dar con su paradero, poniendo fin a su fuga y permitiendo que el proceso judicial siga su curso para el cumplimiento de la condena impuesta.<\/p>\n<\/div><\/section><\/div><div  style='height:50px' class='hr hr-invisible   avia-builder-el-6  el_after_av_one_full  el_before_av_social_share '><span class='hr-inner ' ><span class='hr-inner-style'><\/span><\/span><\/div><\/p>\n<div  class='av-social-sharing-box  avia-builder-el-7  el_after_av_hr  el_before_av_hr  '><div class='av-share-box'><h5 class='av-share-link-description av-no-toc '>Compartir esta noticia<\/h5><ul class='av-share-box-list noLightbox'><li class='av-share-link av-social-link-facebook' ><a target=\"_blank\" aria-label=\"Compartir en Facebook\" href='https:\/\/www.facebook.com\/sharer.php?u=https:\/\/radiorevelacionfm.cl\/?p=44871&#038;t=Hombre%20de%2053%20a%C3%B1os%20es%20detenido%20por%20abuso%20sexual%2C%20se%20manten%C3%ADa%20pr%C3%B3fugo%20desde%20junio' aria-hidden='false' data-av_icon='\ue8f3' data-av_iconfont='entypo-fontello' title='' data-avia-related-tooltip='Compartir en Facebook' rel=\"noopener\"><span class='avia_hidden_link_text'>Compartir en Facebook<\/span><\/a><\/li><li class='av-share-link av-social-link-twitter' ><a target=\"_blank\" aria-label=\"Compartir en Twitter\" href='https:\/\/twitter.com\/share?text=Hombre%20de%2053%20a%C3%B1os%20es%20detenido%20por%20abuso%20sexual%2C%20se%20manten%C3%ADa%20pr%C3%B3fugo%20desde%20junio&#038;url=https:\/\/radiorevelacionfm.cl\/?p=44871' aria-hidden='false' data-av_icon='\ue8f1' data-av_iconfont='entypo-fontello' title='' data-avia-related-tooltip='Compartir en Twitter' rel=\"noopener\"><span class='avia_hidden_link_text'>Compartir en Twitter<\/span><\/a><\/li><li class='av-share-link av-social-link-whatsapp' ><a target=\"_blank\" aria-label=\"Compartir en Whatsapp\" href='https:\/\/api.whatsapp.com\/send?text=https:\/\/radiorevelacionfm.cl\/?p=44871' aria-hidden='false' data-av_icon='\uf232' data-av_iconfont='entypo-fontello' title='' data-avia-related-tooltip='Compartir en Whatsapp' rel=\"noopener\"><span class='avia_hidden_link_text'>Compartir en Whatsapp<\/span><\/a><\/li><li class='av-share-link av-social-link-linkedin' ><a target=\"_blank\" aria-label=\"Compartir en LinkedIn\" href='https:\/\/linkedin.com\/shareArticle?mini=true&#038;title=Hombre%20de%2053%20a%C3%B1os%20es%20detenido%20por%20abuso%20sexual%2C%20se%20manten%C3%ADa%20pr%C3%B3fugo%20desde%20junio&#038;url=https:\/\/radiorevelacionfm.cl\/?p=44871' aria-hidden='false' data-av_icon='\ue8fc' data-av_iconfont='entypo-fontello' title='' data-avia-related-tooltip='Compartir en LinkedIn' rel=\"noopener\"><span class='avia_hidden_link_text'>Compartir en LinkedIn<\/span><\/a><\/li><li class='av-share-link av-social-link-mail' ><a  aria-label=\"Compartir por correo\" href='mailto:?subject=Hombre%20de%2053%20a%C3%B1os%20es%20detenido%20por%20abuso%20sexual%2C%20se%20manten%C3%ADa%20pr%C3%B3fugo%20desde%20junio&#038;body=https:\/\/radiorevelacionfm.cl\/?p=44871' aria-hidden='false' data-av_icon='\ue805' data-av_iconfont='entypo-fontello' title='' data-avia-related-tooltip='Compartir por correo'><span class='avia_hidden_link_text'>Compartir por correo<\/span><\/a><\/li><\/ul><\/div><\/div>\n<div  style='height:50px' class='hr hr-invisible   avia-builder-el-8  el_after_av_social_share  el_before_av_comments_list '><span class='hr-inner ' ><span class='hr-inner-style'><\/span><\/span><\/div>\n<div  class='av-buildercomment  av-blog-meta-html-info-disabled av-blog-meta-tag-disabled  '><\/div>\n","protected":false},"excerpt":{"rendered":"","protected":false},"author":1,"featured_media":6838,"comment_status":"open","ping_status":"open","sticky":false,"template":"","format":"standard","meta":{"footnotes":""},"categories":[36],"tags":[],"class_list":["post-44871","post","type-post","status-publish","format-standard","has-post-thumbnail","hentry","category-policial"],"jetpack_featured_media_url":"https:\/\/radiorevelacionfm.cl\/wp-content\/uploads\/2021\/07\/pdi-imagen-2_optimized.jpg","_links":{"self":[{"href":"https:\/\/radiorevelacionfm.cl\/index.php?rest_route=\/wp\/v2\/posts\/44871","targetHints":{"allow":["GET"]}}],"collection":[{"href":"https:\/\/radiorevelacionfm.cl\/index.php?rest_route=\/wp\/v2\/posts"}],"about":[{"href":"https:\/\/radiorevelacionfm.cl\/index.php?rest_route=\/wp\/v2\/types\/post"}],"author":[{"embeddable":true,"href":"https:\/\/radiorevelacionfm.cl\/index.php?rest_route=\/wp\/v2\/users\/1"}],"replies":[{"embeddable":true,"href":"https:\/\/radiorevelacionfm.cl\/index.php?rest_route=%2Fwp%2Fv2%2Fcomments&post=44871"}],"version-history":[{"count":1,"href":"https:\/\/radiorevelacionfm.cl\/index.php?rest_route=\/wp\/v2\/posts\/44871\/revisions"}],"predecessor-version":[{"id":44872,"href":"https:\/\/radiorevelacionfm.cl\/index.php?rest_route=\/wp\/v2\/posts\/44871\/revisions\/44872"}],"wp:featuredmedia":[{"embeddable":true,"href":"https:\/\/radiorevelacionfm.cl\/index.php?rest_route=\/wp\/v2\/media\/6838"}],"wp:attachment":[{"href":"https:\/\/radiorevelacionfm.cl\/index.php?rest_route=%2Fwp%2Fv2%2Fmedia&parent=44871"}],"wp:term":[{"taxonomy":"category","embeddable":true,"href":"https:\/\/radiorevelacionfm.cl\/index.php?rest_route=%2Fwp%2Fv2%2Fcategories&post=44871"},{"taxonomy":"post_tag","embeddable":true,"href":"https:\/\/radiorevelacionfm.cl\/index.php?rest_route=%2Fwp%2Fv2%2Ftags&post=44871"}],"curies":[{"name":"wp","href":"https:\/\/api.w.org\/{rel}","templated":true}]}}