{"id":44868,"date":"2024-08-07T12:02:05","date_gmt":"2024-08-07T15:02:05","guid":{"rendered":"https:\/\/radiorevelacionfm.cl\/?p=44868"},"modified":"2024-08-07T12:02:05","modified_gmt":"2024-08-07T15:02:05","slug":"espacios-culturales-de-aysen-presentes-en-seminario-de-artes-visuales-en-valparaiso","status":"publish","type":"post","link":"https:\/\/radiorevelacionfm.cl\/?p=44868","title":{"rendered":"Espacios Culturales de Ays\u00e9n presentes en Seminario de Artes Visuales en Valpara\u00edso"},"content":{"rendered":"<div class=\"flex_column av_one_full  flex_column_div av-zero-column-padding first  avia-builder-el-0  el_before_av_one_full  avia-builder-el-first  \" style='border-radius:0px; '><div  class='avia-image-container  av-styling-    avia-builder-el-1  avia-builder-el-no-sibling  avia-align-center '  itemprop=\"image\" itemscope=\"itemscope\" itemtype=\"https:\/\/schema.org\/ImageObject\"  ><div class='avia-image-container-inner'><div class='avia-image-overlay-wrap'><img decoding=\"async\" class='wp-image-44869 avia-img-lazy-loading-not-44869 avia_image' src=\"https:\/\/radiorevelacionfm.cl\/wp-content\/uploads\/2024\/08\/encuentro-valpo-1-1_optimized-1.jpeg\" alt='' title='encuentro-valpo-(1)-(1)_optimized (1)' height=\"600\" width=\"900\"  itemprop=\"thumbnailUrl\" srcset=\"https:\/\/radiorevelacionfm.cl\/wp-content\/uploads\/2024\/08\/encuentro-valpo-1-1_optimized-1.jpeg 900w, https:\/\/radiorevelacionfm.cl\/wp-content\/uploads\/2024\/08\/encuentro-valpo-1-1_optimized-1-300x200.jpeg 300w, https:\/\/radiorevelacionfm.cl\/wp-content\/uploads\/2024\/08\/encuentro-valpo-1-1_optimized-1-768x512.jpeg 768w, https:\/\/radiorevelacionfm.cl\/wp-content\/uploads\/2024\/08\/encuentro-valpo-1-1_optimized-1-705x470.jpeg 705w, https:\/\/radiorevelacionfm.cl\/wp-content\/uploads\/2024\/08\/encuentro-valpo-1-1_optimized-1-450x300.jpeg 450w, https:\/\/radiorevelacionfm.cl\/wp-content\/uploads\/2024\/08\/encuentro-valpo-1-1_optimized-1-600x400.jpeg 600w\" sizes=\"(max-width: 900px) 100vw, 900px\" \/><\/div><\/div><\/div><\/div>\n<div class=\"flex_column av_one_full  flex_column_div av-zero-column-padding first  avia-builder-el-2  el_after_av_one_full  el_before_av_one_full  column-top-margin\" style='border-radius:0px; '><section class=\"av_textblock_section \"  itemscope=\"itemscope\" itemtype=\"https:\/\/schema.org\/BlogPosting\" itemprop=\"blogPost\" ><div class='avia_textblock  '   itemprop=\"text\" ><p style=\"text-align: center;\"><span style=\"font-size: 18pt;\"><b>Espacios Culturales de Ays\u00e9n presentes en Seminario de Artes Visuales en Valpara\u00edso<\/b><\/span><\/p>\n<div id=\"gtx-trans\" style=\"position: absolute; left: -50px; top: 4.31534px;\">\n<div class=\"gtx-trans-icon\"><\/div>\n<\/div>\n<\/div><\/section><\/div>\n<div class=\"flex_column av_one_full  flex_column_div av-zero-column-padding first  avia-builder-el-4  el_after_av_one_full  el_before_av_hr  column-top-margin\" style='border-radius:0px; '><section class=\"av_textblock_section \"  itemscope=\"itemscope\" itemtype=\"https:\/\/schema.org\/BlogPosting\" itemprop=\"blogPost\" ><div class='avia_textblock  '   itemprop=\"text\" ><p style=\"text-align: justify;\">Los desaf\u00edos del programa Red Cultura del Departamento de Ciudadan\u00eda Cultural del Ministerio de las Culturas estuvieron en el centro de las conversaciones y los intercambios de experiencias que se dieron durante el Seminario de Artes de la Visualidad en Valpara\u00edso.<\/p>\n<p style=\"text-align: justify;\">Se reunieron 70 representantes de espacios culturales de todo el pa\u00eds entre ellos, Carolina Pinochet, directora del Centro Cultural Coyhaique; Danilo Cruces, acordeonista y encargado del Centro Cultural de la Municipalidad de Cochrane; Pedro Urbano, actor y director de Centro Cultural Casa Alerce; y el grabador y artista visual Sebasti\u00e1n Pe\u00f1a del Taller La Chalupa de Puerto Cisnes.<\/p>\n<p style=\"text-align: justify;\">Durante el desarrollo del seminario, que adem\u00e1s cont\u00f3 con un taller, se conocieron experiencias locales y se analizaron aspectos como el guion, la curadur\u00eda, la conservaci\u00f3n y el manejo de obras, adem\u00e1s de t\u00e9cnicas de montaje y materialidades.<\/p>\n<p style=\"text-align: justify;\">El encuentro fue organizado en conjunto con el Museo Nacional de Bellas Artes en el Espacio Cultural La Compa\u00f1\u00eda de Valpara\u00edso, y permiti\u00f3 conocer 11 ponencias en profundidad, de expositores y expositoras vinculados a las artes visuales en sus diferentes \u00e1mbitos de acci\u00f3n.<\/p>\n<p style=\"text-align: justify;\">Carolina Pinochet, directora del Centro Cultural Coyhaique, dijo que \u00ablos asistentes lograron generar instancias para compartir, aprender y conocerse. Y para ser conscientes de que el trabajo colaborativo es necesario para poder desarrollar actividades culturales o patrimoniales. El poder reconocernos tambi\u00e9n nos va a permitir ayudarnos y proyectar actividades que puedan sumar. El programa fue muy variado y tuvo un enfoque bastante pr\u00e1ctico; y desde la regi\u00f3n, rescato que pudi\u00e9semos asistir cuatro representantes de diversas comunas. Esto nos afianza como gestores culturales y nos hace conscientes para ir proyect\u00e1ndonos en un trabajo colaborativo\u00bb.<\/p>\n<p style=\"text-align: justify;\">El Seremi de Culturas Ays\u00e9n, Felipe Quiroz, opin\u00f3 que \u00abes fundamental para las y los gestores y creadores de todo nuestro territorio, conocer otras experiencias de otros puntos del pa\u00eds, recoger soluciones, manifestar inquietudes y, en definitiva, ir retroaliment\u00e1ndose de otros ecosistemas culturales que al cabo de las jornadas de trabajo se parecen mucho unos a otros, tanto en las dificultades como en los aciertos. Estas jornadas que generan transferencia de conocimientos son, a mi juicio, una piedra angular del desarrollo colectivo y comunitario de los territorios\u00bb.<\/p>\n<p style=\"text-align: justify;\">Para el grabador del Taller la Chalupa de Cisnes, Sebasti\u00e1n Pe\u00f1a, \u00abfue una experiencia muy enriquecedora porque finalmente te encuentras con trabajadores y trabajadoras culturales de todo Chile y eso hace que puedas intercambiar, ver el estado de la cuesti\u00f3n. Hay mucho en com\u00fan y se fortalecen las redes\u00bb.<\/p>\n<\/div><\/section><\/div><div  style='height:50px' class='hr hr-invisible   avia-builder-el-6  el_after_av_one_full  el_before_av_social_share '><span class='hr-inner ' ><span class='hr-inner-style'><\/span><\/span><\/div><\/p>\n<div  class='av-social-sharing-box  avia-builder-el-7  el_after_av_hr  el_before_av_hr  '><div class='av-share-box'><h5 class='av-share-link-description av-no-toc '>Compartir esta noticia<\/h5><ul class='av-share-box-list noLightbox'><li class='av-share-link av-social-link-facebook' ><a target=\"_blank\" aria-label=\"Compartir en Facebook\" href='https:\/\/www.facebook.com\/sharer.php?u=https:\/\/radiorevelacionfm.cl\/?p=44868&#038;t=Espacios%20Culturales%20de%20Ays%C3%A9n%20presentes%20en%20Seminario%20de%20Artes%20Visuales%20en%20Valpara%C3%ADso' aria-hidden='false' data-av_icon='\ue8f3' data-av_iconfont='entypo-fontello' title='' data-avia-related-tooltip='Compartir en Facebook' rel=\"noopener\"><span class='avia_hidden_link_text'>Compartir en Facebook<\/span><\/a><\/li><li class='av-share-link av-social-link-twitter' ><a target=\"_blank\" aria-label=\"Compartir en Twitter\" href='https:\/\/twitter.com\/share?text=Espacios%20Culturales%20de%20Ays%C3%A9n%20presentes%20en%20Seminario%20de%20Artes%20Visuales%20en%20Valpara%C3%ADso&#038;url=https:\/\/radiorevelacionfm.cl\/?p=44868' aria-hidden='false' data-av_icon='\ue8f1' data-av_iconfont='entypo-fontello' title='' data-avia-related-tooltip='Compartir en Twitter' rel=\"noopener\"><span class='avia_hidden_link_text'>Compartir en Twitter<\/span><\/a><\/li><li class='av-share-link av-social-link-whatsapp' ><a target=\"_blank\" aria-label=\"Compartir en Whatsapp\" href='https:\/\/api.whatsapp.com\/send?text=https:\/\/radiorevelacionfm.cl\/?p=44868' aria-hidden='false' data-av_icon='\uf232' data-av_iconfont='entypo-fontello' title='' data-avia-related-tooltip='Compartir en Whatsapp' rel=\"noopener\"><span class='avia_hidden_link_text'>Compartir en Whatsapp<\/span><\/a><\/li><li class='av-share-link av-social-link-linkedin' ><a target=\"_blank\" aria-label=\"Compartir en LinkedIn\" href='https:\/\/linkedin.com\/shareArticle?mini=true&#038;title=Espacios%20Culturales%20de%20Ays%C3%A9n%20presentes%20en%20Seminario%20de%20Artes%20Visuales%20en%20Valpara%C3%ADso&#038;url=https:\/\/radiorevelacionfm.cl\/?p=44868' aria-hidden='false' data-av_icon='\ue8fc' data-av_iconfont='entypo-fontello' title='' data-avia-related-tooltip='Compartir en LinkedIn' rel=\"noopener\"><span class='avia_hidden_link_text'>Compartir en LinkedIn<\/span><\/a><\/li><li class='av-share-link av-social-link-mail' ><a  aria-label=\"Compartir por correo\" href='mailto:?subject=Espacios%20Culturales%20de%20Ays%C3%A9n%20presentes%20en%20Seminario%20de%20Artes%20Visuales%20en%20Valpara%C3%ADso&#038;body=https:\/\/radiorevelacionfm.cl\/?p=44868' aria-hidden='false' data-av_icon='\ue805' data-av_iconfont='entypo-fontello' title='' data-avia-related-tooltip='Compartir por correo'><span class='avia_hidden_link_text'>Compartir por correo<\/span><\/a><\/li><\/ul><\/div><\/div>\n<div  style='height:50px' class='hr hr-invisible   avia-builder-el-8  el_after_av_social_share  el_before_av_comments_list '><span class='hr-inner ' ><span class='hr-inner-style'><\/span><\/span><\/div>\n<div  class='av-buildercomment  av-blog-meta-html-info-disabled av-blog-meta-tag-disabled  '><\/div>\n","protected":false},"excerpt":{"rendered":"","protected":false},"author":1,"featured_media":44869,"comment_status":"open","ping_status":"open","sticky":false,"template":"","format":"standard","meta":{"footnotes":""},"categories":[52],"tags":[],"class_list":["post-44868","post","type-post","status-publish","format-standard","has-post-thumbnail","hentry","category-cultura"],"jetpack_featured_media_url":"https:\/\/radiorevelacionfm.cl\/wp-content\/uploads\/2024\/08\/encuentro-valpo-1-1_optimized-1.jpeg","_links":{"self":[{"href":"https:\/\/radiorevelacionfm.cl\/index.php?rest_route=\/wp\/v2\/posts\/44868","targetHints":{"allow":["GET"]}}],"collection":[{"href":"https:\/\/radiorevelacionfm.cl\/index.php?rest_route=\/wp\/v2\/posts"}],"about":[{"href":"https:\/\/radiorevelacionfm.cl\/index.php?rest_route=\/wp\/v2\/types\/post"}],"author":[{"embeddable":true,"href":"https:\/\/radiorevelacionfm.cl\/index.php?rest_route=\/wp\/v2\/users\/1"}],"replies":[{"embeddable":true,"href":"https:\/\/radiorevelacionfm.cl\/index.php?rest_route=%2Fwp%2Fv2%2Fcomments&post=44868"}],"version-history":[{"count":2,"href":"https:\/\/radiorevelacionfm.cl\/index.php?rest_route=\/wp\/v2\/posts\/44868\/revisions"}],"predecessor-version":[{"id":44884,"href":"https:\/\/radiorevelacionfm.cl\/index.php?rest_route=\/wp\/v2\/posts\/44868\/revisions\/44884"}],"wp:featuredmedia":[{"embeddable":true,"href":"https:\/\/radiorevelacionfm.cl\/index.php?rest_route=\/wp\/v2\/media\/44869"}],"wp:attachment":[{"href":"https:\/\/radiorevelacionfm.cl\/index.php?rest_route=%2Fwp%2Fv2%2Fmedia&parent=44868"}],"wp:term":[{"taxonomy":"category","embeddable":true,"href":"https:\/\/radiorevelacionfm.cl\/index.php?rest_route=%2Fwp%2Fv2%2Fcategories&post=44868"},{"taxonomy":"post_tag","embeddable":true,"href":"https:\/\/radiorevelacionfm.cl\/index.php?rest_route=%2Fwp%2Fv2%2Ftags&post=44868"}],"curies":[{"name":"wp","href":"https:\/\/api.w.org\/{rel}","templated":true}]}}