{"id":44862,"date":"2024-08-06T21:43:26","date_gmt":"2024-08-07T00:43:26","guid":{"rendered":"https:\/\/radiorevelacionfm.cl\/?p=44862"},"modified":"2024-08-06T21:43:26","modified_gmt":"2024-08-07T00:43:26","slug":"aquachile-realiza-seminario-de-fortalecimiento-de-proveedores-en-puerto-chacabuco","status":"publish","type":"post","link":"https:\/\/radiorevelacionfm.cl\/?p=44862","title":{"rendered":"AquaChile realiza Seminario de Fortalecimiento de Proveedores en Puerto Chacabuco"},"content":{"rendered":"<div class=\"flex_column av_one_full  flex_column_div av-zero-column-padding first  avia-builder-el-0  el_before_av_one_full  avia-builder-el-first  \" style='border-radius:0px; '><div  class='avia-image-container  av-styling-    avia-builder-el-1  avia-builder-el-no-sibling  avia-align-center '  itemprop=\"image\" itemscope=\"itemscope\" itemtype=\"https:\/\/schema.org\/ImageObject\"  ><div class='avia-image-container-inner'><div class='avia-image-overlay-wrap'><img decoding=\"async\" class='wp-image-44863 avia-img-lazy-loading-not-44863 avia_image' src=\"https:\/\/radiorevelacionfm.cl\/wp-content\/uploads\/2024\/08\/Seminario-de-Proveedores-OK-Pescaysen-1-1.jpg\" alt='' title='Seminario de Proveedores OK Pescaysen (1) (1)' height=\"600\" width=\"1066\"  itemprop=\"thumbnailUrl\" srcset=\"https:\/\/radiorevelacionfm.cl\/wp-content\/uploads\/2024\/08\/Seminario-de-Proveedores-OK-Pescaysen-1-1.jpg 1066w, https:\/\/radiorevelacionfm.cl\/wp-content\/uploads\/2024\/08\/Seminario-de-Proveedores-OK-Pescaysen-1-1-300x169.jpg 300w, https:\/\/radiorevelacionfm.cl\/wp-content\/uploads\/2024\/08\/Seminario-de-Proveedores-OK-Pescaysen-1-1-1030x580.jpg 1030w, https:\/\/radiorevelacionfm.cl\/wp-content\/uploads\/2024\/08\/Seminario-de-Proveedores-OK-Pescaysen-1-1-768x432.jpg 768w, https:\/\/radiorevelacionfm.cl\/wp-content\/uploads\/2024\/08\/Seminario-de-Proveedores-OK-Pescaysen-1-1-705x397.jpg 705w, https:\/\/radiorevelacionfm.cl\/wp-content\/uploads\/2024\/08\/Seminario-de-Proveedores-OK-Pescaysen-1-1-450x253.jpg 450w, https:\/\/radiorevelacionfm.cl\/wp-content\/uploads\/2024\/08\/Seminario-de-Proveedores-OK-Pescaysen-1-1-600x338.jpg 600w\" sizes=\"(max-width: 1066px) 100vw, 1066px\" \/><\/div><\/div><\/div><\/div><div class=\"flex_column av_one_full  flex_column_div av-zero-column-padding first  avia-builder-el-2  el_after_av_one_full  el_before_av_one_full  column-top-margin\" style='border-radius:0px; '><section class=\"av_textblock_section \"  itemscope=\"itemscope\" itemtype=\"https:\/\/schema.org\/BlogPosting\" itemprop=\"blogPost\" ><div class='avia_textblock  '   itemprop=\"text\" ><p style=\"text-align: center;\"><span style=\"font-size: 18pt;\"><b><span lang=\"ES\">AquaChile\u00a0<a name=\"_Hlk173834639\"><\/a>realiza Seminario de Fortalecimiento de Proveedores en Puerto Chacabuco<\/span><\/b><\/span><\/p>\n<div id=\"gtx-trans\" style=\"position: absolute; left: -50px; top: 4.31534px;\">\n<div class=\"gtx-trans-icon\"><\/div>\n<\/div>\n<\/div><\/section><\/div><div class=\"flex_column av_one_full  flex_column_div av-zero-column-padding first  avia-builder-el-4  el_after_av_one_full  el_before_av_hr  column-top-margin\" style='border-radius:0px; '><section class=\"av_textblock_section \"  itemscope=\"itemscope\" itemtype=\"https:\/\/schema.org\/BlogPosting\" itemprop=\"blogPost\" ><div class='avia_textblock  '   itemprop=\"text\" ><p class=\"v1MsoNormal\" style=\"text-align: justify;\"><span lang=\"ES\">El pasado mi\u00e9rcoles 31 de julio, AquaChile realiz\u00f3 su Seminario de Fortalecimiento de Proveedores en Puerto Chacabuco, un nuevo encuentro con proveedores e interesados de emprender, quienes se reunieron con representantes de esta empresa l\u00edder en la producci\u00f3n de salm\u00f3n. La industria del salm\u00f3n es la segunda m\u00e1s grande del pa\u00eds, justo detr\u00e1s del cobre y el litio.<\/span><\/p>\n<p class=\"v1MsoNormal\" style=\"text-align: justify;\"><span lang=\"ES\">M\u00e1s de un centenar de personas se dieron cita en Hotel Lober\u00edas del Sur para participar de una nutrida jornada de formaci\u00f3n, la que consider\u00f3 presentaciones de las \u00e1reas de Adquisiciones, Ciclo de Compras, Certilap, Seguridad Ocupacional, Operaciones, Mantenci\u00f3n y Medio Ambiente.<\/span><\/p>\n<p class=\"v1MsoNormal\" style=\"text-align: justify;\"><span lang=\"ES-CL\">\u00abEl impacto de este seminario es s\u00faper positivo, porque nos da la oportunidad a las empresas locales de poder ejercer, poder trabajar y tambi\u00e9n poder dar trabajo a nuestros colaboradores. Los que son de aqu\u00ed, de la provincia de Ays\u00e9n. Esto es tremendamente importante, e impacta positivamente\u00bb, se\u00f1al\u00f3\u00a0<\/span><span lang=\"ES\">Ver\u00f3nica Ruiz, representante de Transportes Mcdowell, una de las empresas proveedoras de AquaChile.<\/span><\/p>\n<p class=\"v1MsoNormal\" style=\"text-align: justify;\"><span lang=\"ES\">La gran cantidad de proveedores que se reunieron en el Seminario abarcaba diversas prestaciones de servicios en las distintas \u00e1reas que tiene la empresa, tales como, transporte mar\u00edtimo y terrestre, fondeos, cabotaje, banqueter\u00eda, limpiezas de playas, servicios digitales, OTEC, instalaciones el\u00e9ctricas, entre muchas otras.\u00a0<\/span><\/p>\n<p class=\"v1MsoNormal\" style=\"text-align: justify;\"><span lang=\"ES\">Ese d\u00eda tambi\u00e9n estuvo presente el BCI, quien hizo una presentaci\u00f3n de incentivos tributarios y Corfo. Ellos dieron a conocer su parrilla program\u00e1tica y tambi\u00e9n mostraron un caso de \u00e9xito de la Corporaci\u00f3n: el caso de Pesca Ays\u00e9n, una empresa que revaloriza los residuos pl\u00e1sticos recolectados a trav\u00e9s de las limpiezas de playas, elaborando desde embarcaciones hasta madera pl\u00e1stica para la posterior elaboraci\u00f3n de diversos productos.<\/span><\/p>\n<p class=\"v1MsoNormal\" style=\"text-align: justify;\"><span lang=\"ES-CL\">Por su parte, Katia Inostroza representante de la empresa Pesca Ays\u00e9n, coment\u00f3 \u00abAquaChile ha tenido la deferencia siempre de trabajar mucho el encadenamiento productivo regional. Eso se agradece, se prima primero a los trabajadores de la regi\u00f3n de Ays\u00e9n y estas instancias vienen a educarnos, a ense\u00f1arnos c\u00f3mo ser mejores proveedores, c\u00f3mo desarrollarnos, reparar errores que cometemos a veces por desconocimiento.\u00bb Asimismo, se\u00f1al\u00f3 que es segundo a\u00f1o consecutivo que como proveedores en Ays\u00e9n asisten a estos encuentros, afirmando que siempre hay algo que aprender, agregando que, \u00abes bien entretenido lo que ocurre porque a pesar de que trabajamos juntos todo el a\u00f1o y nos escribimos muy frecuentemente, ver hoy d\u00eda las caras, abrazarse, poder conocerse, ese trato cercano, es sin duda un incentivo grande para poder sentir que somos parte de AquaChile.\u00bb\u00a0<\/span><\/p>\n<p class=\"v1MsoNormal\" style=\"text-align: justify;\"><span lang=\"ES\">En la oportunidad, Mat\u00edas Broussaingaray del Programa FPYME Ays\u00e9n de Corfo, agradeci\u00f3 la instancia, valor\u00e1ndola y celebrando el hecho que las empresas cuando comienzan a trabajar con AquaChile se abren las puertas a la industria. \u00ab<\/span><span lang=\"ES-CL\">Hemos llegado a las empresas acu\u00edcolas justamente a trav\u00e9s de AquaChile, a trav\u00e9s de una red de fortalecimiento que formamos con ellos para sus proveedores, a trav\u00e9s de cursos de digitalizaci\u00f3n, de Excel, de redes sociales, etc. Entonces hemos llegado a m\u00e1s de 25 empresas proveedores de AquaChile y hemos continuado trabajando con 4 de ellas haciendo una asesor\u00eda un poco m\u00e1s detallada, mejorando procesos, agilizando procesos dentro de sus compa\u00f1\u00edas.\u00bb\u00a0<\/span><\/p>\n<p class=\"v1MsoNormal\" style=\"text-align: justify;\"><span lang=\"ES-CL\">Asimismo, el representante de Servicios Kuntur, Ren\u00e9 Villegas, valor\u00f3 la instancia e indic\u00f3 \u00abnos ayuda a ver qu\u00e9 otras cosas se est\u00e1n haciendo en la industria, nos ayuda ver a otros proveedores con los que nos podemos relacionar en nuestros mismos funcionamientos. Para as\u00ed, actualizarnos dentro de los requerimientos y legislaciones que van cambiando continuamente.\u00bb\u00a0<\/span><\/p>\n<p class=\"v1MsoNormal\" style=\"text-align: justify;\"><span lang=\"ES\">Finalmente, Ximena Sol\u00eds, jefa de Comunidades Ays\u00e9n, se\u00f1al\u00f3, \u00abestamos contentos no s\u00f3lo por este gran inter\u00e9s de los proveedores, sino tambi\u00e9n porque desde hace un par de a\u00f1os nuestra relaci\u00f3n ha crecido fruct\u00edferamente y eso nos desaf\u00eda constantemente a contribuir y apoyar su fortalecimiento. Desde ese prop\u00f3sito, nace este Seminario, el que tuvo como objetivo entregar herramientas que permitan optimizar los servicios, resolver dudas, recoger impresiones, dialogar y alinearnos en los desaf\u00edos ambientales, entre otras cosas. As\u00ed como tambi\u00e9n invitarlos a ampliar las prestaciones de servicios, incorporar tecnolog\u00eda e innovaci\u00f3n en ellos, porque creemos que, de esta manera, crecemos de la mano y juntos contribuimos al crecimiento y desarrollo local de la regi\u00f3n de Ays\u00e9n\u00bb.<\/span><\/p>\n<\/div><\/section><\/div><div  style='height:50px' class='hr hr-invisible   avia-builder-el-6  el_after_av_one_full  el_before_av_social_share '><span class='hr-inner ' ><span class='hr-inner-style'><\/span><\/span><\/div><\/p>\n<div  class='av-social-sharing-box  avia-builder-el-7  el_after_av_hr  el_before_av_hr  '><div class='av-share-box'><h5 class='av-share-link-description av-no-toc '>Compartir esta noticia<\/h5><ul class='av-share-box-list noLightbox'><li class='av-share-link av-social-link-facebook' ><a target=\"_blank\" aria-label=\"Compartir en Facebook\" href='https:\/\/www.facebook.com\/sharer.php?u=https:\/\/radiorevelacionfm.cl\/?p=44862&#038;t=AquaChile%20realiza%20Seminario%20de%20Fortalecimiento%20de%20Proveedores%20en%20Puerto%20Chacabuco' aria-hidden='false' data-av_icon='\ue8f3' data-av_iconfont='entypo-fontello' title='' data-avia-related-tooltip='Compartir en Facebook' rel=\"noopener\"><span class='avia_hidden_link_text'>Compartir en Facebook<\/span><\/a><\/li><li class='av-share-link av-social-link-twitter' ><a target=\"_blank\" aria-label=\"Compartir en Twitter\" href='https:\/\/twitter.com\/share?text=AquaChile%20realiza%20Seminario%20de%20Fortalecimiento%20de%20Proveedores%20en%20Puerto%20Chacabuco&#038;url=https:\/\/radiorevelacionfm.cl\/?p=44862' aria-hidden='false' data-av_icon='\ue8f1' data-av_iconfont='entypo-fontello' title='' data-avia-related-tooltip='Compartir en Twitter' rel=\"noopener\"><span class='avia_hidden_link_text'>Compartir en Twitter<\/span><\/a><\/li><li class='av-share-link av-social-link-whatsapp' ><a target=\"_blank\" aria-label=\"Compartir en Whatsapp\" href='https:\/\/api.whatsapp.com\/send?text=https:\/\/radiorevelacionfm.cl\/?p=44862' aria-hidden='false' data-av_icon='\uf232' data-av_iconfont='entypo-fontello' title='' data-avia-related-tooltip='Compartir en Whatsapp' rel=\"noopener\"><span class='avia_hidden_link_text'>Compartir en Whatsapp<\/span><\/a><\/li><li class='av-share-link av-social-link-linkedin' ><a target=\"_blank\" aria-label=\"Compartir en LinkedIn\" href='https:\/\/linkedin.com\/shareArticle?mini=true&#038;title=AquaChile%20realiza%20Seminario%20de%20Fortalecimiento%20de%20Proveedores%20en%20Puerto%20Chacabuco&#038;url=https:\/\/radiorevelacionfm.cl\/?p=44862' aria-hidden='false' data-av_icon='\ue8fc' data-av_iconfont='entypo-fontello' title='' data-avia-related-tooltip='Compartir en LinkedIn' rel=\"noopener\"><span class='avia_hidden_link_text'>Compartir en LinkedIn<\/span><\/a><\/li><li class='av-share-link av-social-link-mail' ><a  aria-label=\"Compartir por correo\" href='mailto:?subject=AquaChile%20realiza%20Seminario%20de%20Fortalecimiento%20de%20Proveedores%20en%20Puerto%20Chacabuco&#038;body=https:\/\/radiorevelacionfm.cl\/?p=44862' aria-hidden='false' data-av_icon='\ue805' data-av_iconfont='entypo-fontello' title='' data-avia-related-tooltip='Compartir por correo'><span class='avia_hidden_link_text'>Compartir por correo<\/span><\/a><\/li><\/ul><\/div><\/div>\n<div  style='height:50px' class='hr hr-invisible   avia-builder-el-8  el_after_av_social_share  el_before_av_comments_list '><span class='hr-inner ' ><span class='hr-inner-style'><\/span><\/span><\/div>\n<div  class='av-buildercomment  av-blog-meta-html-info-disabled av-blog-meta-tag-disabled  '><\/div>\n","protected":false},"excerpt":{"rendered":"","protected":false},"author":1,"featured_media":44863,"comment_status":"open","ping_status":"open","sticky":false,"template":"","format":"standard","meta":{"footnotes":""},"categories":[60],"tags":[],"class_list":["post-44862","post","type-post","status-publish","format-standard","has-post-thumbnail","hentry","category-pesca"],"jetpack_featured_media_url":"https:\/\/radiorevelacionfm.cl\/wp-content\/uploads\/2024\/08\/Seminario-de-Proveedores-OK-Pescaysen-1-1.jpg","_links":{"self":[{"href":"https:\/\/radiorevelacionfm.cl\/index.php?rest_route=\/wp\/v2\/posts\/44862","targetHints":{"allow":["GET"]}}],"collection":[{"href":"https:\/\/radiorevelacionfm.cl\/index.php?rest_route=\/wp\/v2\/posts"}],"about":[{"href":"https:\/\/radiorevelacionfm.cl\/index.php?rest_route=\/wp\/v2\/types\/post"}],"author":[{"embeddable":true,"href":"https:\/\/radiorevelacionfm.cl\/index.php?rest_route=\/wp\/v2\/users\/1"}],"replies":[{"embeddable":true,"href":"https:\/\/radiorevelacionfm.cl\/index.php?rest_route=%2Fwp%2Fv2%2Fcomments&post=44862"}],"version-history":[{"count":1,"href":"https:\/\/radiorevelacionfm.cl\/index.php?rest_route=\/wp\/v2\/posts\/44862\/revisions"}],"predecessor-version":[{"id":44864,"href":"https:\/\/radiorevelacionfm.cl\/index.php?rest_route=\/wp\/v2\/posts\/44862\/revisions\/44864"}],"wp:featuredmedia":[{"embeddable":true,"href":"https:\/\/radiorevelacionfm.cl\/index.php?rest_route=\/wp\/v2\/media\/44863"}],"wp:attachment":[{"href":"https:\/\/radiorevelacionfm.cl\/index.php?rest_route=%2Fwp%2Fv2%2Fmedia&parent=44862"}],"wp:term":[{"taxonomy":"category","embeddable":true,"href":"https:\/\/radiorevelacionfm.cl\/index.php?rest_route=%2Fwp%2Fv2%2Fcategories&post=44862"},{"taxonomy":"post_tag","embeddable":true,"href":"https:\/\/radiorevelacionfm.cl\/index.php?rest_route=%2Fwp%2Fv2%2Ftags&post=44862"}],"curies":[{"name":"wp","href":"https:\/\/api.w.org\/{rel}","templated":true}]}}