{"id":44860,"date":"2024-08-06T18:27:20","date_gmt":"2024-08-06T21:27:20","guid":{"rendered":"https:\/\/radiorevelacionfm.cl\/?p=44860"},"modified":"2024-08-06T18:27:20","modified_gmt":"2024-08-06T21:27:20","slug":"diputado-calisto-hace-gestiones-con-ministro-de-hacienda-por-deficit-de-becas-pagos-podrian-comenzar-en-septiembre","status":"publish","type":"post","link":"https:\/\/radiorevelacionfm.cl\/?p=44860","title":{"rendered":"Diputado Calisto hace gestiones con Ministro de Hacienda por d\u00e9ficit de becas: Pagos podr\u00edan comenzar en Septiembre"},"content":{"rendered":"<div class=\"flex_column av_one_full  flex_column_div av-zero-column-padding first  avia-builder-el-0  el_before_av_one_full  avia-builder-el-first  \" style='border-radius:0px; '><div  class='avia-image-container  av-styling-    avia-builder-el-1  avia-builder-el-no-sibling  avia-align-center '  itemprop=\"image\" itemscope=\"itemscope\" itemtype=\"https:\/\/schema.org\/ImageObject\"  ><div class='avia-image-container-inner'><div class='avia-image-overlay-wrap'><img decoding=\"async\" class='wp-image-36275 avia-img-lazy-loading-not-36275 avia_image' src=\"https:\/\/radiorevelacionfm.cl\/wp-content\/uploads\/2023\/10\/con-mario-marcel-2-1_optimized.jpg\" alt='' title='con-mario-marcel-(2)-(1)_optimized' height=\"600\" width=\"710\"  itemprop=\"thumbnailUrl\" srcset=\"https:\/\/radiorevelacionfm.cl\/wp-content\/uploads\/2023\/10\/con-mario-marcel-2-1_optimized.jpg 710w, https:\/\/radiorevelacionfm.cl\/wp-content\/uploads\/2023\/10\/con-mario-marcel-2-1_optimized-300x254.jpg 300w, https:\/\/radiorevelacionfm.cl\/wp-content\/uploads\/2023\/10\/con-mario-marcel-2-1_optimized-705x596.jpg 705w, https:\/\/radiorevelacionfm.cl\/wp-content\/uploads\/2023\/10\/con-mario-marcel-2-1_optimized-450x380.jpg 450w, https:\/\/radiorevelacionfm.cl\/wp-content\/uploads\/2023\/10\/con-mario-marcel-2-1_optimized-600x507.jpg 600w\" sizes=\"(max-width: 710px) 100vw, 710px\" \/><\/div><\/div><\/div><\/div><div class=\"flex_column av_one_full  flex_column_div av-zero-column-padding first  avia-builder-el-2  el_after_av_one_full  el_before_av_one_full  column-top-margin\" style='border-radius:0px; '><section class=\"av_textblock_section \"  itemscope=\"itemscope\" itemtype=\"https:\/\/schema.org\/BlogPosting\" itemprop=\"blogPost\" ><div class='avia_textblock  '   itemprop=\"text\" ><p style=\"text-align: center;\"><span style=\"font-size: 18pt;\"><b>Diputado Calisto hace gestiones con Ministro de Hacienda por d\u00e9ficit de becas: Pagos podr\u00edan comenzar en Septiembre<\/b><\/span><\/p>\n<div id=\"gtx-trans\" style=\"position: absolute; left: -50px; top: 4.31534px;\">\n<div class=\"gtx-trans-icon\"><\/div>\n<\/div>\n<\/div><\/section><\/div><div class=\"flex_column av_one_full  flex_column_div av-zero-column-padding first  avia-builder-el-4  el_after_av_one_full  el_before_av_hr  column-top-margin\" style='border-radius:0px; '><section class=\"av_textblock_section \"  itemscope=\"itemscope\" itemtype=\"https:\/\/schema.org\/BlogPosting\" itemprop=\"blogPost\" ><div class='avia_textblock  '   itemprop=\"text\" ><p style=\"text-align: justify;\"><em>El legislador adem\u00e1s critic\u00f3 al Gobierno, acusando cierta indolencia por la demora de los beneficios.<\/em><\/p>\n<p style=\"text-align: justify;\">El diputado Miguel \u00c1ngel Calisto ha seguido insistiendo con distintas autoridades para concretar la entrega de la beca Patagonia a los 279 alumnos que cumplen con los requisitos pero que aun no acceden al beneficio. El legislador le plante\u00f3 esta problem\u00e1tica al Ministro de Hacienda, Mario Marcel, asegurando que \u201cel Gobierno ha sido indolente\u201d con estos j\u00f3venes y sus familias.<\/p>\n<p style=\"text-align: justify;\">Seg\u00fan el legislador, \u201cseguimos preocupados por los 279 j\u00f3venes de la regi\u00f3n que esperan que se liberen los recursos para la beca Patagonia. En total, hay cerca de 6 mil j\u00f3venes que est\u00e1n beneficiados con distintas becas, de esos, unos 3 mil tienen beca Patagonia, pero lamentablemente tenemos este d\u00e9ficit de alumnos que cumplen los requisitos y que aun no han sido becados\u201d.<\/p>\n<p style=\"text-align: justify;\">\u201cHemos hecho distintas gestiones y la soluci\u00f3n pasa por dos cosas, primero una reasignaci\u00f3n presupuestaria, que ya la conversamos con el Ministro de Hacienda, Mario Marcel, esto permitir\u00e1 que con los recursos propios de la Junaeb se alcanza una cobertura aproximada de un 80% de los cupos que faltan, es decir 223 alumnos. El 20% restante ser\u00eda abordado por una modificaci\u00f3n del presupuesto\u201d, se\u00f1al\u00f3.<\/p>\n<p style=\"text-align: justify;\">Calisto agreg\u00f3 que \u201ccomo todos los a\u00f1os, nosotros estamos haciendo esta gesti\u00f3n, pero nunca hab\u00edamos tenido tantos alumnos que cumplen los requisitos, sin becas. Esto se tendr\u00e1 que abordar con dos gestiones en el mismo ministerio. Esperamos que la reasignaci\u00f3n se resuelva ahora en Septiembre, pero la modificaci\u00f3n presupuestaria se demora un poco m\u00e1s, por lo que podr\u00eda salir el mes de noviembre\u201d.<\/p>\n<p style=\"text-align: justify;\">Finalmente, el diputado Calisto se\u00f1al\u00f3 que \u201ces lamentable que los j\u00f3venes tengan que esperar tanto tiempo. Ac\u00e1 ha habido una indolencia por parte del Gobierno que no prev\u00e9 este tipo de cosas. Tienen a los alumnos desde marzo en la universidad, y reci\u00e9n en septiembre se reasignar\u00e1n recursos y en noviembre llegar\u00e1n los recursos para el \u00faltimo 20%. Los chicos est\u00e1n pas\u00e1ndolo mal\u201d.<\/p>\n<\/div><\/section><\/div><div  style='height:50px' class='hr hr-invisible   avia-builder-el-6  el_after_av_one_full  el_before_av_social_share '><span class='hr-inner ' ><span class='hr-inner-style'><\/span><\/span><\/div><\/p>\n<div  class='av-social-sharing-box  avia-builder-el-7  el_after_av_hr  el_before_av_hr  '><div class='av-share-box'><h5 class='av-share-link-description av-no-toc '>Compartir esta noticia<\/h5><ul class='av-share-box-list noLightbox'><li class='av-share-link av-social-link-facebook' ><a target=\"_blank\" aria-label=\"Compartir en Facebook\" href='https:\/\/www.facebook.com\/sharer.php?u=https:\/\/radiorevelacionfm.cl\/?p=44860&#038;t=Diputado%20Calisto%20hace%20gestiones%20con%20Ministro%20de%20Hacienda%20por%20d%C3%A9ficit%20de%20becas%3A%20Pagos%20podr%C3%ADan%20comenzar%20en%20Septiembre' aria-hidden='false' data-av_icon='\ue8f3' data-av_iconfont='entypo-fontello' title='' data-avia-related-tooltip='Compartir en Facebook' rel=\"noopener\"><span class='avia_hidden_link_text'>Compartir en Facebook<\/span><\/a><\/li><li class='av-share-link av-social-link-twitter' ><a target=\"_blank\" aria-label=\"Compartir en Twitter\" href='https:\/\/twitter.com\/share?text=Diputado%20Calisto%20hace%20gestiones%20con%20Ministro%20de%20Hacienda%20por%20d%C3%A9ficit%20de%20becas%3A%20Pagos%20podr%C3%ADan%20comenzar%20en%20Septiembre&#038;url=https:\/\/radiorevelacionfm.cl\/?p=44860' aria-hidden='false' data-av_icon='\ue8f1' data-av_iconfont='entypo-fontello' title='' data-avia-related-tooltip='Compartir en Twitter' rel=\"noopener\"><span class='avia_hidden_link_text'>Compartir en Twitter<\/span><\/a><\/li><li class='av-share-link av-social-link-whatsapp' ><a target=\"_blank\" aria-label=\"Compartir en Whatsapp\" href='https:\/\/api.whatsapp.com\/send?text=https:\/\/radiorevelacionfm.cl\/?p=44860' aria-hidden='false' data-av_icon='\uf232' data-av_iconfont='entypo-fontello' title='' data-avia-related-tooltip='Compartir en Whatsapp' rel=\"noopener\"><span class='avia_hidden_link_text'>Compartir en Whatsapp<\/span><\/a><\/li><li class='av-share-link av-social-link-linkedin' ><a target=\"_blank\" aria-label=\"Compartir en LinkedIn\" href='https:\/\/linkedin.com\/shareArticle?mini=true&#038;title=Diputado%20Calisto%20hace%20gestiones%20con%20Ministro%20de%20Hacienda%20por%20d%C3%A9ficit%20de%20becas%3A%20Pagos%20podr%C3%ADan%20comenzar%20en%20Septiembre&#038;url=https:\/\/radiorevelacionfm.cl\/?p=44860' aria-hidden='false' data-av_icon='\ue8fc' data-av_iconfont='entypo-fontello' title='' data-avia-related-tooltip='Compartir en LinkedIn' rel=\"noopener\"><span class='avia_hidden_link_text'>Compartir en LinkedIn<\/span><\/a><\/li><li class='av-share-link av-social-link-mail' ><a  aria-label=\"Compartir por correo\" href='mailto:?subject=Diputado%20Calisto%20hace%20gestiones%20con%20Ministro%20de%20Hacienda%20por%20d%C3%A9ficit%20de%20becas%3A%20Pagos%20podr%C3%ADan%20comenzar%20en%20Septiembre&#038;body=https:\/\/radiorevelacionfm.cl\/?p=44860' aria-hidden='false' data-av_icon='\ue805' data-av_iconfont='entypo-fontello' title='' data-avia-related-tooltip='Compartir por correo'><span class='avia_hidden_link_text'>Compartir por correo<\/span><\/a><\/li><\/ul><\/div><\/div>\n<div  style='height:50px' class='hr hr-invisible   avia-builder-el-8  el_after_av_social_share  el_before_av_comments_list '><span class='hr-inner ' ><span class='hr-inner-style'><\/span><\/span><\/div>\n<div  class='av-buildercomment  av-blog-meta-html-info-disabled av-blog-meta-tag-disabled  '><\/div>\n","protected":false},"excerpt":{"rendered":"","protected":false},"author":1,"featured_media":36275,"comment_status":"open","ping_status":"open","sticky":false,"template":"","format":"standard","meta":{"footnotes":""},"categories":[35],"tags":[],"class_list":["post-44860","post","type-post","status-publish","format-standard","has-post-thumbnail","hentry","category-politica"],"jetpack_featured_media_url":"https:\/\/radiorevelacionfm.cl\/wp-content\/uploads\/2023\/10\/con-mario-marcel-2-1_optimized.jpg","_links":{"self":[{"href":"https:\/\/radiorevelacionfm.cl\/index.php?rest_route=\/wp\/v2\/posts\/44860","targetHints":{"allow":["GET"]}}],"collection":[{"href":"https:\/\/radiorevelacionfm.cl\/index.php?rest_route=\/wp\/v2\/posts"}],"about":[{"href":"https:\/\/radiorevelacionfm.cl\/index.php?rest_route=\/wp\/v2\/types\/post"}],"author":[{"embeddable":true,"href":"https:\/\/radiorevelacionfm.cl\/index.php?rest_route=\/wp\/v2\/users\/1"}],"replies":[{"embeddable":true,"href":"https:\/\/radiorevelacionfm.cl\/index.php?rest_route=%2Fwp%2Fv2%2Fcomments&post=44860"}],"version-history":[{"count":1,"href":"https:\/\/radiorevelacionfm.cl\/index.php?rest_route=\/wp\/v2\/posts\/44860\/revisions"}],"predecessor-version":[{"id":44861,"href":"https:\/\/radiorevelacionfm.cl\/index.php?rest_route=\/wp\/v2\/posts\/44860\/revisions\/44861"}],"wp:featuredmedia":[{"embeddable":true,"href":"https:\/\/radiorevelacionfm.cl\/index.php?rest_route=\/wp\/v2\/media\/36275"}],"wp:attachment":[{"href":"https:\/\/radiorevelacionfm.cl\/index.php?rest_route=%2Fwp%2Fv2%2Fmedia&parent=44860"}],"wp:term":[{"taxonomy":"category","embeddable":true,"href":"https:\/\/radiorevelacionfm.cl\/index.php?rest_route=%2Fwp%2Fv2%2Fcategories&post=44860"},{"taxonomy":"post_tag","embeddable":true,"href":"https:\/\/radiorevelacionfm.cl\/index.php?rest_route=%2Fwp%2Fv2%2Ftags&post=44860"}],"curies":[{"name":"wp","href":"https:\/\/api.w.org\/{rel}","templated":true}]}}