{"id":44857,"date":"2024-08-06T17:18:23","date_gmt":"2024-08-06T20:18:23","guid":{"rendered":"https:\/\/radiorevelacionfm.cl\/?p=44857"},"modified":"2024-08-06T17:18:23","modified_gmt":"2024-08-06T20:18:23","slug":"certifican-a-jardin-infantil-de-fundacion-integra-como-jardin-amigo-de-la-lactancia-materna","status":"publish","type":"post","link":"https:\/\/radiorevelacionfm.cl\/?p=44857","title":{"rendered":"Certifican a Jard\u00edn Infantil de Fundaci\u00f3n Integra como Jard\u00edn Amigo de la Lactancia Materna"},"content":{"rendered":"<div class=\"flex_column av_one_full  flex_column_div av-zero-column-padding first  avia-builder-el-0  el_before_av_one_full  avia-builder-el-first  \" style='border-radius:0px; '><div  class='avia-image-container  av-styling-    avia-builder-el-1  avia-builder-el-no-sibling  avia-align-center '  itemprop=\"image\" itemscope=\"itemscope\" itemtype=\"https:\/\/schema.org\/ImageObject\"  ><div class='avia-image-container-inner'><div class='avia-image-overlay-wrap'><img decoding=\"async\" class='wp-image-44858 avia-img-lazy-loading-not-44858 avia_image' src=\"https:\/\/radiorevelacionfm.cl\/wp-content\/uploads\/2024\/08\/5-95-1_optimized.jpg\" alt='' title='5-(95)-(1)_optimized' height=\"600\" width=\"1011\"  itemprop=\"thumbnailUrl\" srcset=\"https:\/\/radiorevelacionfm.cl\/wp-content\/uploads\/2024\/08\/5-95-1_optimized.jpg 1011w, https:\/\/radiorevelacionfm.cl\/wp-content\/uploads\/2024\/08\/5-95-1_optimized-300x178.jpg 300w, https:\/\/radiorevelacionfm.cl\/wp-content\/uploads\/2024\/08\/5-95-1_optimized-768x456.jpg 768w, https:\/\/radiorevelacionfm.cl\/wp-content\/uploads\/2024\/08\/5-95-1_optimized-705x418.jpg 705w, https:\/\/radiorevelacionfm.cl\/wp-content\/uploads\/2024\/08\/5-95-1_optimized-450x267.jpg 450w, https:\/\/radiorevelacionfm.cl\/wp-content\/uploads\/2024\/08\/5-95-1_optimized-600x356.jpg 600w\" sizes=\"(max-width: 1011px) 100vw, 1011px\" \/><\/div><\/div><\/div><\/div><div class=\"flex_column av_one_full  flex_column_div av-zero-column-padding first  avia-builder-el-2  el_after_av_one_full  el_before_av_one_full  column-top-margin\" style='border-radius:0px; '><section class=\"av_textblock_section \"  itemscope=\"itemscope\" itemtype=\"https:\/\/schema.org\/BlogPosting\" itemprop=\"blogPost\" ><div class='avia_textblock  '   itemprop=\"text\" ><p style=\"text-align: center;\"><strong><span style=\"font-size: 18pt;\">Certifican a Jard\u00edn Infantil de Fundaci\u00f3n Integra como Jard\u00edn Amigo de la Lactancia Materna<\/span><\/strong><\/p>\n<div id=\"gtx-trans\" style=\"position: absolute; left: -50px; top: 4.31534px;\">\n<div class=\"gtx-trans-icon\"><\/div>\n<\/div>\n<\/div><\/section><\/div><div class=\"flex_column av_one_full  flex_column_div av-zero-column-padding first  avia-builder-el-4  el_after_av_one_full  el_before_av_hr  column-top-margin\" style='border-radius:0px; '><section class=\"av_textblock_section \"  itemscope=\"itemscope\" itemtype=\"https:\/\/schema.org\/BlogPosting\" itemprop=\"blogPost\" ><div class='avia_textblock  '   itemprop=\"text\" ><p style=\"font-weight: 400; text-align: justify;\"><em>La actividad cont\u00f3 con la participaci\u00f3n de autoridades sectoriales, familias y redes del establecimiento dejando en claro que la lactancia materna es una de las mejores inversiones para salvar vidas, mejorar la salud, el desarrollo social y econ\u00f3mico de las personas y las naciones.<\/em><\/p>\n<p style=\"font-weight: 400; text-align: justify;\">El 2 de agosto el jard\u00edn infantil y sala cuna \u201cLas Araucarias\u201d de Fundaci\u00f3n Integra fue el lugar escogido -a nivel regional- para celebrar el hito de la Semana Mundial de la Lactancia Materna (SMLM) buscando con esto mostrar a la comunidad el impacto positivo que\u00a0tiene esta acci\u00f3n\u00a0tanto en la salud materno-infantil como para la sociedad y, adem\u00e1s, reconocer el trabajo del establecimiento en esta materia.<\/p>\n<p style=\"font-weight: 400; text-align: justify;\">La directora (s) del Jard\u00edn Infantil y sala cunas \u201cLas Araucarias\u201d, Ver\u00f3nica Ossand\u00f3n tras el fin de la actividad destac\u00f3 \u201ceste reconocimiento nos da m\u00e1s ganas y \u00e1nimo para seguir en esta senda y de seguir promoviendo la lactancia materna y, con ello, el desarrollo saludable, afianzando lazos y v\u00ednculos entre la madre y el hijo(a)\u201d.<\/p>\n<p style=\"font-weight: 400; text-align: justify;\">La encargada de los Programas Alimentarios, Lactancia y Nutrici\u00f3n de la seremi de Salud de Ays\u00e9n, Camila Castro Fuentes destaca que entre el 5 al 9 de agosto se estar\u00e1n desarrollando \u201cuna serie de actividades por lo que invitamos a las familias a participar de estos espacios y en la que estamos conmemorando esta fecha tan especial\u201d.<\/p>\n<p style=\"font-weight: 400; text-align: justify;\">Es en este contexto de celebraci\u00f3n es que la Comisi\u00f3n de Lactancia Materna de la Regi\u00f3n de Ays\u00e9n, quien est\u00e1 a cargo de contribuir al fomento de acciones y pr\u00e1cticas que protejan, promuevan y apoyen la lactancia materna a nivel regional, reconoci\u00f3 al Jard\u00edn infantil y sala cuna \u201cLas Araucarias\u201d como un Jard\u00edn Amigo de la Lactancia Materna (JIALMA) tras varios meses de este proceso.<\/p>\n<p style=\"font-weight: 400; text-align: justify;\">Pamela Uribe, apoderada del jard\u00edn infantil y una de las invitadas a este hito valor\u00f3 el poder contar con este espacio en el establecimiento para poder ejercer este beneficio reforzando que \u201cha sido un proceso bonito y en el que el jard\u00edn ha estado presente, proporcionando un espacio c\u00f3modo, agradable y acogedor. Me siento orgullosa de poder haber podido proporcionarle lactancia materna a mi hija\u201d.<\/p>\n<p style=\"font-weight: 400; text-align: justify;\">La Organizaci\u00f3n Mundial de la Salud (OMS), recomienda que la lactancia materna se extienda hasta los dos a\u00f1os de vida y los seis primeros meses se entregue de manera exclusiva, es decir, no incluya ning\u00fan otro alimento ni agua, ya que la leche materna contiene todo lo que el lactante requiere. Esta recomendaci\u00f3n implica m\u00faltiples beneficios tanto en el v\u00ednculo afectivo como en materia nutricional y de prevenci\u00f3n de enfermedades.<\/p>\n<p style=\"font-weight: 400; text-align: justify;\">La directora regional de Fundaci\u00f3n Integra, Leticia Araya Norambuena explica que la lactancia materna no es algo que solo le compete a la madre y a su hijo e hija, sino que a cada uno de los actores de la sociedad reforzando que \u201clos jardines infantiles brindan espacios y oportunidades para que ni\u00f1os y ni\u00f1as puedan vivir este momento que est\u00e1n importante para su desarrollo\u201d.<\/p>\n<p style=\"font-weight: 400; text-align: justify;\">Una opini\u00f3n similar tiene la seremi de Desarrollo Social y Familia, Karina Acevedo Auad quien manifest\u00f3 lo \u201cvital que es este proceso para el desarrollo de los ni\u00f1os y las ni\u00f1as ya que se refuerza el apego y se entrega una alimentaci\u00f3n que es necesaria\u201d. A la vez refuerza que \u201cestamos promoviendo que los jardines infantiles tengan estos espacios, no tan solo en los jardines infantiles, sino que en espacios laborales y que se pueda ampliar el v\u00ednculo entre madres e hijos\u201d.<\/p>\n<p style=\"font-weight: 400; text-align: justify;\">En la actividad se reforz\u00f3 la importancia que tiene la lactancia materna reforzando que esta contribuye con efectividad al desarrollo f\u00edsico, emocional, intelectual y psicosocial del ni\u00f1o\/a, proporcion\u00e1ndole nutrientes en calidad y cantidad adecuados para el crecimiento y desarrollo de sus \u00f3rganos, especialmente el sistema nervioso, seg\u00fan las necesidades espec\u00edficas de cada ni\u00f1o o ni\u00f1a.<\/p>\n<p style=\"font-weight: 400; text-align: justify;\">Cabe destacar que el establecimiento tuvo una visita por parte del comit\u00e9 evaluador JIALMA para la revisi\u00f3n y aprobaci\u00f3n de los medios de verificaci\u00f3n, logrando obtener un puntaje de 83% de cumplimiento, reconocimiento que tiene una duraci\u00f3n de 3 a\u00f1os.<\/p>\n<p style=\"font-weight: 400; text-align: justify;\">Desde Fundaci\u00f3n Integra recuerdan que la alimentaci\u00f3n es un proceso significativo para el desarrollo integral de ni\u00f1as y ni\u00f1os. Por ello, el llamado es a conversar sobre el tema, resguardar espacios seguros para la lactancia y validar las diversas formas que Semana Mundial de la Lactancia Materna adquiere esta experiencia.<\/p>\n<\/div><\/section><\/div><div  style='height:50px' class='hr hr-invisible   avia-builder-el-6  el_after_av_one_full  el_before_av_social_share '><span class='hr-inner ' ><span class='hr-inner-style'><\/span><\/span><\/div><\/p>\n<div  class='av-social-sharing-box  avia-builder-el-7  el_after_av_hr  el_before_av_hr  '><div class='av-share-box'><h5 class='av-share-link-description av-no-toc '>Compartir esta noticia<\/h5><ul class='av-share-box-list noLightbox'><li class='av-share-link av-social-link-facebook' ><a target=\"_blank\" aria-label=\"Compartir en Facebook\" href='https:\/\/www.facebook.com\/sharer.php?u=https:\/\/radiorevelacionfm.cl\/?p=44857&#038;t=Certifican%20a%20Jard%C3%ADn%20Infantil%20de%20Fundaci%C3%B3n%20Integra%20como%20Jard%C3%ADn%20Amigo%20de%20la%20Lactancia%20Materna' aria-hidden='false' data-av_icon='\ue8f3' data-av_iconfont='entypo-fontello' title='' data-avia-related-tooltip='Compartir en Facebook' rel=\"noopener\"><span class='avia_hidden_link_text'>Compartir en Facebook<\/span><\/a><\/li><li class='av-share-link av-social-link-twitter' ><a target=\"_blank\" aria-label=\"Compartir en Twitter\" href='https:\/\/twitter.com\/share?text=Certifican%20a%20Jard%C3%ADn%20Infantil%20de%20Fundaci%C3%B3n%20Integra%20como%20Jard%C3%ADn%20Amigo%20de%20la%20Lactancia%20Materna&#038;url=https:\/\/radiorevelacionfm.cl\/?p=44857' aria-hidden='false' data-av_icon='\ue8f1' data-av_iconfont='entypo-fontello' title='' data-avia-related-tooltip='Compartir en Twitter' rel=\"noopener\"><span class='avia_hidden_link_text'>Compartir en Twitter<\/span><\/a><\/li><li class='av-share-link av-social-link-whatsapp' ><a target=\"_blank\" aria-label=\"Compartir en Whatsapp\" href='https:\/\/api.whatsapp.com\/send?text=https:\/\/radiorevelacionfm.cl\/?p=44857' aria-hidden='false' data-av_icon='\uf232' data-av_iconfont='entypo-fontello' title='' data-avia-related-tooltip='Compartir en Whatsapp' rel=\"noopener\"><span class='avia_hidden_link_text'>Compartir en Whatsapp<\/span><\/a><\/li><li class='av-share-link av-social-link-linkedin' ><a target=\"_blank\" aria-label=\"Compartir en LinkedIn\" href='https:\/\/linkedin.com\/shareArticle?mini=true&#038;title=Certifican%20a%20Jard%C3%ADn%20Infantil%20de%20Fundaci%C3%B3n%20Integra%20como%20Jard%C3%ADn%20Amigo%20de%20la%20Lactancia%20Materna&#038;url=https:\/\/radiorevelacionfm.cl\/?p=44857' aria-hidden='false' data-av_icon='\ue8fc' data-av_iconfont='entypo-fontello' title='' data-avia-related-tooltip='Compartir en LinkedIn' rel=\"noopener\"><span class='avia_hidden_link_text'>Compartir en LinkedIn<\/span><\/a><\/li><li class='av-share-link av-social-link-mail' ><a  aria-label=\"Compartir por correo\" href='mailto:?subject=Certifican%20a%20Jard%C3%ADn%20Infantil%20de%20Fundaci%C3%B3n%20Integra%20como%20Jard%C3%ADn%20Amigo%20de%20la%20Lactancia%20Materna&#038;body=https:\/\/radiorevelacionfm.cl\/?p=44857' aria-hidden='false' data-av_icon='\ue805' data-av_iconfont='entypo-fontello' title='' data-avia-related-tooltip='Compartir por correo'><span class='avia_hidden_link_text'>Compartir por correo<\/span><\/a><\/li><\/ul><\/div><\/div>\n<div  style='height:50px' class='hr hr-invisible   avia-builder-el-8  el_after_av_social_share  el_before_av_comments_list '><span class='hr-inner ' ><span class='hr-inner-style'><\/span><\/span><\/div>\n<div  class='av-buildercomment  av-blog-meta-html-info-disabled av-blog-meta-tag-disabled  '><\/div>\n","protected":false},"excerpt":{"rendered":"","protected":false},"author":1,"featured_media":44858,"comment_status":"open","ping_status":"open","sticky":false,"template":"","format":"standard","meta":{"footnotes":""},"categories":[38],"tags":[],"class_list":["post-44857","post","type-post","status-publish","format-standard","has-post-thumbnail","hentry","category-regional"],"jetpack_featured_media_url":"https:\/\/radiorevelacionfm.cl\/wp-content\/uploads\/2024\/08\/5-95-1_optimized.jpg","_links":{"self":[{"href":"https:\/\/radiorevelacionfm.cl\/index.php?rest_route=\/wp\/v2\/posts\/44857","targetHints":{"allow":["GET"]}}],"collection":[{"href":"https:\/\/radiorevelacionfm.cl\/index.php?rest_route=\/wp\/v2\/posts"}],"about":[{"href":"https:\/\/radiorevelacionfm.cl\/index.php?rest_route=\/wp\/v2\/types\/post"}],"author":[{"embeddable":true,"href":"https:\/\/radiorevelacionfm.cl\/index.php?rest_route=\/wp\/v2\/users\/1"}],"replies":[{"embeddable":true,"href":"https:\/\/radiorevelacionfm.cl\/index.php?rest_route=%2Fwp%2Fv2%2Fcomments&post=44857"}],"version-history":[{"count":1,"href":"https:\/\/radiorevelacionfm.cl\/index.php?rest_route=\/wp\/v2\/posts\/44857\/revisions"}],"predecessor-version":[{"id":44859,"href":"https:\/\/radiorevelacionfm.cl\/index.php?rest_route=\/wp\/v2\/posts\/44857\/revisions\/44859"}],"wp:featuredmedia":[{"embeddable":true,"href":"https:\/\/radiorevelacionfm.cl\/index.php?rest_route=\/wp\/v2\/media\/44858"}],"wp:attachment":[{"href":"https:\/\/radiorevelacionfm.cl\/index.php?rest_route=%2Fwp%2Fv2%2Fmedia&parent=44857"}],"wp:term":[{"taxonomy":"category","embeddable":true,"href":"https:\/\/radiorevelacionfm.cl\/index.php?rest_route=%2Fwp%2Fv2%2Fcategories&post=44857"},{"taxonomy":"post_tag","embeddable":true,"href":"https:\/\/radiorevelacionfm.cl\/index.php?rest_route=%2Fwp%2Fv2%2Ftags&post=44857"}],"curies":[{"name":"wp","href":"https:\/\/api.w.org\/{rel}","templated":true}]}}