{"id":44848,"date":"2024-08-06T11:58:46","date_gmt":"2024-08-06T14:58:46","guid":{"rendered":"https:\/\/radiorevelacionfm.cl\/?p=44848"},"modified":"2024-08-06T11:58:46","modified_gmt":"2024-08-06T14:58:46","slug":"inauguran-casa-del-adulto-mayor-un-espacio-de-encuentro-gratuito-y-con-modernas-prestaciones","status":"publish","type":"post","link":"https:\/\/radiorevelacionfm.cl\/?p=44848","title":{"rendered":"Inauguran Casa del Adulto Mayor, un espacio de encuentro gratuito y con modernas prestaciones"},"content":{"rendered":"<div class=\"flex_column av_one_full  flex_column_div av-zero-column-padding first  avia-builder-el-0  el_before_av_one_full  avia-builder-el-first  \" style='border-radius:0px; '><div  class='avia-image-container  av-styling-    avia-builder-el-1  avia-builder-el-no-sibling  avia-align-center '  itemprop=\"image\" itemscope=\"itemscope\" itemtype=\"https:\/\/schema.org\/ImageObject\"  ><div class='avia-image-container-inner'><div class='avia-image-overlay-wrap'><img decoding=\"async\" class='wp-image-44850 avia-img-lazy-loading-not-44850 avia_image' src=\"https:\/\/radiorevelacionfm.cl\/wp-content\/uploads\/2024\/08\/cdam-01-2_optimized.jpeg\" alt='' title='cdam-01-(2)_optimized' height=\"690\" width=\"800\"  itemprop=\"thumbnailUrl\" srcset=\"https:\/\/radiorevelacionfm.cl\/wp-content\/uploads\/2024\/08\/cdam-01-2_optimized.jpeg 800w, https:\/\/radiorevelacionfm.cl\/wp-content\/uploads\/2024\/08\/cdam-01-2_optimized-300x259.jpeg 300w, https:\/\/radiorevelacionfm.cl\/wp-content\/uploads\/2024\/08\/cdam-01-2_optimized-768x662.jpeg 768w, https:\/\/radiorevelacionfm.cl\/wp-content\/uploads\/2024\/08\/cdam-01-2_optimized-705x608.jpeg 705w, https:\/\/radiorevelacionfm.cl\/wp-content\/uploads\/2024\/08\/cdam-01-2_optimized-450x388.jpeg 450w, https:\/\/radiorevelacionfm.cl\/wp-content\/uploads\/2024\/08\/cdam-01-2_optimized-600x518.jpeg 600w\" sizes=\"(max-width: 800px) 100vw, 800px\" \/><\/div><\/div><\/div><\/div><div class=\"flex_column av_one_full  flex_column_div av-zero-column-padding first  avia-builder-el-2  el_after_av_one_full  el_before_av_one_full  column-top-margin\" style='border-radius:0px; '><section class=\"av_textblock_section \"  itemscope=\"itemscope\" itemtype=\"https:\/\/schema.org\/BlogPosting\" itemprop=\"blogPost\" ><div class='avia_textblock  '   itemprop=\"text\" ><p style=\"text-align: center;\"><strong><span style=\"font-size: 18pt;\">Inauguran Casa del Adulto Mayor, un espacio de encuentro gratuito y con modernas prestaciones<\/span><\/strong><\/p>\n<div id=\"gtx-trans\" style=\"position: absolute; left: -50px; top: 4.31534px;\">\n<div class=\"gtx-trans-icon\"><\/div>\n<\/div>\n<\/div><\/section><\/div><div class=\"flex_column av_one_full  flex_column_div av-zero-column-padding first  avia-builder-el-4  el_after_av_one_full  el_before_av_hr  column-top-margin\" style='border-radius:0px; '><section class=\"av_textblock_section \"  itemscope=\"itemscope\" itemtype=\"https:\/\/schema.org\/BlogPosting\" itemprop=\"blogPost\" ><div class='avia_textblock  '   itemprop=\"text\" ><p style=\"text-align: justify;\">Emplazada en el sector alto de Coyhaique, se inaugur\u00f3 por parte del alcalde, Carlos Gatica Villegas, la gobernadora regional, Andrea Mac\u00edas, dirigentes de agrupaciones de adultos mayores e integrantes de sus organizaciones y autoridades locales, la Casa del Adulto Mayor. Espacio que pondr\u00e1 a disposici\u00f3n de los adultos mayores de la comuna un lugar de encuentro, prestaciones de servicios y de desarrollo de actividades para este segmento de la poblaci\u00f3n, contando para ello con equipos de profesionales como psic\u00f3logos, fonoaudi\u00f3logos, kinesi\u00f3logos, entre otros para su atenci\u00f3n.<\/p>\n<p style=\"text-align: justify;\">El espacio cuenta con cocina, ba\u00f1os, sala activa, sala terap\u00e9utica, sala destinada al descanso y la recreaci\u00f3n, sala sensorial y sal\u00f3n de juegos, una biblioteca y sala de proyectos, una sala para desarrollar sus encuentros y la creatividad, box de procedimientos cl\u00ednicos y un refugio natural.<\/p>\n<p style=\"text-align: justify;\">Adem\u00e1s, entre de lunes a viernes, estar\u00e1 a disposici\u00f3n de quienes quieran acercarse y se llevar\u00e1n tambi\u00e9n \u00a0a cabo diversos talleres abiertos a los adultos mayores, tales c\u00f3mo; teatro, huerta, autocuidado del adulto mayor, salud mental, inteligencia emocional, estimulaci\u00f3n de las funciones motoras y cognitivas, manejo del duelo y prevenci\u00f3n de ca\u00eddas.<\/p>\n<p style=\"text-align: justify;\">Tras abrir sus puertas a los vecinos y vecinas, el alcalde de Coyhaique, Carlos Gatica, manifest\u00f3 que \u00abestamos muy contentos por este espacio de encuentro para que nuestras personas mayores de la comuna puedan venir a reunirse y disfrutar, todos los d\u00edas, de jueves a viernes entre las 9:00 y las 18:00 hrs se llevar\u00e1n a cabo talleres gratuitos de jardiner\u00eda, reciclaje de ropa, reciclaje de residuos, pinturas, coro, madera, entre otros. Este lugar cuenta con una superficie de 320 mts2, entre los que se encuentran salas de talleres, sala de encuentro, biblioteca y otros espacios donde se pondr\u00e1 a disposici\u00f3n la atenci\u00f3n de especialistas como pod\u00f3logos, m\u00e9dico, kinesi\u00f3logo, fonoaudi\u00f3logo y psic\u00f3logo que nos permitir\u00e1n mejorar la calidad de vida de los adultos mayores\u00bb.<\/p>\n<p style=\"text-align: justify;\">\u00abQueremos agradecer a los distintos colaboradores que hicieron posible esto como las empresas privadas y funcionarios municipales que dedicaron semanas de trabajo en este lugar para que pueda abrir sus puertas. Esta es la primera Casa del Adulto Mayor de la regi\u00f3n, siendo un referente en la zona que permitir\u00e1 que nuestra personas mayores puedan en cualquier momento del d\u00eda visitarla y pasar un buen momento\u00bb, agreg\u00f3 la autoridad comunal.<\/p>\n<p style=\"text-align: justify;\">Juvenal C\u00e1rcamo Larenas, presidente de la Uni\u00f3n Comunal de Talleres de Adulto Mayores Jorge Schadebrot, expres\u00f3 tras compartir este momento que \u00abeste es un sue\u00f1o principalmente para nuestra uni\u00f3n comunal, ya que nos reun\u00edamos en la calle o en casas, y las autoridades ahora nos est\u00e1n brindando nuestro espacio, que nos permitir\u00e1 materializar y realizar todos nuestros sue\u00f1os al llegar el atardecer. Debemos unirnos, para poder entregar a la comunidad y los m\u00e1s j\u00f3venes nuestra experiencia para compartir tambi\u00e9n nuestro vivir, estos espacios ser\u00e1n de mucho encuentro\u00bb.<\/p>\n<p style=\"text-align: justify;\">En la misma l\u00ednea, El presidente de la Uni\u00f3n Comunal de Adultos Mayores Baquedano, Jos\u00e9 Manuel Vivallo, afirm\u00f3 que \u00abestamos contentos y preparando ya nuestras actividades para el mes de octubre, que es el del adulto mayor, por eso, nos alegra inaugurar esta casa, ya que es un compromiso que el alcalde tuvo con nosotros cuando \u00e9l asumi\u00f3 sus funciones, este es un espacio que ser\u00e1 importante para fortalecer la participaci\u00f3n de las personas mayores en la comuna\u00bb.<\/p>\n<\/div><\/section><\/div><div  style='height:50px' class='hr hr-invisible   avia-builder-el-6  el_after_av_one_full  el_before_av_social_share '><span class='hr-inner ' ><span class='hr-inner-style'><\/span><\/span><\/div><\/p>\n<div  class='av-social-sharing-box  avia-builder-el-7  el_after_av_hr  el_before_av_hr  '><div class='av-share-box'><h5 class='av-share-link-description av-no-toc '>Compartir esta noticia<\/h5><ul class='av-share-box-list noLightbox'><li class='av-share-link av-social-link-facebook' ><a target=\"_blank\" aria-label=\"Compartir en Facebook\" href='https:\/\/www.facebook.com\/sharer.php?u=https:\/\/radiorevelacionfm.cl\/?p=44848&#038;t=Inauguran%20Casa%20del%20Adulto%20Mayor%2C%20un%20espacio%20de%20encuentro%20gratuito%20y%20con%20modernas%20prestaciones' aria-hidden='false' data-av_icon='\ue8f3' data-av_iconfont='entypo-fontello' title='' data-avia-related-tooltip='Compartir en Facebook' rel=\"noopener\"><span class='avia_hidden_link_text'>Compartir en Facebook<\/span><\/a><\/li><li class='av-share-link av-social-link-twitter' ><a target=\"_blank\" aria-label=\"Compartir en Twitter\" href='https:\/\/twitter.com\/share?text=Inauguran%20Casa%20del%20Adulto%20Mayor%2C%20un%20espacio%20de%20encuentro%20gratuito%20y%20con%20modernas%20prestaciones&#038;url=https:\/\/radiorevelacionfm.cl\/?p=44848' aria-hidden='false' data-av_icon='\ue8f1' data-av_iconfont='entypo-fontello' title='' data-avia-related-tooltip='Compartir en Twitter' rel=\"noopener\"><span class='avia_hidden_link_text'>Compartir en Twitter<\/span><\/a><\/li><li class='av-share-link av-social-link-whatsapp' ><a target=\"_blank\" aria-label=\"Compartir en Whatsapp\" href='https:\/\/api.whatsapp.com\/send?text=https:\/\/radiorevelacionfm.cl\/?p=44848' aria-hidden='false' data-av_icon='\uf232' data-av_iconfont='entypo-fontello' title='' data-avia-related-tooltip='Compartir en Whatsapp' rel=\"noopener\"><span class='avia_hidden_link_text'>Compartir en Whatsapp<\/span><\/a><\/li><li class='av-share-link av-social-link-linkedin' ><a target=\"_blank\" aria-label=\"Compartir en LinkedIn\" href='https:\/\/linkedin.com\/shareArticle?mini=true&#038;title=Inauguran%20Casa%20del%20Adulto%20Mayor%2C%20un%20espacio%20de%20encuentro%20gratuito%20y%20con%20modernas%20prestaciones&#038;url=https:\/\/radiorevelacionfm.cl\/?p=44848' aria-hidden='false' data-av_icon='\ue8fc' data-av_iconfont='entypo-fontello' title='' data-avia-related-tooltip='Compartir en LinkedIn' rel=\"noopener\"><span class='avia_hidden_link_text'>Compartir en LinkedIn<\/span><\/a><\/li><li class='av-share-link av-social-link-mail' ><a  aria-label=\"Compartir por correo\" href='mailto:?subject=Inauguran%20Casa%20del%20Adulto%20Mayor%2C%20un%20espacio%20de%20encuentro%20gratuito%20y%20con%20modernas%20prestaciones&#038;body=https:\/\/radiorevelacionfm.cl\/?p=44848' aria-hidden='false' data-av_icon='\ue805' data-av_iconfont='entypo-fontello' title='' data-avia-related-tooltip='Compartir por correo'><span class='avia_hidden_link_text'>Compartir por correo<\/span><\/a><\/li><\/ul><\/div><\/div>\n<div  style='height:50px' class='hr hr-invisible   avia-builder-el-8  el_after_av_social_share  el_before_av_comments_list '><span class='hr-inner ' ><span class='hr-inner-style'><\/span><\/span><\/div>\n<div  class='av-buildercomment  av-blog-meta-html-info-disabled av-blog-meta-tag-disabled  '><\/div>\n","protected":false},"excerpt":{"rendered":"","protected":false},"author":1,"featured_media":44850,"comment_status":"open","ping_status":"open","sticky":false,"template":"","format":"standard","meta":{"footnotes":""},"categories":[38],"tags":[],"class_list":["post-44848","post","type-post","status-publish","format-standard","has-post-thumbnail","hentry","category-regional"],"jetpack_featured_media_url":"https:\/\/radiorevelacionfm.cl\/wp-content\/uploads\/2024\/08\/cdam-01-2_optimized.jpeg","_links":{"self":[{"href":"https:\/\/radiorevelacionfm.cl\/index.php?rest_route=\/wp\/v2\/posts\/44848","targetHints":{"allow":["GET"]}}],"collection":[{"href":"https:\/\/radiorevelacionfm.cl\/index.php?rest_route=\/wp\/v2\/posts"}],"about":[{"href":"https:\/\/radiorevelacionfm.cl\/index.php?rest_route=\/wp\/v2\/types\/post"}],"author":[{"embeddable":true,"href":"https:\/\/radiorevelacionfm.cl\/index.php?rest_route=\/wp\/v2\/users\/1"}],"replies":[{"embeddable":true,"href":"https:\/\/radiorevelacionfm.cl\/index.php?rest_route=%2Fwp%2Fv2%2Fcomments&post=44848"}],"version-history":[{"count":1,"href":"https:\/\/radiorevelacionfm.cl\/index.php?rest_route=\/wp\/v2\/posts\/44848\/revisions"}],"predecessor-version":[{"id":44851,"href":"https:\/\/radiorevelacionfm.cl\/index.php?rest_route=\/wp\/v2\/posts\/44848\/revisions\/44851"}],"wp:featuredmedia":[{"embeddable":true,"href":"https:\/\/radiorevelacionfm.cl\/index.php?rest_route=\/wp\/v2\/media\/44850"}],"wp:attachment":[{"href":"https:\/\/radiorevelacionfm.cl\/index.php?rest_route=%2Fwp%2Fv2%2Fmedia&parent=44848"}],"wp:term":[{"taxonomy":"category","embeddable":true,"href":"https:\/\/radiorevelacionfm.cl\/index.php?rest_route=%2Fwp%2Fv2%2Fcategories&post=44848"},{"taxonomy":"post_tag","embeddable":true,"href":"https:\/\/radiorevelacionfm.cl\/index.php?rest_route=%2Fwp%2Fv2%2Ftags&post=44848"}],"curies":[{"name":"wp","href":"https:\/\/api.w.org\/{rel}","templated":true}]}}