{"id":44842,"date":"2024-08-06T10:51:18","date_gmt":"2024-08-06T13:51:18","guid":{"rendered":"https:\/\/radiorevelacionfm.cl\/?p=44842"},"modified":"2024-08-06T10:51:18","modified_gmt":"2024-08-06T13:51:18","slug":"junta-de-vecinos-los-arrayanes-invita-a-sus-adultos-mayores-a-inscribirse-en-los-talleres-de-inclusion-digital","status":"publish","type":"post","link":"https:\/\/radiorevelacionfm.cl\/?p=44842","title":{"rendered":"Junta de Vecinos Los Arrayanes invita a sus Adultos Mayores a inscribirse en los Talleres de Inclusi\u00f3n Digital"},"content":{"rendered":"<div class=\"flex_column av_one_full  flex_column_div av-zero-column-padding first  avia-builder-el-0  el_before_av_one_full  avia-builder-el-first  \" style='border-radius:0px; '><div  class='avia-image-container  av-styling-    avia-builder-el-1  avia-builder-el-no-sibling  avia-align-center '  itemprop=\"image\" itemscope=\"itemscope\" itemtype=\"https:\/\/schema.org\/ImageObject\"  ><div class='avia-image-container-inner'><div class='avia-image-overlay-wrap'><img decoding=\"async\" class='wp-image-44843 avia-img-lazy-loading-not-44843 avia_image' src=\"https:\/\/radiorevelacionfm.cl\/wp-content\/uploads\/2024\/08\/De-derecha-a-izquierda-en-las-fotos-Luisa-Bohm-Karen-Massoglia-Rodolfo-Fuente-Maria-Jose-Vivero-y-Damian-Artiguez.-1-1.jpg\" alt='' title='De derecha a izquierda en las fotos Luisa B\u00f6hm, Karen Massoglia, Rodolfo Fuente, Maria Jos\u00e9 Vivero y Damian Artiguez. (1) (1)' height=\"600\" width=\"900\"  itemprop=\"thumbnailUrl\" srcset=\"https:\/\/radiorevelacionfm.cl\/wp-content\/uploads\/2024\/08\/De-derecha-a-izquierda-en-las-fotos-Luisa-Bohm-Karen-Massoglia-Rodolfo-Fuente-Maria-Jose-Vivero-y-Damian-Artiguez.-1-1.jpg 900w, https:\/\/radiorevelacionfm.cl\/wp-content\/uploads\/2024\/08\/De-derecha-a-izquierda-en-las-fotos-Luisa-Bohm-Karen-Massoglia-Rodolfo-Fuente-Maria-Jose-Vivero-y-Damian-Artiguez.-1-1-300x200.jpg 300w, https:\/\/radiorevelacionfm.cl\/wp-content\/uploads\/2024\/08\/De-derecha-a-izquierda-en-las-fotos-Luisa-Bohm-Karen-Massoglia-Rodolfo-Fuente-Maria-Jose-Vivero-y-Damian-Artiguez.-1-1-768x512.jpg 768w, https:\/\/radiorevelacionfm.cl\/wp-content\/uploads\/2024\/08\/De-derecha-a-izquierda-en-las-fotos-Luisa-Bohm-Karen-Massoglia-Rodolfo-Fuente-Maria-Jose-Vivero-y-Damian-Artiguez.-1-1-705x470.jpg 705w, https:\/\/radiorevelacionfm.cl\/wp-content\/uploads\/2024\/08\/De-derecha-a-izquierda-en-las-fotos-Luisa-Bohm-Karen-Massoglia-Rodolfo-Fuente-Maria-Jose-Vivero-y-Damian-Artiguez.-1-1-450x300.jpg 450w, https:\/\/radiorevelacionfm.cl\/wp-content\/uploads\/2024\/08\/De-derecha-a-izquierda-en-las-fotos-Luisa-Bohm-Karen-Massoglia-Rodolfo-Fuente-Maria-Jose-Vivero-y-Damian-Artiguez.-1-1-600x400.jpg 600w\" sizes=\"(max-width: 900px) 100vw, 900px\" \/><\/div><\/div><\/div><\/div><div class=\"flex_column av_one_full  flex_column_div av-zero-column-padding first  avia-builder-el-2  el_after_av_one_full  el_before_av_one_full  column-top-margin\" style='border-radius:0px; '><section class=\"av_textblock_section \"  itemscope=\"itemscope\" itemtype=\"https:\/\/schema.org\/BlogPosting\" itemprop=\"blogPost\" ><div class='avia_textblock  '   itemprop=\"text\" ><p style=\"text-align: center;\"><strong><span style=\"font-size: 18pt;\">Junta de Vecinos Los Arrayanes invita a sus Adultos Mayores a inscribirse en los Talleres de Inclusi\u00f3n Digital<\/span><\/strong><\/p>\n<div id=\"gtx-trans\" style=\"position: absolute; left: -50px; top: 4.31534px;\">\n<div class=\"gtx-trans-icon\"><\/div>\n<\/div>\n<\/div><\/section><\/div><div class=\"flex_column av_one_full  flex_column_div av-zero-column-padding first  avia-builder-el-4  el_after_av_one_full  el_before_av_hr  column-top-margin\" style='border-radius:0px; '><section class=\"av_textblock_section \"  itemscope=\"itemscope\" itemtype=\"https:\/\/schema.org\/BlogPosting\" itemprop=\"blogPost\" ><div class='avia_textblock  '   itemprop=\"text\" ><p style=\"text-align: justify;\">Desde su fundaci\u00f3n el 23 de abril de 2022, la Junta de Vecinos de la Poblaci\u00f3n Los Arrayanes ha trabajado junto a su comunidad. En un nuevo logro, su presidente, Rodolfo Fuentes, ha anunciado que la organizaci\u00f3n ha sido seleccionada como beneficiaria del Fondo de Fortalecimiento de las Organizaciones de Inter\u00e9s P\u00fablico (FFOIP) 2024, otorgado por el Ministerio Secretar\u00eda General de Gobierno.<\/p>\n<p style=\"text-align: justify;\">Este financiamiento permitir\u00e1 implementar cuatro talleres personalizados dirigidos a reducir las brechas digitales entre los adultos mayores del sector. Seg\u00fan indic\u00f3 Fuentes, los talleres est\u00e1n especialmente dise\u00f1ados para mujeres de 60 a\u00f1os en adelante y hombres mayores de 65 a\u00f1os. \u00abDisponemos de 10 cupos para clases presenciales, que ser\u00e1n impartidas por una profesional en tecnolog\u00edas,\u00bb explic\u00f3 el presidente.<\/p>\n<p style=\"text-align: justify;\">Las sesiones comenzar\u00e1n el domingo 11 de agosto en el Teatro Austral, ubicado en calle Los Ma\u00f1\u00edos #816, y se extender\u00e1n hasta el 1 de septiembre. Cada encuentro tendr\u00e1 una duraci\u00f3n de tres horas y comenzaran desde las 15:00 horas. Los participantes deber\u00e1n contar con un tel\u00e9fono m\u00f3vil con sistema operativo Android y tener conocimientos b\u00e1sicos en su uso.<\/p>\n<p style=\"text-align: justify;\">Fuentes tambi\u00e9n detall\u00f3 c\u00f3mo se identific\u00f3 la necesidad de estos talleres: \u00abNos dimos cuenta de que muchos adultos mayores, en su mayor\u00eda jubilados y residentes de larga data en el sector, no hab\u00edan tenido la oportunidad de capacitarse en tecnolog\u00eda. Por eso, decidimos crear esta instancia para ellos.\u00bb<\/p>\n<p style=\"text-align: justify;\">Hablamos con Maritza Andrade, Ingeniera en Gesti\u00f3n Inform\u00e1tica y encargada de los talleres, quien nos dio un adelanto sobre los contenidos y objetivos del curso. \u00abMi enfoque estar\u00e1 en ense\u00f1ar el uso de navegadores web, seguridad en l\u00ednea, privacidad digital, y aspectos b\u00e1sicos del manejo de comunidades virtuales, con un \u00e9nfasis especial en la administraci\u00f3n de grupos de WhatsApp y el uso de portales del Estado. Tambi\u00e9n trabajaremos con aplicaciones como Clave \u00danica y plataformas de servicios b\u00e1sicos. Adem\u00e1s, gracias a la colaboraci\u00f3n con la Fundaci\u00f3n Conecta Mayor, instalaremos una aplicaci\u00f3n que facilitar\u00e1 el uso de los Smartphones Android para los participantes.\u00bb<\/p>\n<p style=\"text-align: justify;\">Para todas las personas interesadas, la Junta de Vecinos de Los Arrayanes informa que ya est\u00e1 disponible el correo electr\u00f3nico juntadevecinoslosarrayanescoy@gmail.com para inscripciones. Con esta iniciativa, la Junta de Vecinos reafirma su compromiso con la inclusi\u00f3n digital, proporcionando herramientas esenciales para que los adultos mayores puedan integrarse plenamente en la sociedad actual.<\/p>\n<\/div><\/section><\/div><div  style='height:50px' class='hr hr-invisible   avia-builder-el-6  el_after_av_one_full  el_before_av_social_share '><span class='hr-inner ' ><span class='hr-inner-style'><\/span><\/span><\/div><\/p>\n<div  class='av-social-sharing-box  avia-builder-el-7  el_after_av_hr  el_before_av_hr  '><div class='av-share-box'><h5 class='av-share-link-description av-no-toc '>Compartir esta noticia<\/h5><ul class='av-share-box-list noLightbox'><li class='av-share-link av-social-link-facebook' ><a target=\"_blank\" aria-label=\"Compartir en Facebook\" href='https:\/\/www.facebook.com\/sharer.php?u=https:\/\/radiorevelacionfm.cl\/?p=44842&#038;t=Junta%20de%20Vecinos%20Los%20Arrayanes%20invita%20a%20sus%20Adultos%20Mayores%20a%20inscribirse%20en%20los%20Talleres%20de%20Inclusi%C3%B3n%20Digital' aria-hidden='false' data-av_icon='\ue8f3' data-av_iconfont='entypo-fontello' title='' data-avia-related-tooltip='Compartir en Facebook' rel=\"noopener\"><span class='avia_hidden_link_text'>Compartir en Facebook<\/span><\/a><\/li><li class='av-share-link av-social-link-twitter' ><a target=\"_blank\" aria-label=\"Compartir en Twitter\" href='https:\/\/twitter.com\/share?text=Junta%20de%20Vecinos%20Los%20Arrayanes%20invita%20a%20sus%20Adultos%20Mayores%20a%20inscribirse%20en%20los%20Talleres%20de%20Inclusi%C3%B3n%20Digital&#038;url=https:\/\/radiorevelacionfm.cl\/?p=44842' aria-hidden='false' data-av_icon='\ue8f1' data-av_iconfont='entypo-fontello' title='' data-avia-related-tooltip='Compartir en Twitter' rel=\"noopener\"><span class='avia_hidden_link_text'>Compartir en Twitter<\/span><\/a><\/li><li class='av-share-link av-social-link-whatsapp' ><a target=\"_blank\" aria-label=\"Compartir en Whatsapp\" href='https:\/\/api.whatsapp.com\/send?text=https:\/\/radiorevelacionfm.cl\/?p=44842' aria-hidden='false' data-av_icon='\uf232' data-av_iconfont='entypo-fontello' title='' data-avia-related-tooltip='Compartir en Whatsapp' rel=\"noopener\"><span class='avia_hidden_link_text'>Compartir en Whatsapp<\/span><\/a><\/li><li class='av-share-link av-social-link-linkedin' ><a target=\"_blank\" aria-label=\"Compartir en LinkedIn\" href='https:\/\/linkedin.com\/shareArticle?mini=true&#038;title=Junta%20de%20Vecinos%20Los%20Arrayanes%20invita%20a%20sus%20Adultos%20Mayores%20a%20inscribirse%20en%20los%20Talleres%20de%20Inclusi%C3%B3n%20Digital&#038;url=https:\/\/radiorevelacionfm.cl\/?p=44842' aria-hidden='false' data-av_icon='\ue8fc' data-av_iconfont='entypo-fontello' title='' data-avia-related-tooltip='Compartir en LinkedIn' rel=\"noopener\"><span class='avia_hidden_link_text'>Compartir en LinkedIn<\/span><\/a><\/li><li class='av-share-link av-social-link-mail' ><a  aria-label=\"Compartir por correo\" href='mailto:?subject=Junta%20de%20Vecinos%20Los%20Arrayanes%20invita%20a%20sus%20Adultos%20Mayores%20a%20inscribirse%20en%20los%20Talleres%20de%20Inclusi%C3%B3n%20Digital&#038;body=https:\/\/radiorevelacionfm.cl\/?p=44842' aria-hidden='false' data-av_icon='\ue805' data-av_iconfont='entypo-fontello' title='' data-avia-related-tooltip='Compartir por correo'><span class='avia_hidden_link_text'>Compartir por correo<\/span><\/a><\/li><\/ul><\/div><\/div>\n<div  style='height:50px' class='hr hr-invisible   avia-builder-el-8  el_after_av_social_share  el_before_av_comments_list '><span class='hr-inner ' ><span class='hr-inner-style'><\/span><\/span><\/div>\n<div  class='av-buildercomment  av-blog-meta-html-info-disabled av-blog-meta-tag-disabled  '><\/div>\n","protected":false},"excerpt":{"rendered":"","protected":false},"author":1,"featured_media":44843,"comment_status":"open","ping_status":"open","sticky":false,"template":"","format":"standard","meta":{"footnotes":""},"categories":[38],"tags":[],"class_list":["post-44842","post","type-post","status-publish","format-standard","has-post-thumbnail","hentry","category-regional"],"jetpack_featured_media_url":"https:\/\/radiorevelacionfm.cl\/wp-content\/uploads\/2024\/08\/De-derecha-a-izquierda-en-las-fotos-Luisa-Bohm-Karen-Massoglia-Rodolfo-Fuente-Maria-Jose-Vivero-y-Damian-Artiguez.-1-1.jpg","_links":{"self":[{"href":"https:\/\/radiorevelacionfm.cl\/index.php?rest_route=\/wp\/v2\/posts\/44842","targetHints":{"allow":["GET"]}}],"collection":[{"href":"https:\/\/radiorevelacionfm.cl\/index.php?rest_route=\/wp\/v2\/posts"}],"about":[{"href":"https:\/\/radiorevelacionfm.cl\/index.php?rest_route=\/wp\/v2\/types\/post"}],"author":[{"embeddable":true,"href":"https:\/\/radiorevelacionfm.cl\/index.php?rest_route=\/wp\/v2\/users\/1"}],"replies":[{"embeddable":true,"href":"https:\/\/radiorevelacionfm.cl\/index.php?rest_route=%2Fwp%2Fv2%2Fcomments&post=44842"}],"version-history":[{"count":1,"href":"https:\/\/radiorevelacionfm.cl\/index.php?rest_route=\/wp\/v2\/posts\/44842\/revisions"}],"predecessor-version":[{"id":44844,"href":"https:\/\/radiorevelacionfm.cl\/index.php?rest_route=\/wp\/v2\/posts\/44842\/revisions\/44844"}],"wp:featuredmedia":[{"embeddable":true,"href":"https:\/\/radiorevelacionfm.cl\/index.php?rest_route=\/wp\/v2\/media\/44843"}],"wp:attachment":[{"href":"https:\/\/radiorevelacionfm.cl\/index.php?rest_route=%2Fwp%2Fv2%2Fmedia&parent=44842"}],"wp:term":[{"taxonomy":"category","embeddable":true,"href":"https:\/\/radiorevelacionfm.cl\/index.php?rest_route=%2Fwp%2Fv2%2Fcategories&post=44842"},{"taxonomy":"post_tag","embeddable":true,"href":"https:\/\/radiorevelacionfm.cl\/index.php?rest_route=%2Fwp%2Fv2%2Ftags&post=44842"}],"curies":[{"name":"wp","href":"https:\/\/api.w.org\/{rel}","templated":true}]}}