{"id":44839,"date":"2024-08-06T11:32:56","date_gmt":"2024-08-06T14:32:56","guid":{"rendered":"https:\/\/radiorevelacionfm.cl\/?p=44839"},"modified":"2024-08-06T11:32:56","modified_gmt":"2024-08-06T14:32:56","slug":"guaitecas-marcelo-santana-y-lideres-chile-vamos-marcan-inicio-del-despliegue-territorial-en-el-litoral-de-aysen","status":"publish","type":"post","link":"https:\/\/radiorevelacionfm.cl\/?p=44839","title":{"rendered":"Guaitecas: Marcelo Santana y l\u00edderes Chile Vamos marcan inicio del despliegue territorial en el litoral de Ays\u00e9n"},"content":{"rendered":"<div class=\"flex_column av_one_full  flex_column_div av-zero-column-padding first  avia-builder-el-0  el_before_av_one_full  avia-builder-el-first  \" style='border-radius:0px; '><div  class='avia-image-container  av-styling-    avia-builder-el-1  avia-builder-el-no-sibling  avia-align-center '  itemprop=\"image\" itemscope=\"itemscope\" itemtype=\"https:\/\/schema.org\/ImageObject\"  ><div class='avia-image-container-inner'><div class='avia-image-overlay-wrap'><img decoding=\"async\" class='wp-image-44840 avia-img-lazy-loading-not-44840 avia_image' src=\"https:\/\/radiorevelacionfm.cl\/wp-content\/uploads\/2024\/08\/002-1-1-1_optimized-1.jpeg\" alt='' title='002-(1)-(1)-(1)_optimized (1)' height=\"600\" width=\"800\"  itemprop=\"thumbnailUrl\" srcset=\"https:\/\/radiorevelacionfm.cl\/wp-content\/uploads\/2024\/08\/002-1-1-1_optimized-1.jpeg 800w, https:\/\/radiorevelacionfm.cl\/wp-content\/uploads\/2024\/08\/002-1-1-1_optimized-1-300x225.jpeg 300w, https:\/\/radiorevelacionfm.cl\/wp-content\/uploads\/2024\/08\/002-1-1-1_optimized-1-768x576.jpeg 768w, https:\/\/radiorevelacionfm.cl\/wp-content\/uploads\/2024\/08\/002-1-1-1_optimized-1-705x529.jpeg 705w, https:\/\/radiorevelacionfm.cl\/wp-content\/uploads\/2024\/08\/002-1-1-1_optimized-1-450x338.jpeg 450w, https:\/\/radiorevelacionfm.cl\/wp-content\/uploads\/2024\/08\/002-1-1-1_optimized-1-600x450.jpeg 600w\" sizes=\"(max-width: 800px) 100vw, 800px\" \/><\/div><\/div><\/div><\/div><div class=\"flex_column av_one_full  flex_column_div av-zero-column-padding first  avia-builder-el-2  el_after_av_one_full  el_before_av_one_full  column-top-margin\" style='border-radius:0px; '><section class=\"av_textblock_section \"  itemscope=\"itemscope\" itemtype=\"https:\/\/schema.org\/BlogPosting\" itemprop=\"blogPost\" ><div class='avia_textblock  '   itemprop=\"text\" ><p style=\"text-align: center;\"><strong><span style=\"font-size: 18pt;\">Guaitecas: Marcelo Santana y l\u00edderes Chile Vamos marcan inicio del despliegue territorial en el litoral de Ays\u00e9n<\/span><\/strong><\/p>\n<div id=\"gtx-trans\" style=\"position: absolute; left: -50px; top: 4.31534px;\">\n<div class=\"gtx-trans-icon\"><\/div>\n<\/div>\n<\/div><\/section><\/div><div class=\"flex_column av_one_full  flex_column_div av-zero-column-padding first  avia-builder-el-4  el_after_av_one_full  el_before_av_hr  column-top-margin\" style='border-radius:0px; '><section class=\"av_textblock_section \"  itemscope=\"itemscope\" itemtype=\"https:\/\/schema.org\/BlogPosting\" itemprop=\"blogPost\" ><div class='avia_textblock  '   itemprop=\"text\" ><p style=\"text-align: justify;\">La comitiva encabezada por el candidato a Gobernador de la oposici\u00f3n cont\u00f3 con la presencia de candidatos a Consejeros Regionales, Alcaldes y Concejales de Chile Vamos, quienes manifestaron el apoyo un\u00e1nime y transversal a Bans Puinao candidato al Municipio de Guaitecas y a su vez acordaron empujar un plan de desarrollo del litoral que incluya a Cisnes, Guaitecas y Ays\u00e9n.<\/p>\n<p style=\"text-align: justify;\">Con un despliegue total de Chile Vamos en Melinka comenz\u00f3 el periplo de Marcelo Santana Vargas por el litoral aysenino, que busc\u00f3 plantear compromisos de gesti\u00f3n y recoger insumos para sumarlos a su Plan de Gobierno, que contempla variados compromisos para la comunidad y para la pesca artesanal, principal actividad de la zona.<\/p>\n<p style=\"text-align: justify;\">\u201cHemos suscrito acuerdos con las comunas de las Guaitecas, representada por Bans Puinao y sus candidatos a concejales, lo que se traduce en un protocolo de acuerdo para un Plan de Desarrollo Litoral de tres comunas: Guaitecas, Cisnes y Ays\u00e9n, tanto para el desarrollo de infraestructura cr\u00edtica y para potenciar el emprendimiento local y mayor generaci\u00f3n de empleo que permita reactivar las alica\u00eddas econom\u00edas de esta \u00e1rea, que tiene tantos recursos y que por malas gestiones desde el Gobierno no se ha logrado salir adelante\u201d, explic\u00f3 Marcelo Santana.<\/p>\n<p style=\"text-align: justify;\">Por su parte, Bans Puinao -candidato a alcalde de Chile Vamos por Guaitecas-, coment\u00f3 que la comitiva se vio afectada por un apag\u00f3n \u201cque es muy com\u00fan que suceda\u201d. Asimismo, destac\u00f3 las visitas que se desarrollaron en Melinka y Repollal. \u201cSin embargo, lo m\u00e1s valioso para la comunidad fue el encuentro con nuestro postulante a Gobernador con quienes vivimos en la isla, para plantear inquietudes y escuchar los planes program\u00e1ticos de las propuestas de Marcelo Santana, quien posteriormente tambi\u00e9n se reuni\u00f3 con los hombres y mujeres que se dedican a la pesca artesanal, sacando importantes conclusiones y comprometiendo el apoyo que merecen\u201d.<\/p>\n<p style=\"text-align: justify;\">Otra de las figuras importantes de este periplo por Melinka fue Luis Mart\u00ednez, exalcalde Ays\u00e9n y que ahora va nuevamente por el sill\u00f3n edilicio. <strong>\u201cLo importante es la visi\u00f3n de Santana de asociar los tres municipios del litoral y tener una fuerza mayor, tomar con seriedad los temas de la pesca artesanal, el turismo, de manera que es muy virtuoso lo que se quiere construir<\/strong>\u201d, afirm\u00f3 Mart\u00ednez.<\/p>\n<p style=\"text-align: justify;\">Paola Rodr\u00edguez, Consejera Regional de RN por la Provincia de Ays\u00e9n, coment\u00f3 que \u201ctambi\u00e9n vinimos a apoyar a nuestro candidato Bans Puinao y a los concejales que van en nuestras listas, porque aqu\u00ed hay unidad y trabajo consensuado\u201d. Tambi\u00e9n Loretta Villegas, tambi\u00e9n Core en ejercicio, explic\u00f3 que \u201cpara ella esta visita fue gratificante, porque aqu\u00ed se da un punto de inflexi\u00f3n en donde nosotros podemos cambiar nuestro destino\u201d, refiri\u00e9ndose a una nueva administraci\u00f3n del Gobierno Regional de Ays\u00e9n.<\/p>\n<p style=\"text-align: justify;\">Juan Carlos Vargas, concejal que va a la reelecci\u00f3n, sentenci\u00f3 que \u201cel litoral es una zona que ha estado abandonada por mucho tiempo y esta visita es una muy buena se\u00f1al porque marca el compromiso de Marcelo Santana con la pesca artesanal como con la comunidad de Melinka, Repollal, Cisnes y Ays\u00e9n\u201d.<\/p>\n<p style=\"text-align: justify;\">\u201cLo m\u00e1s importante de esta visita es el apoyo que necesita la isla, que es un lugar peque\u00f1o y que est\u00e9 Marcelo Santana me da mayor entusiasmo tambi\u00e9n en mi postulaci\u00f3n, porque siento que podemos cambiar como se han venido haciendo las cosas\u201d, explic\u00f3 Anita Abello Aburto, que se postula a Consejera Regional por Renovaci\u00f3n Nacional.<\/p>\n<p style=\"text-align: justify;\">Respecto de Bans Puinao, Marcelo Santana destac\u00f3 que \u201cno solo confiamos en sus capacidades y en sus valores como persona, sino que tambi\u00e9n en el trabajo que ha venido desarrollando como concejal de esa comuna\u201d.<\/p>\n<\/div><\/section><\/div><div  style='height:50px' class='hr hr-invisible   avia-builder-el-6  el_after_av_one_full  el_before_av_social_share '><span class='hr-inner ' ><span class='hr-inner-style'><\/span><\/span><\/div><\/p>\n<div  class='av-social-sharing-box  avia-builder-el-7  el_after_av_hr  el_before_av_hr  '><div class='av-share-box'><h5 class='av-share-link-description av-no-toc '>Compartir esta noticia<\/h5><ul class='av-share-box-list noLightbox'><li class='av-share-link av-social-link-facebook' ><a target=\"_blank\" aria-label=\"Compartir en Facebook\" href='https:\/\/www.facebook.com\/sharer.php?u=https:\/\/radiorevelacionfm.cl\/?p=44839&#038;t=Guaitecas%3A%20Marcelo%20Santana%20y%20l%C3%ADderes%20Chile%20Vamos%20marcan%20inicio%20del%20despliegue%20territorial%20en%20el%20litoral%20de%20Ays%C3%A9n' aria-hidden='false' data-av_icon='\ue8f3' data-av_iconfont='entypo-fontello' title='' data-avia-related-tooltip='Compartir en Facebook' rel=\"noopener\"><span class='avia_hidden_link_text'>Compartir en Facebook<\/span><\/a><\/li><li class='av-share-link av-social-link-twitter' ><a target=\"_blank\" aria-label=\"Compartir en Twitter\" href='https:\/\/twitter.com\/share?text=Guaitecas%3A%20Marcelo%20Santana%20y%20l%C3%ADderes%20Chile%20Vamos%20marcan%20inicio%20del%20despliegue%20territorial%20en%20el%20litoral%20de%20Ays%C3%A9n&#038;url=https:\/\/radiorevelacionfm.cl\/?p=44839' aria-hidden='false' data-av_icon='\ue8f1' data-av_iconfont='entypo-fontello' title='' data-avia-related-tooltip='Compartir en Twitter' rel=\"noopener\"><span class='avia_hidden_link_text'>Compartir en Twitter<\/span><\/a><\/li><li class='av-share-link av-social-link-whatsapp' ><a target=\"_blank\" aria-label=\"Compartir en Whatsapp\" href='https:\/\/api.whatsapp.com\/send?text=https:\/\/radiorevelacionfm.cl\/?p=44839' aria-hidden='false' data-av_icon='\uf232' data-av_iconfont='entypo-fontello' title='' data-avia-related-tooltip='Compartir en Whatsapp' rel=\"noopener\"><span class='avia_hidden_link_text'>Compartir en Whatsapp<\/span><\/a><\/li><li class='av-share-link av-social-link-linkedin' ><a target=\"_blank\" aria-label=\"Compartir en LinkedIn\" href='https:\/\/linkedin.com\/shareArticle?mini=true&#038;title=Guaitecas%3A%20Marcelo%20Santana%20y%20l%C3%ADderes%20Chile%20Vamos%20marcan%20inicio%20del%20despliegue%20territorial%20en%20el%20litoral%20de%20Ays%C3%A9n&#038;url=https:\/\/radiorevelacionfm.cl\/?p=44839' aria-hidden='false' data-av_icon='\ue8fc' data-av_iconfont='entypo-fontello' title='' data-avia-related-tooltip='Compartir en LinkedIn' rel=\"noopener\"><span class='avia_hidden_link_text'>Compartir en LinkedIn<\/span><\/a><\/li><li class='av-share-link av-social-link-mail' ><a  aria-label=\"Compartir por correo\" href='mailto:?subject=Guaitecas%3A%20Marcelo%20Santana%20y%20l%C3%ADderes%20Chile%20Vamos%20marcan%20inicio%20del%20despliegue%20territorial%20en%20el%20litoral%20de%20Ays%C3%A9n&#038;body=https:\/\/radiorevelacionfm.cl\/?p=44839' aria-hidden='false' data-av_icon='\ue805' data-av_iconfont='entypo-fontello' title='' data-avia-related-tooltip='Compartir por correo'><span class='avia_hidden_link_text'>Compartir por correo<\/span><\/a><\/li><\/ul><\/div><\/div>\n<div  style='height:50px' class='hr hr-invisible   avia-builder-el-8  el_after_av_social_share  el_before_av_comments_list '><span class='hr-inner ' ><span class='hr-inner-style'><\/span><\/span><\/div>\n<div  class='av-buildercomment  av-blog-meta-html-info-disabled av-blog-meta-tag-disabled  '><\/div>\n","protected":false},"excerpt":{"rendered":"","protected":false},"author":1,"featured_media":44840,"comment_status":"open","ping_status":"open","sticky":false,"template":"","format":"standard","meta":{"footnotes":""},"categories":[35],"tags":[],"class_list":["post-44839","post","type-post","status-publish","format-standard","has-post-thumbnail","hentry","category-politica"],"jetpack_featured_media_url":"https:\/\/radiorevelacionfm.cl\/wp-content\/uploads\/2024\/08\/002-1-1-1_optimized-1.jpeg","_links":{"self":[{"href":"https:\/\/radiorevelacionfm.cl\/index.php?rest_route=\/wp\/v2\/posts\/44839","targetHints":{"allow":["GET"]}}],"collection":[{"href":"https:\/\/radiorevelacionfm.cl\/index.php?rest_route=\/wp\/v2\/posts"}],"about":[{"href":"https:\/\/radiorevelacionfm.cl\/index.php?rest_route=\/wp\/v2\/types\/post"}],"author":[{"embeddable":true,"href":"https:\/\/radiorevelacionfm.cl\/index.php?rest_route=\/wp\/v2\/users\/1"}],"replies":[{"embeddable":true,"href":"https:\/\/radiorevelacionfm.cl\/index.php?rest_route=%2Fwp%2Fv2%2Fcomments&post=44839"}],"version-history":[{"count":1,"href":"https:\/\/radiorevelacionfm.cl\/index.php?rest_route=\/wp\/v2\/posts\/44839\/revisions"}],"predecessor-version":[{"id":44841,"href":"https:\/\/radiorevelacionfm.cl\/index.php?rest_route=\/wp\/v2\/posts\/44839\/revisions\/44841"}],"wp:featuredmedia":[{"embeddable":true,"href":"https:\/\/radiorevelacionfm.cl\/index.php?rest_route=\/wp\/v2\/media\/44840"}],"wp:attachment":[{"href":"https:\/\/radiorevelacionfm.cl\/index.php?rest_route=%2Fwp%2Fv2%2Fmedia&parent=44839"}],"wp:term":[{"taxonomy":"category","embeddable":true,"href":"https:\/\/radiorevelacionfm.cl\/index.php?rest_route=%2Fwp%2Fv2%2Fcategories&post=44839"},{"taxonomy":"post_tag","embeddable":true,"href":"https:\/\/radiorevelacionfm.cl\/index.php?rest_route=%2Fwp%2Fv2%2Ftags&post=44839"}],"curies":[{"name":"wp","href":"https:\/\/api.w.org\/{rel}","templated":true}]}}