{"id":44836,"date":"2024-08-05T21:41:32","date_gmt":"2024-08-06T00:41:32","guid":{"rendered":"https:\/\/radiorevelacionfm.cl\/?p=44836"},"modified":"2024-08-05T21:41:32","modified_gmt":"2024-08-06T00:41:32","slug":"trabajo-intersectorial-permite-inaugurar-sala-de-lactancia-materna-en-el-cesfam-de-puerto-aysen","status":"publish","type":"post","link":"https:\/\/radiorevelacionfm.cl\/?p=44836","title":{"rendered":"Trabajo intersectorial permite inaugurar \u201csala de lactancia materna\u201d en el Cesfam de Puerto Ays\u00e9n"},"content":{"rendered":"<div class=\"flex_column av_one_full  flex_column_div av-zero-column-padding first  avia-builder-el-0  el_before_av_one_full  avia-builder-el-first  \" style='border-radius:0px; '><div  class='avia-image-container  av-styling-    avia-builder-el-1  avia-builder-el-no-sibling  avia-align-center '  itemprop=\"image\" itemscope=\"itemscope\" itemtype=\"https:\/\/schema.org\/ImageObject\"  ><div class='avia-image-container-inner'><div class='avia-image-overlay-wrap'><img decoding=\"async\" class='wp-image-44837 avia-img-lazy-loading-not-44837 avia_image' src=\"https:\/\/radiorevelacionfm.cl\/wp-content\/uploads\/2024\/08\/lactancia-materna-cesfam-3-1_optimized-1.jpg\" alt='' title='lactancia-materna-cesfam-3-(1)_optimized (1)' height=\"600\" width=\"1067\"  itemprop=\"thumbnailUrl\" srcset=\"https:\/\/radiorevelacionfm.cl\/wp-content\/uploads\/2024\/08\/lactancia-materna-cesfam-3-1_optimized-1.jpg 1067w, https:\/\/radiorevelacionfm.cl\/wp-content\/uploads\/2024\/08\/lactancia-materna-cesfam-3-1_optimized-1-300x169.jpg 300w, https:\/\/radiorevelacionfm.cl\/wp-content\/uploads\/2024\/08\/lactancia-materna-cesfam-3-1_optimized-1-1030x579.jpg 1030w, https:\/\/radiorevelacionfm.cl\/wp-content\/uploads\/2024\/08\/lactancia-materna-cesfam-3-1_optimized-1-768x432.jpg 768w, https:\/\/radiorevelacionfm.cl\/wp-content\/uploads\/2024\/08\/lactancia-materna-cesfam-3-1_optimized-1-705x396.jpg 705w, https:\/\/radiorevelacionfm.cl\/wp-content\/uploads\/2024\/08\/lactancia-materna-cesfam-3-1_optimized-1-450x253.jpg 450w, https:\/\/radiorevelacionfm.cl\/wp-content\/uploads\/2024\/08\/lactancia-materna-cesfam-3-1_optimized-1-600x337.jpg 600w\" sizes=\"(max-width: 1067px) 100vw, 1067px\" \/><\/div><\/div><\/div><\/div><div class=\"flex_column av_one_full  flex_column_div av-zero-column-padding first  avia-builder-el-2  el_after_av_one_full  el_before_av_one_full  column-top-margin\" style='border-radius:0px; '><section class=\"av_textblock_section \"  itemscope=\"itemscope\" itemtype=\"https:\/\/schema.org\/BlogPosting\" itemprop=\"blogPost\" ><div class='avia_textblock  '   itemprop=\"text\" ><p style=\"text-align: center;\"><strong><span style=\"font-size: 18pt;\">Trabajo intersectorial permite inaugurar \u201csala de lactancia materna\u201d en el Cesfam de Puerto Ays\u00e9n<\/span><\/strong><\/p>\n<div id=\"gtx-trans\" style=\"position: absolute; left: -50px; top: 4.31534px;\">\n<div class=\"gtx-trans-icon\"><\/div>\n<\/div>\n<\/div><\/section><\/div><div class=\"flex_column av_one_full  flex_column_div av-zero-column-padding first  avia-builder-el-4  el_after_av_one_full  el_before_av_hr  column-top-margin\" style='border-radius:0px; '><section class=\"av_textblock_section \"  itemscope=\"itemscope\" itemtype=\"https:\/\/schema.org\/BlogPosting\" itemprop=\"blogPost\" ><div class='avia_textblock  '   itemprop=\"text\" ><p style=\"text-align: justify;\">La jornada de este lunes, se inaugur\u00f3 una \u201csala de lactancia materna\u201d al interior del Cesfam de Puerto Ays\u00e9n. Este importante espacio se logr\u00f3 gracias a un trabajo coordinado entre el Centro de Salud Familiar, el programa de Promoci\u00f3n de la Salud (PROMOS), Seremi de Salud y la Municipalidad de Ays\u00e9n.<\/p>\n<p style=\"text-align: justify;\">Desde la casa edilicia se colabor\u00f3 para la implementaci\u00f3n del nuevo espacio que ya est\u00e1 a disposici\u00f3n de la comunidad, pudiendo ser ocupada por las pacientes del recinto y otras madres que encontr\u00e1ndose cerca del Cesfam requieran un lugar para amamantar a sus hijos.<\/p>\n<p style=\"text-align: justify;\">\u201cEsta infraestructura no solamente les va a servir a las personas que trabajan ac\u00e1, sino que tambi\u00e9n, a los vecinos que, por uno u otro motivo, est\u00e9n sin un lugar donde puedan tener la tranquilidad para realizar la lactancia materna. Aqu\u00ed tienen un lugar de lujo, que lo han hecho con mucho cari\u00f1o los mismos funcionarios, nosotros ayudamos en la implementaci\u00f3n, pero es muy importante seguir mejorando las condiciones, tanto de trabajo como a nuestros vecinos, en los recintos de salud\u201d, manifest\u00f3 el Alcalde de la comuna de Ays\u00e9n, Julio Uribe.<\/p>\n<p style=\"text-align: justify;\">Joaqu\u00edn Guti\u00e9rrez, director del Cesfam de Puerto Ays\u00e9n, destac\u00f3 el trabajo intersectorial que ha permitido recuperar un espacio en beneficio de la comunidad. \u201cEste es un trabajo colaborativo del equipo de lactancia materna del Cesfam en conjunto a la Municipalidad y la Seremi de Salud. Estamos recuperando los espacios f\u00edsicos de nuestro establecimiento para que la comunidad pueda llegar sin ning\u00fan problema. Todos quienes deseen ocupar el espacio de lactancia materna pueden acudir al Cesfam, van a tener la disponibilidad de poder ocupar los espacios sin ning\u00fan problema\u201d.<\/p>\n<p style=\"text-align: justify;\">En tanto, la nutricionista Camila Castro, encargada de lactancia materna en la Seremi de Salud, destac\u00f3 que se vayan creando nuevas salas para que funcionarias de los servicios y la propia comunidad pueda amamantar a sus hijos en un espacio adecuado para ello.<\/p>\n<p style=\"text-align: justify;\">\u201cMarcamos un hito ac\u00e1 en la comuna inaugurando esta sala de lactancia materna, que est\u00e1 destinada, no solo a las funcionarias del Cesfam de Puerto Ays\u00e9n, sino tambi\u00e9n, a usuarias que requieran amamantar mientras est\u00e1n atendiendo a sus hijos o est\u00e1n haciendo alg\u00fan tramite. Para nosotros como instituci\u00f3n es s\u00faper importante que m\u00e1s salas se inauguren dentro de la regi\u00f3n de Ays\u00e9n, porque lo que buscamos es, generar las condiciones y espacios acogedores para que la mam\u00e1 pueda mantener la lactancia materna y la prolongue hasta los dos a\u00f1os o m\u00e1s\u201d.<\/p>\n<p style=\"text-align: justify;\">Feliz con el nuevo espacio tambi\u00e9n se mostr\u00f3 la fonoaudi\u00f3loga, Daniela Vera, encargada del comit\u00e9 de lactancia materna del programa Chile Crece Contigo. \u201cFomentando la lactancia materna, estamos en la apertura de este espacio, que va a beneficiar a todas las mam\u00e1s que necesiten un lugar commodo, un espacio calentito, donde puedan extraerse leche con tranquilidad. As\u00ed es que, estamos muy felices de que, en esta semana mundial de la lactancia materna, podamos seguir fomentando aquello\u201d.<\/p>\n<p style=\"text-align: justify;\">Es importante relevar que, esta es la segunda sala de lactancia materna que se implementa en servicios p\u00fablicos de Puerto Ays\u00e9n, luego de la existente en el Municipio.<\/p>\n<\/div><\/section><\/div><div  style='height:50px' class='hr hr-invisible   avia-builder-el-6  el_after_av_one_full  el_before_av_social_share '><span class='hr-inner ' ><span class='hr-inner-style'><\/span><\/span><\/div><\/p>\n<div  class='av-social-sharing-box  avia-builder-el-7  el_after_av_hr  el_before_av_hr  '><div class='av-share-box'><h5 class='av-share-link-description av-no-toc '>Compartir esta noticia<\/h5><ul class='av-share-box-list noLightbox'><li class='av-share-link av-social-link-facebook' ><a target=\"_blank\" aria-label=\"Compartir en Facebook\" href='https:\/\/www.facebook.com\/sharer.php?u=https:\/\/radiorevelacionfm.cl\/?p=44836&#038;t=Trabajo%20intersectorial%20permite%20inaugurar%20%E2%80%9Csala%20de%20lactancia%20materna%E2%80%9D%20en%20el%20Cesfam%20de%20Puerto%20Ays%C3%A9n' aria-hidden='false' data-av_icon='\ue8f3' data-av_iconfont='entypo-fontello' title='' data-avia-related-tooltip='Compartir en Facebook' rel=\"noopener\"><span class='avia_hidden_link_text'>Compartir en Facebook<\/span><\/a><\/li><li class='av-share-link av-social-link-twitter' ><a target=\"_blank\" aria-label=\"Compartir en Twitter\" href='https:\/\/twitter.com\/share?text=Trabajo%20intersectorial%20permite%20inaugurar%20%E2%80%9Csala%20de%20lactancia%20materna%E2%80%9D%20en%20el%20Cesfam%20de%20Puerto%20Ays%C3%A9n&#038;url=https:\/\/radiorevelacionfm.cl\/?p=44836' aria-hidden='false' data-av_icon='\ue8f1' data-av_iconfont='entypo-fontello' title='' data-avia-related-tooltip='Compartir en Twitter' rel=\"noopener\"><span class='avia_hidden_link_text'>Compartir en Twitter<\/span><\/a><\/li><li class='av-share-link av-social-link-whatsapp' ><a target=\"_blank\" aria-label=\"Compartir en Whatsapp\" href='https:\/\/api.whatsapp.com\/send?text=https:\/\/radiorevelacionfm.cl\/?p=44836' aria-hidden='false' data-av_icon='\uf232' data-av_iconfont='entypo-fontello' title='' data-avia-related-tooltip='Compartir en Whatsapp' rel=\"noopener\"><span class='avia_hidden_link_text'>Compartir en Whatsapp<\/span><\/a><\/li><li class='av-share-link av-social-link-linkedin' ><a target=\"_blank\" aria-label=\"Compartir en LinkedIn\" href='https:\/\/linkedin.com\/shareArticle?mini=true&#038;title=Trabajo%20intersectorial%20permite%20inaugurar%20%E2%80%9Csala%20de%20lactancia%20materna%E2%80%9D%20en%20el%20Cesfam%20de%20Puerto%20Ays%C3%A9n&#038;url=https:\/\/radiorevelacionfm.cl\/?p=44836' aria-hidden='false' data-av_icon='\ue8fc' data-av_iconfont='entypo-fontello' title='' data-avia-related-tooltip='Compartir en LinkedIn' rel=\"noopener\"><span class='avia_hidden_link_text'>Compartir en LinkedIn<\/span><\/a><\/li><li class='av-share-link av-social-link-mail' ><a  aria-label=\"Compartir por correo\" href='mailto:?subject=Trabajo%20intersectorial%20permite%20inaugurar%20%E2%80%9Csala%20de%20lactancia%20materna%E2%80%9D%20en%20el%20Cesfam%20de%20Puerto%20Ays%C3%A9n&#038;body=https:\/\/radiorevelacionfm.cl\/?p=44836' aria-hidden='false' data-av_icon='\ue805' data-av_iconfont='entypo-fontello' title='' data-avia-related-tooltip='Compartir por correo'><span class='avia_hidden_link_text'>Compartir por correo<\/span><\/a><\/li><\/ul><\/div><\/div>\n<div  style='height:50px' class='hr hr-invisible   avia-builder-el-8  el_after_av_social_share  el_before_av_comments_list '><span class='hr-inner ' ><span class='hr-inner-style'><\/span><\/span><\/div>\n<div  class='av-buildercomment  av-blog-meta-html-info-disabled av-blog-meta-tag-disabled  '><\/div>\n","protected":false},"excerpt":{"rendered":"","protected":false},"author":1,"featured_media":44837,"comment_status":"open","ping_status":"open","sticky":false,"template":"","format":"standard","meta":{"footnotes":""},"categories":[38],"tags":[],"class_list":["post-44836","post","type-post","status-publish","format-standard","has-post-thumbnail","hentry","category-regional"],"jetpack_featured_media_url":"https:\/\/radiorevelacionfm.cl\/wp-content\/uploads\/2024\/08\/lactancia-materna-cesfam-3-1_optimized-1.jpg","_links":{"self":[{"href":"https:\/\/radiorevelacionfm.cl\/index.php?rest_route=\/wp\/v2\/posts\/44836","targetHints":{"allow":["GET"]}}],"collection":[{"href":"https:\/\/radiorevelacionfm.cl\/index.php?rest_route=\/wp\/v2\/posts"}],"about":[{"href":"https:\/\/radiorevelacionfm.cl\/index.php?rest_route=\/wp\/v2\/types\/post"}],"author":[{"embeddable":true,"href":"https:\/\/radiorevelacionfm.cl\/index.php?rest_route=\/wp\/v2\/users\/1"}],"replies":[{"embeddable":true,"href":"https:\/\/radiorevelacionfm.cl\/index.php?rest_route=%2Fwp%2Fv2%2Fcomments&post=44836"}],"version-history":[{"count":1,"href":"https:\/\/radiorevelacionfm.cl\/index.php?rest_route=\/wp\/v2\/posts\/44836\/revisions"}],"predecessor-version":[{"id":44838,"href":"https:\/\/radiorevelacionfm.cl\/index.php?rest_route=\/wp\/v2\/posts\/44836\/revisions\/44838"}],"wp:featuredmedia":[{"embeddable":true,"href":"https:\/\/radiorevelacionfm.cl\/index.php?rest_route=\/wp\/v2\/media\/44837"}],"wp:attachment":[{"href":"https:\/\/radiorevelacionfm.cl\/index.php?rest_route=%2Fwp%2Fv2%2Fmedia&parent=44836"}],"wp:term":[{"taxonomy":"category","embeddable":true,"href":"https:\/\/radiorevelacionfm.cl\/index.php?rest_route=%2Fwp%2Fv2%2Fcategories&post=44836"},{"taxonomy":"post_tag","embeddable":true,"href":"https:\/\/radiorevelacionfm.cl\/index.php?rest_route=%2Fwp%2Fv2%2Ftags&post=44836"}],"curies":[{"name":"wp","href":"https:\/\/api.w.org\/{rel}","templated":true}]}}