{"id":44833,"date":"2024-08-05T18:23:22","date_gmt":"2024-08-05T21:23:22","guid":{"rendered":"https:\/\/radiorevelacionfm.cl\/?p=44833"},"modified":"2024-08-05T18:23:22","modified_gmt":"2024-08-05T21:23:22","slug":"permiso-de-ocupacion-otorgado-por-bienes-nacionales-permitira-que-centro-de-faenamiento-de-cochrane-pueda-tener-mejoras-estructurales","status":"publish","type":"post","link":"https:\/\/radiorevelacionfm.cl\/?p=44833","title":{"rendered":"Permiso de Ocupaci\u00f3n otorgado por Bienes Nacionales permitir\u00e1 que Centro de Faenamiento de Cochrane pueda tener mejoras estructurales"},"content":{"rendered":"<div class=\"flex_column av_one_full  flex_column_div av-zero-column-padding first  avia-builder-el-0  el_before_av_one_full  avia-builder-el-first  \" style='border-radius:0px; '><div  class='avia-image-container  av-styling-    avia-builder-el-1  avia-builder-el-no-sibling  avia-align-center '  itemprop=\"image\" itemscope=\"itemscope\" itemtype=\"https:\/\/schema.org\/ImageObject\"  ><div class='avia-image-container-inner'><div class='avia-image-overlay-wrap'><img decoding=\"async\" class='wp-image-44834 avia-img-lazy-loading-not-44834 avia_image' src=\"https:\/\/radiorevelacionfm.cl\/wp-content\/uploads\/2024\/08\/equipo-FNDR-1-1.jpeg\" alt='' title='equipo FNDR (1) (1)' height=\"600\" width=\"800\"  itemprop=\"thumbnailUrl\" srcset=\"https:\/\/radiorevelacionfm.cl\/wp-content\/uploads\/2024\/08\/equipo-FNDR-1-1.jpeg 800w, https:\/\/radiorevelacionfm.cl\/wp-content\/uploads\/2024\/08\/equipo-FNDR-1-1-300x225.jpeg 300w, https:\/\/radiorevelacionfm.cl\/wp-content\/uploads\/2024\/08\/equipo-FNDR-1-1-768x576.jpeg 768w, https:\/\/radiorevelacionfm.cl\/wp-content\/uploads\/2024\/08\/equipo-FNDR-1-1-705x529.jpeg 705w, https:\/\/radiorevelacionfm.cl\/wp-content\/uploads\/2024\/08\/equipo-FNDR-1-1-450x338.jpeg 450w, https:\/\/radiorevelacionfm.cl\/wp-content\/uploads\/2024\/08\/equipo-FNDR-1-1-600x450.jpeg 600w\" sizes=\"(max-width: 800px) 100vw, 800px\" \/><\/div><\/div><\/div><\/div><div class=\"flex_column av_one_full  flex_column_div av-zero-column-padding first  avia-builder-el-2  el_after_av_one_full  el_before_av_one_full  column-top-margin\" style='border-radius:0px; '><section class=\"av_textblock_section \"  itemscope=\"itemscope\" itemtype=\"https:\/\/schema.org\/BlogPosting\" itemprop=\"blogPost\" ><div class='avia_textblock  '   itemprop=\"text\" ><p style=\"text-align: center;\"><span style=\"font-size: 18pt;\"><strong>Permiso de Ocupaci\u00f3n otorgado por Bienes Nacionales permitir\u00e1 que Centro de Faenamiento de Cochrane pueda tener mejoras estructurales<\/strong><\/span><\/p>\n<div id=\"gtx-trans\" style=\"position: absolute; left: -50px; top: 4.31534px;\">\n<div class=\"gtx-trans-icon\"><\/div>\n<\/div>\n<\/div><\/section><\/div><div class=\"flex_column av_one_full  flex_column_div av-zero-column-padding first  avia-builder-el-4  el_after_av_one_full  el_before_av_hr  column-top-margin\" style='border-radius:0px; '><section class=\"av_textblock_section \"  itemscope=\"itemscope\" itemtype=\"https:\/\/schema.org\/BlogPosting\" itemprop=\"blogPost\" ><div class='avia_textblock  '   itemprop=\"text\" ><p style=\"text-align: justify;\"><em>El inmueble fiscal donde hist\u00f3ricamente ha operado el CFA fue otorgado anticipadamente a la Municipalidad de Cochrane para que puedan ejecutar acciones.<\/em><\/p>\n<p style=\"text-align: justify;\">Con el fin de disponer de herramientas que permitan regularizar la administraci\u00f3n del inmueble fiscal donde hist\u00f3ricamente ha operado el Centro de Faenamiento y Autoconsumo de Cochrane, la Secretaria Regional Ministerial de Bienes Nacionales de Ays\u00e9n, Irina Morend Valdebenito, recientemente hizo entrega de un Permiso de Ocupaci\u00f3n Anticipada al municipio local, resoluci\u00f3n que permitir\u00e1 obtenci\u00f3n de recursos para la realizaci\u00f3n de mejoras estructurales en el recinto.<\/p>\n<p style=\"text-align: justify;\">En la actividad liderada por Morend Valdebenito, se cont\u00f3 con la presencia del Delegado Presidencial Regional, Rodrigo Araya, la Delegada Presidencial Provincial, Marta Montiel y del alcalde de Cochrane, Jorge Calder\u00f3n. La instancia fue relevada por la primera autoridad regional, \u201cdesde el punto de vista del Gobierno y de todos los servicios p\u00fablicos que tienen que ver con la fiscalizaci\u00f3n, tienen que cumplir su rol para estar permanentemente atentos a que se cumplan las normativas, justamente para garantizar a las personas que los productos que se faenan en este centro sean consumibles con seguridad, es por es que, el municipio con este permiso podr\u00e1 cumplir a cabalidad con este principio\u201d, dijo el Delegado Presidencial Regional de Ays\u00e9n.<\/p>\n<p style=\"text-align: justify;\">Como parte de los detalles que remarc\u00f3 la Seremi de Bienes Nacionales, dijo destacar que el municipio haya decidido regularizar la administraci\u00f3n del inmueble fiscal, porque eso da garant\u00edas para implementar mejoras, ya que \u201ceste permiso de ocupaci\u00f3n anticipada permite justamente a la municipalidad que pueda realizar inversiones, canalizar recursos del Estado para poder hacer mejoramiento y generar condiciones para entregar un mejor servicio a la comunidad. Por otra parte, en nuestros lineamientos ministeriales es prioridad el trabajo con las municipalidades donde estamos disponiendo suelo fiscal para proyectos de infraestructura p\u00fablica, social y tambi\u00e9n productiva que permita el fortalecimiento de los territorios, tal como en la comuna de Cochrane\u201d, afirm\u00f3 Irina Morend Valdebenito.<\/p>\n<p style=\"text-align: justify;\">En palabras del alcalde Calder\u00f3n, el municipio hace un esfuerzo para dar formalidad al funcionamiento del CFA a pesar de no ser una obligaci\u00f3n del organismo, no obstante, destac\u00f3 que este Permiso de Ocupaci\u00f3n Anticipada es importante, porque el mejoramiento que a mediano plazo pueda implementarse, beneficiar\u00e1 directamente a las y los usuarios, es decir, todos los habitantes de Cochrane. \u201cEste es un hito importante para nuestra comuna, hemos tenido ciertas dificultades con el funcionamiento de nuestro CFA, que es el \u00fanico de este tipo que administra un municipio en la regi\u00f3n de Ays\u00e9n y que nos permite abastecer de carne a parte importante de la poblaci\u00f3n, donde, adem\u00e1s, sobre todo en Cochrane, es sustancial en la dieta alimenticia de nuestra comunidad. Por lo tanto, hemos ido avanzando en distintas coordinaciones con servicios para poder ir subsanando observaciones y poder garantizar no solamente el funcionamiento de este centro, sino que tambi\u00e9n funciones sobre \u00f3ptimas condiciones\u2026\u201d, refiri\u00f3 el l\u00edder comunal, a\u00f1adiendo que el municipio ya se encuentra coordinado con Bienes Nacionales para la b\u00fasqueda de un nuevo espacio.<\/p>\n<p style=\"text-align: justify;\">\u201cSin esta firma, sin esta voluntad de parte de Bienes Nacionales, ser\u00eda imposible que el Municipio postule a financiamiento externo de acuerdo con la normativa vigente\u201d, a\u00f1adi\u00f3 Calder\u00f3n para relevar el hito que se desarroll\u00f3 el pasado jueves en Cochane.<\/p>\n<p style=\"text-align: justify;\">Es importante destacar que el equipo de profesionales del Programa FNDR de Regularizaci\u00f3n de la Provincia de Capit\u00e1n Prat de la Seremi de Bienes Nacionales, financiado con recursos del Gobierno Regional de Ays\u00e9n, trabaj\u00f3 en este Permiso de Ocupaci\u00f3n Anticipada, el que se asocia a la tramitaci\u00f3n de concesi\u00f3n de uso gratuito por el terreno fiscal, y en paralelo, vienen trabajando coordinadamente en terreno junto al equipo t\u00e9cnico municipal para analizar el suelo fiscal disponible en Cochrane y revisar qu\u00e9 opciones existen ante una eventual disposici\u00f3n de concesi\u00f3n gratuita para la futura planta faenadora, proyecto de gran relevancia para la comunidad cochranina.<\/p>\n<\/div><\/section><\/div><div  style='height:50px' class='hr hr-invisible   avia-builder-el-6  el_after_av_one_full  el_before_av_social_share '><span class='hr-inner ' ><span class='hr-inner-style'><\/span><\/span><\/div><\/p>\n<div  class='av-social-sharing-box  avia-builder-el-7  el_after_av_hr  el_before_av_hr  '><div class='av-share-box'><h5 class='av-share-link-description av-no-toc '>Compartir esta noticia<\/h5><ul class='av-share-box-list noLightbox'><li class='av-share-link av-social-link-facebook' ><a target=\"_blank\" aria-label=\"Compartir en Facebook\" href='https:\/\/www.facebook.com\/sharer.php?u=https:\/\/radiorevelacionfm.cl\/?p=44833&#038;t=Permiso%20de%20Ocupaci%C3%B3n%20otorgado%20por%20Bienes%20Nacionales%20permitir%C3%A1%20que%20Centro%20de%20Faenamiento%20de%20Cochrane%20pueda%20tener%20mejoras%20estructurales' aria-hidden='false' data-av_icon='\ue8f3' data-av_iconfont='entypo-fontello' title='' data-avia-related-tooltip='Compartir en Facebook' rel=\"noopener\"><span class='avia_hidden_link_text'>Compartir en Facebook<\/span><\/a><\/li><li class='av-share-link av-social-link-twitter' ><a target=\"_blank\" aria-label=\"Compartir en Twitter\" href='https:\/\/twitter.com\/share?text=Permiso%20de%20Ocupaci%C3%B3n%20otorgado%20por%20Bienes%20Nacionales%20permitir%C3%A1%20que%20Centro%20de%20Faenamiento%20de%20Cochrane%20pueda%20tener%20mejoras%20estructurales&#038;url=https:\/\/radiorevelacionfm.cl\/?p=44833' aria-hidden='false' data-av_icon='\ue8f1' data-av_iconfont='entypo-fontello' title='' data-avia-related-tooltip='Compartir en Twitter' rel=\"noopener\"><span class='avia_hidden_link_text'>Compartir en Twitter<\/span><\/a><\/li><li class='av-share-link av-social-link-whatsapp' ><a target=\"_blank\" aria-label=\"Compartir en Whatsapp\" href='https:\/\/api.whatsapp.com\/send?text=https:\/\/radiorevelacionfm.cl\/?p=44833' aria-hidden='false' data-av_icon='\uf232' data-av_iconfont='entypo-fontello' title='' data-avia-related-tooltip='Compartir en Whatsapp' rel=\"noopener\"><span class='avia_hidden_link_text'>Compartir en Whatsapp<\/span><\/a><\/li><li class='av-share-link av-social-link-linkedin' ><a target=\"_blank\" aria-label=\"Compartir en LinkedIn\" href='https:\/\/linkedin.com\/shareArticle?mini=true&#038;title=Permiso%20de%20Ocupaci%C3%B3n%20otorgado%20por%20Bienes%20Nacionales%20permitir%C3%A1%20que%20Centro%20de%20Faenamiento%20de%20Cochrane%20pueda%20tener%20mejoras%20estructurales&#038;url=https:\/\/radiorevelacionfm.cl\/?p=44833' aria-hidden='false' data-av_icon='\ue8fc' data-av_iconfont='entypo-fontello' title='' data-avia-related-tooltip='Compartir en LinkedIn' rel=\"noopener\"><span class='avia_hidden_link_text'>Compartir en LinkedIn<\/span><\/a><\/li><li class='av-share-link av-social-link-mail' ><a  aria-label=\"Compartir por correo\" href='mailto:?subject=Permiso%20de%20Ocupaci%C3%B3n%20otorgado%20por%20Bienes%20Nacionales%20permitir%C3%A1%20que%20Centro%20de%20Faenamiento%20de%20Cochrane%20pueda%20tener%20mejoras%20estructurales&#038;body=https:\/\/radiorevelacionfm.cl\/?p=44833' aria-hidden='false' data-av_icon='\ue805' data-av_iconfont='entypo-fontello' title='' data-avia-related-tooltip='Compartir por correo'><span class='avia_hidden_link_text'>Compartir por correo<\/span><\/a><\/li><\/ul><\/div><\/div>\n<div  style='height:50px' class='hr hr-invisible   avia-builder-el-8  el_after_av_social_share  el_before_av_comments_list '><span class='hr-inner ' ><span class='hr-inner-style'><\/span><\/span><\/div>\n<div  class='av-buildercomment  av-blog-meta-html-info-disabled av-blog-meta-tag-disabled  '><\/div>\n","protected":false},"excerpt":{"rendered":"","protected":false},"author":1,"featured_media":44834,"comment_status":"open","ping_status":"open","sticky":false,"template":"","format":"standard","meta":{"footnotes":""},"categories":[38],"tags":[],"class_list":["post-44833","post","type-post","status-publish","format-standard","has-post-thumbnail","hentry","category-regional"],"jetpack_featured_media_url":"https:\/\/radiorevelacionfm.cl\/wp-content\/uploads\/2024\/08\/equipo-FNDR-1-1.jpeg","_links":{"self":[{"href":"https:\/\/radiorevelacionfm.cl\/index.php?rest_route=\/wp\/v2\/posts\/44833","targetHints":{"allow":["GET"]}}],"collection":[{"href":"https:\/\/radiorevelacionfm.cl\/index.php?rest_route=\/wp\/v2\/posts"}],"about":[{"href":"https:\/\/radiorevelacionfm.cl\/index.php?rest_route=\/wp\/v2\/types\/post"}],"author":[{"embeddable":true,"href":"https:\/\/radiorevelacionfm.cl\/index.php?rest_route=\/wp\/v2\/users\/1"}],"replies":[{"embeddable":true,"href":"https:\/\/radiorevelacionfm.cl\/index.php?rest_route=%2Fwp%2Fv2%2Fcomments&post=44833"}],"version-history":[{"count":1,"href":"https:\/\/radiorevelacionfm.cl\/index.php?rest_route=\/wp\/v2\/posts\/44833\/revisions"}],"predecessor-version":[{"id":44835,"href":"https:\/\/radiorevelacionfm.cl\/index.php?rest_route=\/wp\/v2\/posts\/44833\/revisions\/44835"}],"wp:featuredmedia":[{"embeddable":true,"href":"https:\/\/radiorevelacionfm.cl\/index.php?rest_route=\/wp\/v2\/media\/44834"}],"wp:attachment":[{"href":"https:\/\/radiorevelacionfm.cl\/index.php?rest_route=%2Fwp%2Fv2%2Fmedia&parent=44833"}],"wp:term":[{"taxonomy":"category","embeddable":true,"href":"https:\/\/radiorevelacionfm.cl\/index.php?rest_route=%2Fwp%2Fv2%2Fcategories&post=44833"},{"taxonomy":"post_tag","embeddable":true,"href":"https:\/\/radiorevelacionfm.cl\/index.php?rest_route=%2Fwp%2Fv2%2Ftags&post=44833"}],"curies":[{"name":"wp","href":"https:\/\/api.w.org\/{rel}","templated":true}]}}