{"id":44830,"date":"2024-08-05T22:14:44","date_gmt":"2024-08-06T01:14:44","guid":{"rendered":"https:\/\/radiorevelacionfm.cl\/?p=44830"},"modified":"2024-08-05T22:14:44","modified_gmt":"2024-08-06T01:14:44","slug":"corte-de-coyhaique-confirma-condena-por-robo-en-bienes-nacionales-de-uso-publico","status":"publish","type":"post","link":"https:\/\/radiorevelacionfm.cl\/?p=44830","title":{"rendered":"Corte de Coyhaique confirma condena por robo en bienes nacionales de uso p\u00fablico"},"content":{"rendered":"<div class=\"flex_column av_one_full  flex_column_div av-zero-column-padding first  avia-builder-el-0  el_before_av_one_full  avia-builder-el-first  \" style='border-radius:0px; '><div  class='avia-image-container  av-styling-    avia-builder-el-1  avia-builder-el-no-sibling  avia-align-center '  itemprop=\"image\" itemscope=\"itemscope\" itemtype=\"https:\/\/schema.org\/ImageObject\"  ><div class='avia-image-container-inner'><div class='avia-image-overlay-wrap'><img decoding=\"async\" class='wp-image-44831 avia-img-lazy-loading-not-44831 avia_image' src=\"https:\/\/radiorevelacionfm.cl\/wp-content\/uploads\/2024\/08\/foto-02-corte-de-apelaciones-1-1_optimized-1.jpg\" alt='' title='foto-02-corte-de-apelaciones-(1)-(1)_optimized (1)' height=\"600\" width=\"934\"  itemprop=\"thumbnailUrl\" srcset=\"https:\/\/radiorevelacionfm.cl\/wp-content\/uploads\/2024\/08\/foto-02-corte-de-apelaciones-1-1_optimized-1.jpg 934w, https:\/\/radiorevelacionfm.cl\/wp-content\/uploads\/2024\/08\/foto-02-corte-de-apelaciones-1-1_optimized-1-300x193.jpg 300w, https:\/\/radiorevelacionfm.cl\/wp-content\/uploads\/2024\/08\/foto-02-corte-de-apelaciones-1-1_optimized-1-768x493.jpg 768w, https:\/\/radiorevelacionfm.cl\/wp-content\/uploads\/2024\/08\/foto-02-corte-de-apelaciones-1-1_optimized-1-705x453.jpg 705w, https:\/\/radiorevelacionfm.cl\/wp-content\/uploads\/2024\/08\/foto-02-corte-de-apelaciones-1-1_optimized-1-450x289.jpg 450w, https:\/\/radiorevelacionfm.cl\/wp-content\/uploads\/2024\/08\/foto-02-corte-de-apelaciones-1-1_optimized-1-600x385.jpg 600w\" sizes=\"(max-width: 934px) 100vw, 934px\" \/><\/div><\/div><\/div><\/div><div class=\"flex_column av_one_full  flex_column_div av-zero-column-padding first  avia-builder-el-2  el_after_av_one_full  el_before_av_one_full  column-top-margin\" style='border-radius:0px; '><section class=\"av_textblock_section \"  itemscope=\"itemscope\" itemtype=\"https:\/\/schema.org\/BlogPosting\" itemprop=\"blogPost\" ><div class='avia_textblock  '   itemprop=\"text\" ><p style=\"text-align: center;\"><strong><span style=\"font-size: 18pt;\">Corte de Coyhaique confirma condena por robo en bienes nacionales de uso p\u00fablico<\/span><\/strong><\/p>\n<div id=\"gtx-trans\" style=\"position: absolute; left: -50px; top: 4.31534px;\">\n<div class=\"gtx-trans-icon\"><\/div>\n<\/div>\n<\/div><\/section><\/div><div class=\"flex_column av_one_full  flex_column_div av-zero-column-padding first  avia-builder-el-4  el_after_av_one_full  el_before_av_hr  column-top-margin\" style='border-radius:0px; '><section class=\"av_textblock_section \"  itemscope=\"itemscope\" itemtype=\"https:\/\/schema.org\/BlogPosting\" itemprop=\"blogPost\" ><div class='avia_textblock  '   itemprop=\"text\" ><p class=\"v1MsoNormal\" style=\"text-align: justify;\">La Corte de Apelaciones de Coyhaique rechaz\u00f3 el recurso de nulidad interpuesto por la defensa y confirm\u00f3 la sentencia que conden\u00f3 a Cristhofer Alejandro Carrillo Cohen a la pena de 3 a\u00f1os y un d\u00eda de presidio, en calidad de autor del delito consumado de robo en bienes nacionales de uso de p\u00fablico. Il\u00edcito perpetrado en febrero del a\u00f1o pasado, en la comuna.<\/p>\n<p class=\"v1MsoNormal\" style=\"text-align: justify;\">En fallo un\u00e1nime (causa rol 226-2024), la Primera Sala del tribunal de alzada \u2013integrada por los ministros Luis Aedo Mora, Pedro Castro Espinoza, Jos\u00e9 Ignacio Mora Trujillo y Natalia Rencoret Oliva\u2013 descart\u00f3 error de derecho en la sentencia recurrida, pronunciada por el Tribunal de Juicio Oral en lo Penal de Coyhaique.<\/p>\n<p class=\"v1MsoNormal\" style=\"text-align: justify;\">\u00abQue, as\u00ed las cosas, considerando que la causal utilizada en forma subsidiaria debe dar por establecida y concordar con las proposiciones f\u00e1cticas que no pueden ser modificadas por la menci\u00f3n de la citada causal subsidiaria propuesta por la defensa del condenado, que es estricta y mira a la correcta o incorrecta aplicaci\u00f3n del derecho, deber\u00e1 ser rechazada por cuanto no se observa en la sentencia recurrida que se hubiere incurrido en un vicio de esta naturaleza, esto es, en una err\u00f3nea aplicaci\u00f3n del derecho que hubiere influido sustancialmente en lo dispositivo del fallo al constatar la concurrencia de la circunstancia agravante de reincidencia espec\u00edfica, consistente en haber sido condenado el culpable anteriormente por delito de la misma especie y que constituye el sustrato del recurso en esta causal subsidiaria presentado, dado que el Tribunal en su voto de mayor\u00eda, fundament\u00f3 su decisi\u00f3n, en cuanto consider\u00f3 tal agravante, razonamientos que este Ilustr\u00edsimo Tribunal ha de compartir, en base a los argumentos consignados en la sentencia que se ha impugnado, dado que la competencia con que se cuenta, en base a la causal alegada, no permite otro tipo de an\u00e1lisis o examen entrado en elementos de facto, como lo sugiere la recurrente, el que, por principio de inmediaci\u00f3n, a este Tribunal le est\u00e1 vedado realizar, lo que obliga a desestimar el recurso de nulidad como se dir\u00e1\u00bb, sostiene el fallo.<\/p>\n<p class=\"v1MsoNormal\" style=\"text-align: justify;\">Por tanto, se resuelve que: \u00ab<b>SE DECLARA SIN LUGAR Y SE RECHAZA<\/b>, sin costas, el recurso de nulidad deducido por la Defensor\u00eda Penal P\u00fablica, en contra de la sentencia definitiva pronunciada por el Tribunal de Juicio Oral en lo Penal de Coyhaique, con fecha 28 de mayo de 2024, por la que se condena a su representado, a la pena de 3 a\u00f1os y un d\u00eda de presidio menor en su grado m\u00e1ximo, como autor de un delito de robo en bienes nacionales de uso p\u00fablico, en grado de consumado, cometido con fecha 22 de febrero del a\u00f1o 2023, en la comuna de Coyhaique, sentencia que, en consecuencia, no es\u00a0<b>nula<\/b>, como tampoco el Juicio en la que se dict\u00f3\u00bb.<\/p>\n<\/div><\/section><\/div><div  style='height:50px' class='hr hr-invisible   avia-builder-el-6  el_after_av_one_full  el_before_av_social_share '><span class='hr-inner ' ><span class='hr-inner-style'><\/span><\/span><\/div><\/p>\n<div  class='av-social-sharing-box  avia-builder-el-7  el_after_av_hr  el_before_av_hr  '><div class='av-share-box'><h5 class='av-share-link-description av-no-toc '>Compartir esta noticia<\/h5><ul class='av-share-box-list noLightbox'><li class='av-share-link av-social-link-facebook' ><a target=\"_blank\" aria-label=\"Compartir en Facebook\" href='https:\/\/www.facebook.com\/sharer.php?u=https:\/\/radiorevelacionfm.cl\/?p=44830&#038;t=Corte%20de%20Coyhaique%20confirma%20condena%20por%20robo%20en%20bienes%20nacionales%20de%20uso%20p%C3%BAblico' aria-hidden='false' data-av_icon='\ue8f3' data-av_iconfont='entypo-fontello' title='' data-avia-related-tooltip='Compartir en Facebook' rel=\"noopener\"><span class='avia_hidden_link_text'>Compartir en Facebook<\/span><\/a><\/li><li class='av-share-link av-social-link-twitter' ><a target=\"_blank\" aria-label=\"Compartir en Twitter\" href='https:\/\/twitter.com\/share?text=Corte%20de%20Coyhaique%20confirma%20condena%20por%20robo%20en%20bienes%20nacionales%20de%20uso%20p%C3%BAblico&#038;url=https:\/\/radiorevelacionfm.cl\/?p=44830' aria-hidden='false' data-av_icon='\ue8f1' data-av_iconfont='entypo-fontello' title='' data-avia-related-tooltip='Compartir en Twitter' rel=\"noopener\"><span class='avia_hidden_link_text'>Compartir en Twitter<\/span><\/a><\/li><li class='av-share-link av-social-link-whatsapp' ><a target=\"_blank\" aria-label=\"Compartir en Whatsapp\" href='https:\/\/api.whatsapp.com\/send?text=https:\/\/radiorevelacionfm.cl\/?p=44830' aria-hidden='false' data-av_icon='\uf232' data-av_iconfont='entypo-fontello' title='' data-avia-related-tooltip='Compartir en Whatsapp' rel=\"noopener\"><span class='avia_hidden_link_text'>Compartir en Whatsapp<\/span><\/a><\/li><li class='av-share-link av-social-link-linkedin' ><a target=\"_blank\" aria-label=\"Compartir en LinkedIn\" href='https:\/\/linkedin.com\/shareArticle?mini=true&#038;title=Corte%20de%20Coyhaique%20confirma%20condena%20por%20robo%20en%20bienes%20nacionales%20de%20uso%20p%C3%BAblico&#038;url=https:\/\/radiorevelacionfm.cl\/?p=44830' aria-hidden='false' data-av_icon='\ue8fc' data-av_iconfont='entypo-fontello' title='' data-avia-related-tooltip='Compartir en LinkedIn' rel=\"noopener\"><span class='avia_hidden_link_text'>Compartir en LinkedIn<\/span><\/a><\/li><li class='av-share-link av-social-link-mail' ><a  aria-label=\"Compartir por correo\" href='mailto:?subject=Corte%20de%20Coyhaique%20confirma%20condena%20por%20robo%20en%20bienes%20nacionales%20de%20uso%20p%C3%BAblico&#038;body=https:\/\/radiorevelacionfm.cl\/?p=44830' aria-hidden='false' data-av_icon='\ue805' data-av_iconfont='entypo-fontello' title='' data-avia-related-tooltip='Compartir por correo'><span class='avia_hidden_link_text'>Compartir por correo<\/span><\/a><\/li><\/ul><\/div><\/div>\n<div  style='height:50px' class='hr hr-invisible   avia-builder-el-8  el_after_av_social_share  el_before_av_comments_list '><span class='hr-inner ' ><span class='hr-inner-style'><\/span><\/span><\/div>\n<div  class='av-buildercomment  av-blog-meta-html-info-disabled av-blog-meta-tag-disabled  '><\/div>\n","protected":false},"excerpt":{"rendered":"","protected":false},"author":1,"featured_media":44831,"comment_status":"open","ping_status":"open","sticky":false,"template":"","format":"standard","meta":{"footnotes":""},"categories":[55],"tags":[],"class_list":["post-44830","post","type-post","status-publish","format-standard","has-post-thumbnail","hentry","category-justicia"],"jetpack_featured_media_url":"https:\/\/radiorevelacionfm.cl\/wp-content\/uploads\/2024\/08\/foto-02-corte-de-apelaciones-1-1_optimized-1.jpg","_links":{"self":[{"href":"https:\/\/radiorevelacionfm.cl\/index.php?rest_route=\/wp\/v2\/posts\/44830","targetHints":{"allow":["GET"]}}],"collection":[{"href":"https:\/\/radiorevelacionfm.cl\/index.php?rest_route=\/wp\/v2\/posts"}],"about":[{"href":"https:\/\/radiorevelacionfm.cl\/index.php?rest_route=\/wp\/v2\/types\/post"}],"author":[{"embeddable":true,"href":"https:\/\/radiorevelacionfm.cl\/index.php?rest_route=\/wp\/v2\/users\/1"}],"replies":[{"embeddable":true,"href":"https:\/\/radiorevelacionfm.cl\/index.php?rest_route=%2Fwp%2Fv2%2Fcomments&post=44830"}],"version-history":[{"count":1,"href":"https:\/\/radiorevelacionfm.cl\/index.php?rest_route=\/wp\/v2\/posts\/44830\/revisions"}],"predecessor-version":[{"id":44832,"href":"https:\/\/radiorevelacionfm.cl\/index.php?rest_route=\/wp\/v2\/posts\/44830\/revisions\/44832"}],"wp:featuredmedia":[{"embeddable":true,"href":"https:\/\/radiorevelacionfm.cl\/index.php?rest_route=\/wp\/v2\/media\/44831"}],"wp:attachment":[{"href":"https:\/\/radiorevelacionfm.cl\/index.php?rest_route=%2Fwp%2Fv2%2Fmedia&parent=44830"}],"wp:term":[{"taxonomy":"category","embeddable":true,"href":"https:\/\/radiorevelacionfm.cl\/index.php?rest_route=%2Fwp%2Fv2%2Fcategories&post=44830"},{"taxonomy":"post_tag","embeddable":true,"href":"https:\/\/radiorevelacionfm.cl\/index.php?rest_route=%2Fwp%2Fv2%2Ftags&post=44830"}],"curies":[{"name":"wp","href":"https:\/\/api.w.org\/{rel}","templated":true}]}}