{"id":44827,"date":"2024-08-05T18:01:36","date_gmt":"2024-08-05T21:01:36","guid":{"rendered":"https:\/\/radiorevelacionfm.cl\/?p=44827"},"modified":"2024-08-05T18:01:36","modified_gmt":"2024-08-05T21:01:36","slug":"calisto-valora-decision-de-mantener-a-delegado-provincial-de-serviu-aysen-no-se-pueden-tomar-estas-decisiones-a-espaldas-de-la-comunidad","status":"publish","type":"post","link":"https:\/\/radiorevelacionfm.cl\/?p=44827","title":{"rendered":"Calisto valora decisi\u00f3n de mantener a delegado provincial de Serviu Ays\u00e9n: \u201cNo se pueden tomar estas decisiones a espaldas de la comunidad\u201d"},"content":{"rendered":"<div class=\"flex_column av_one_full  flex_column_div av-zero-column-padding first  avia-builder-el-0  el_before_av_one_full  avia-builder-el-first  \" style='border-radius:0px; '><div  class='avia-image-container  av-styling-    avia-builder-el-1  avia-builder-el-no-sibling  avia-align-center '  itemprop=\"image\" itemscope=\"itemscope\" itemtype=\"https:\/\/schema.org\/ImageObject\"  ><div class='avia-image-container-inner'><div class='avia-image-overlay-wrap'><img decoding=\"async\" class='wp-image-44828 avia-img-lazy-loading-not-44828 avia_image' src=\"https:\/\/radiorevelacionfm.cl\/wp-content\/uploads\/2024\/08\/foto-comitEs-aysEn-1_optimized.jpg\" alt='' title='foto-comit\u00c9s-ays\u00c9n-(1)_optimized' height=\"600\" width=\"1058\"  itemprop=\"thumbnailUrl\" srcset=\"https:\/\/radiorevelacionfm.cl\/wp-content\/uploads\/2024\/08\/foto-comitEs-aysEn-1_optimized.jpg 1058w, https:\/\/radiorevelacionfm.cl\/wp-content\/uploads\/2024\/08\/foto-comitEs-aysEn-1_optimized-300x170.jpg 300w, https:\/\/radiorevelacionfm.cl\/wp-content\/uploads\/2024\/08\/foto-comitEs-aysEn-1_optimized-1030x584.jpg 1030w, https:\/\/radiorevelacionfm.cl\/wp-content\/uploads\/2024\/08\/foto-comitEs-aysEn-1_optimized-768x436.jpg 768w, https:\/\/radiorevelacionfm.cl\/wp-content\/uploads\/2024\/08\/foto-comitEs-aysEn-1_optimized-705x400.jpg 705w, https:\/\/radiorevelacionfm.cl\/wp-content\/uploads\/2024\/08\/foto-comitEs-aysEn-1_optimized-450x255.jpg 450w, https:\/\/radiorevelacionfm.cl\/wp-content\/uploads\/2024\/08\/foto-comitEs-aysEn-1_optimized-600x340.jpg 600w\" sizes=\"(max-width: 1058px) 100vw, 1058px\" \/><\/div><\/div><\/div><\/div><div class=\"flex_column av_one_full  flex_column_div av-zero-column-padding first  avia-builder-el-2  el_after_av_one_full  el_before_av_one_full  column-top-margin\" style='border-radius:0px; '><section class=\"av_textblock_section \"  itemscope=\"itemscope\" itemtype=\"https:\/\/schema.org\/BlogPosting\" itemprop=\"blogPost\" ><div class='avia_textblock  '   itemprop=\"text\" ><p style=\"text-align: center;\"><span style=\"font-size: 18pt;\"><b><span lang=\"ES\">Calisto valora decisi\u00f3n de mantener a delegado provincial de Serviu Ays\u00e9n: \u201cNo se pueden tomar estas decisiones a espaldas de la comunidad\u201d<\/span><\/b><\/span><\/p>\n<div id=\"gtx-trans\" style=\"position: absolute; left: -50px; top: 4.31534px;\">\n<div class=\"gtx-trans-icon\"><\/div>\n<\/div>\n<\/div><\/section><\/div><div class=\"flex_column av_one_full  flex_column_div av-zero-column-padding first  avia-builder-el-4  el_after_av_one_full  el_before_av_hr  column-top-margin\" style='border-radius:0px; '><section class=\"av_textblock_section \"  itemscope=\"itemscope\" itemtype=\"https:\/\/schema.org\/BlogPosting\" itemprop=\"blogPost\" ><div class='avia_textblock  '   itemprop=\"text\" ><p style=\"font-weight: 400; text-align: justify;\">Luego de una larga y masiva reuni\u00f3n con dirigentes habitacionales, se confirm\u00f3 la permanencia del Delegado Provincial de Serviu Ays\u00e9n, Cristian B\u00f3rquez, hecho que fue valorado por el diputado Miguel \u00c1ngel Calisto, quien estuvo presente en lo que a ratos se transform\u00f3 en un tenso encuentro, asegurando que \u201cac\u00e1 estamos frente a un funcionario de carrera que ha movilizado transversalmente a todas las dirigentas\u201d.<\/p>\n<p style=\"font-weight: 400; text-align: justify;\">\u00a0Seg\u00fan el legislador, \u201cel director provincial de Serviu ha hecho un buen trabajo y eso lo reconocen los vecinos de Ays\u00e9n. Con \u00e9l venimos trabajando en distintos proyectos, como Calafate, Sue\u00f1o Patag\u00f3n, Ruka Mew, El Canelo, Uni\u00f3n, Verdad y Justicia, Amuy\u00e9n 1 y 2, entre otros. Todos estos proyectos se han ido concretando durante la administraci\u00f3n de Cristian B\u00f3rquez\u201d.<\/p>\n<p style=\"font-weight: 400; text-align: justify;\">\u201cCon \u00e9l hemos tenido encuentros y desencuentros, pero \u00e9l conoce como funciona todo. No vamos a aceptar que se quiera imponer por una visi\u00f3n pol\u00edtica, por cuoteo, a personas que s\u00f3lo le responder\u00e1n a un sector o a un gobierno\u201d.<\/p>\n<p style=\"font-weight: 400; text-align: justify;\">El legislador asegur\u00f3 que \u201cllamamos al Ministro, el manifest\u00f3 su disposici\u00f3n, se\u00f1alando que es una decisi\u00f3n regional. Finalmente, el Director firm\u00f3 una carta donde establece que el concurso p\u00fablico no seguir\u00e1. Nosotros nos quedamos tranquilos con esa decisi\u00f3n, porque ya saben cu\u00e1les son las consecuencias cuando se toman decisiones a espalda de la comunidad\u201d.<\/p>\n<p style=\"font-weight: 400; text-align: justify;\">Por su parte, la dirigenta del comit\u00e9 Sue\u00f1o por Cumplir, Ruth Gamin, se\u00f1al\u00f3 que \u201cse logr\u00f3 lo que nosotros ped\u00edamos, que se declare desierto este concurso y que don Cristian se mantenga en sus funciones como delegado provincial. Este ha sido un trabajo en conjunto con todos los dirigentes sociales. Da gusto darse cuenta que unidos no nos vienen a poner el pie encima\u201d.<\/p>\n<p style=\"font-weight: 400; text-align: justify;\">Finalmente, la dirigenta declar\u00f3 \u201cque tenga claro el se\u00f1or director, que ac\u00e1 no son 20 o 30 dirigentes, sino que hay 2 mil o 3 mil familias detr\u00e1s. Que el director se ponga la camiseta por la regi\u00f3n y empiece a trabajar con la gente\u201d.<\/p>\n<\/div><\/section><\/div><div  style='height:50px' class='hr hr-invisible   avia-builder-el-6  el_after_av_one_full  el_before_av_social_share '><span class='hr-inner ' ><span class='hr-inner-style'><\/span><\/span><\/div><\/p>\n<div  class='av-social-sharing-box  avia-builder-el-7  el_after_av_hr  el_before_av_hr  '><div class='av-share-box'><h5 class='av-share-link-description av-no-toc '>Compartir esta noticia<\/h5><ul class='av-share-box-list noLightbox'><li class='av-share-link av-social-link-facebook' ><a target=\"_blank\" aria-label=\"Compartir en Facebook\" href='https:\/\/www.facebook.com\/sharer.php?u=https:\/\/radiorevelacionfm.cl\/?p=44827&#038;t=Calisto%20valora%20decisi%C3%B3n%20de%20mantener%20a%20delegado%20provincial%20de%20Serviu%20Ays%C3%A9n%3A%20%E2%80%9CNo%20se%20pueden%20tomar%20estas%20decisiones%20a%20espaldas%20de%20la%20comunidad%E2%80%9D' aria-hidden='false' data-av_icon='\ue8f3' data-av_iconfont='entypo-fontello' title='' data-avia-related-tooltip='Compartir en Facebook' rel=\"noopener\"><span class='avia_hidden_link_text'>Compartir en Facebook<\/span><\/a><\/li><li class='av-share-link av-social-link-twitter' ><a target=\"_blank\" aria-label=\"Compartir en Twitter\" href='https:\/\/twitter.com\/share?text=Calisto%20valora%20decisi%C3%B3n%20de%20mantener%20a%20delegado%20provincial%20de%20Serviu%20Ays%C3%A9n%3A%20%E2%80%9CNo%20se%20pueden%20tomar%20estas%20decisiones%20a%20espaldas%20de%20la%20comunidad%E2%80%9D&#038;url=https:\/\/radiorevelacionfm.cl\/?p=44827' aria-hidden='false' data-av_icon='\ue8f1' data-av_iconfont='entypo-fontello' title='' data-avia-related-tooltip='Compartir en Twitter' rel=\"noopener\"><span class='avia_hidden_link_text'>Compartir en Twitter<\/span><\/a><\/li><li class='av-share-link av-social-link-whatsapp' ><a target=\"_blank\" aria-label=\"Compartir en Whatsapp\" href='https:\/\/api.whatsapp.com\/send?text=https:\/\/radiorevelacionfm.cl\/?p=44827' aria-hidden='false' data-av_icon='\uf232' data-av_iconfont='entypo-fontello' title='' data-avia-related-tooltip='Compartir en Whatsapp' rel=\"noopener\"><span class='avia_hidden_link_text'>Compartir en Whatsapp<\/span><\/a><\/li><li class='av-share-link av-social-link-linkedin' ><a target=\"_blank\" aria-label=\"Compartir en LinkedIn\" href='https:\/\/linkedin.com\/shareArticle?mini=true&#038;title=Calisto%20valora%20decisi%C3%B3n%20de%20mantener%20a%20delegado%20provincial%20de%20Serviu%20Ays%C3%A9n%3A%20%E2%80%9CNo%20se%20pueden%20tomar%20estas%20decisiones%20a%20espaldas%20de%20la%20comunidad%E2%80%9D&#038;url=https:\/\/radiorevelacionfm.cl\/?p=44827' aria-hidden='false' data-av_icon='\ue8fc' data-av_iconfont='entypo-fontello' title='' data-avia-related-tooltip='Compartir en LinkedIn' rel=\"noopener\"><span class='avia_hidden_link_text'>Compartir en LinkedIn<\/span><\/a><\/li><li class='av-share-link av-social-link-mail' ><a  aria-label=\"Compartir por correo\" href='mailto:?subject=Calisto%20valora%20decisi%C3%B3n%20de%20mantener%20a%20delegado%20provincial%20de%20Serviu%20Ays%C3%A9n%3A%20%E2%80%9CNo%20se%20pueden%20tomar%20estas%20decisiones%20a%20espaldas%20de%20la%20comunidad%E2%80%9D&#038;body=https:\/\/radiorevelacionfm.cl\/?p=44827' aria-hidden='false' data-av_icon='\ue805' data-av_iconfont='entypo-fontello' title='' data-avia-related-tooltip='Compartir por correo'><span class='avia_hidden_link_text'>Compartir por correo<\/span><\/a><\/li><\/ul><\/div><\/div>\n<div  style='height:50px' class='hr hr-invisible   avia-builder-el-8  el_after_av_social_share  el_before_av_comments_list '><span class='hr-inner ' ><span class='hr-inner-style'><\/span><\/span><\/div>\n<div  class='av-buildercomment  av-blog-meta-html-info-disabled av-blog-meta-tag-disabled  '><\/div>\n","protected":false},"excerpt":{"rendered":"","protected":false},"author":1,"featured_media":44828,"comment_status":"open","ping_status":"open","sticky":false,"template":"","format":"standard","meta":{"footnotes":""},"categories":[35],"tags":[],"class_list":["post-44827","post","type-post","status-publish","format-standard","has-post-thumbnail","hentry","category-politica"],"jetpack_featured_media_url":"https:\/\/radiorevelacionfm.cl\/wp-content\/uploads\/2024\/08\/foto-comitEs-aysEn-1_optimized.jpg","_links":{"self":[{"href":"https:\/\/radiorevelacionfm.cl\/index.php?rest_route=\/wp\/v2\/posts\/44827","targetHints":{"allow":["GET"]}}],"collection":[{"href":"https:\/\/radiorevelacionfm.cl\/index.php?rest_route=\/wp\/v2\/posts"}],"about":[{"href":"https:\/\/radiorevelacionfm.cl\/index.php?rest_route=\/wp\/v2\/types\/post"}],"author":[{"embeddable":true,"href":"https:\/\/radiorevelacionfm.cl\/index.php?rest_route=\/wp\/v2\/users\/1"}],"replies":[{"embeddable":true,"href":"https:\/\/radiorevelacionfm.cl\/index.php?rest_route=%2Fwp%2Fv2%2Fcomments&post=44827"}],"version-history":[{"count":1,"href":"https:\/\/radiorevelacionfm.cl\/index.php?rest_route=\/wp\/v2\/posts\/44827\/revisions"}],"predecessor-version":[{"id":44829,"href":"https:\/\/radiorevelacionfm.cl\/index.php?rest_route=\/wp\/v2\/posts\/44827\/revisions\/44829"}],"wp:featuredmedia":[{"embeddable":true,"href":"https:\/\/radiorevelacionfm.cl\/index.php?rest_route=\/wp\/v2\/media\/44828"}],"wp:attachment":[{"href":"https:\/\/radiorevelacionfm.cl\/index.php?rest_route=%2Fwp%2Fv2%2Fmedia&parent=44827"}],"wp:term":[{"taxonomy":"category","embeddable":true,"href":"https:\/\/radiorevelacionfm.cl\/index.php?rest_route=%2Fwp%2Fv2%2Fcategories&post=44827"},{"taxonomy":"post_tag","embeddable":true,"href":"https:\/\/radiorevelacionfm.cl\/index.php?rest_route=%2Fwp%2Fv2%2Ftags&post=44827"}],"curies":[{"name":"wp","href":"https:\/\/api.w.org\/{rel}","templated":true}]}}