{"id":44825,"date":"2024-08-06T12:31:16","date_gmt":"2024-08-06T15:31:16","guid":{"rendered":"https:\/\/radiorevelacionfm.cl\/?p=44825"},"modified":"2024-08-06T12:34:24","modified_gmt":"2024-08-06T15:34:24","slug":"mineduc-extendio-el-plazo-para-participar-en-la-consulta-publica-sobre-propuesta-de-actualizacion-curricular-de-1-basico-a-2-medio","status":"publish","type":"post","link":"https:\/\/radiorevelacionfm.cl\/?p=44825","title":{"rendered":"Mineduc extendi\u00f3 el plazo para participar en la consulta\u202fp\u00fablica sobre propuesta de Actualizaci\u00f3n Curricular de 1\u00b0 b\u00e1sico a 2\u00b0 medio"},"content":{"rendered":"<div class=\"flex_column av_one_full  flex_column_div av-zero-column-padding first  avia-builder-el-0  el_before_av_one_full  avia-builder-el-first  \" style='border-radius:0px; '><div  class='avia-image-container  av-styling-    avia-builder-el-1  avia-builder-el-no-sibling  avia-align-center '  itemprop=\"image\" itemscope=\"itemscope\" itemtype=\"https:\/\/schema.org\/ImageObject\"  ><div class='avia-image-container-inner'><div class='avia-image-overlay-wrap'><img decoding=\"async\" class='wp-image-44852 avia-img-lazy-loading-not-44852 avia_image' src=\"https:\/\/radiorevelacionfm.cl\/wp-content\/uploads\/2024\/08\/congreso-sociedad-civil-1_optimized.jpg\" alt='' title='congreso-sociedad-civil-(1)_optimized' height=\"600\" width=\"1000\"  itemprop=\"thumbnailUrl\" srcset=\"https:\/\/radiorevelacionfm.cl\/wp-content\/uploads\/2024\/08\/congreso-sociedad-civil-1_optimized.jpg 1000w, https:\/\/radiorevelacionfm.cl\/wp-content\/uploads\/2024\/08\/congreso-sociedad-civil-1_optimized-300x180.jpg 300w, https:\/\/radiorevelacionfm.cl\/wp-content\/uploads\/2024\/08\/congreso-sociedad-civil-1_optimized-768x461.jpg 768w, https:\/\/radiorevelacionfm.cl\/wp-content\/uploads\/2024\/08\/congreso-sociedad-civil-1_optimized-705x423.jpg 705w, https:\/\/radiorevelacionfm.cl\/wp-content\/uploads\/2024\/08\/congreso-sociedad-civil-1_optimized-450x270.jpg 450w, https:\/\/radiorevelacionfm.cl\/wp-content\/uploads\/2024\/08\/congreso-sociedad-civil-1_optimized-600x360.jpg 600w\" sizes=\"(max-width: 1000px) 100vw, 1000px\" \/><\/div><\/div><\/div><\/div><div class=\"flex_column av_one_full  flex_column_div av-zero-column-padding first  avia-builder-el-2  el_after_av_one_full  el_before_av_one_full  column-top-margin\" style='border-radius:0px; '><section class=\"av_textblock_section \"  itemscope=\"itemscope\" itemtype=\"https:\/\/schema.org\/BlogPosting\" itemprop=\"blogPost\" ><div class='avia_textblock  '   itemprop=\"text\" ><p class=\"v1MsoNormal\" style=\"text-align: center;\" align=\"center\"><span style=\"font-size: 18pt;\"><b>Mineduc extendi\u00f3 el plazo para participar en la consulta\u202fp\u00fablica sobre propuesta de Actualizaci\u00f3n Curricular de 1\u00b0 b\u00e1sico a 2\u00b0 medio<\/b><\/span><\/p>\n<div id=\"gtx-trans\" style=\"position: absolute; left: -50px; top: 4.31534px;\">\n<div class=\"gtx-trans-icon\"><\/div>\n<\/div>\n<\/div><\/section><\/div><\/p>\n<div class=\"flex_column av_one_full  flex_column_div av-zero-column-padding first  avia-builder-el-4  el_after_av_one_full  el_before_av_hr  column-top-margin\" style='border-radius:0px; '><section class=\"av_textblock_section \"  itemscope=\"itemscope\" itemtype=\"https:\/\/schema.org\/BlogPosting\" itemprop=\"blogPost\" ><div class='avia_textblock  '   itemprop=\"text\" ><p class=\"v1MsoNormal\" style=\"text-align: justify;\">Con el objetivo de que m\u00e1s comunidades educativas puedan ser parte de la Consulta P\u00fablica sobre la Actualizaci\u00f3n Curricular para los niveles de 1\u00b0 B\u00e1sico a 2\u00b0 Medio, el Mineduc anunci\u00f3 la extensi\u00f3n del plazo hasta el\u00a0viernes 9 de agosto.<\/p>\n<p class=\"v1MsoNormal\" style=\"text-align: justify;\">El Ministerio de Educaci\u00f3n desarrolla desde el 19 de junio este proceso, que busca recoger las opiniones y sugerencias de docentes, equipos directivos, profesionales de la educaci\u00f3n, estudiantes, apoderados, especialistas en educaci\u00f3n y toda la ciudadan\u00eda para enriquecer la nueva propuesta de Bases Curriculares.<\/p>\n<p class=\"v1MsoNormal\" style=\"text-align: justify;\">La Actualizaci\u00f3n Curricular para los niveles de 1\u00b0 b\u00e1sico a 2\u00b0 medio se ha estado desarrollando desde el 2022 basada en un diagn\u00f3stico que consider\u00f3 distintas fuentes de informaci\u00f3n y procesos participativos. La propuesta propone m\u00faltiples innovaciones como el fortalecimiento transversal de la lectura y la escritura en todas las asignaturas; define un nuevo enfoque para Orientaci\u00f3n, poniendo \u00e9nfasis en el aprendizaje socioemocional; se incorporan aprendizajes vinculados a educaci\u00f3n financiera, ciudadan\u00eda digital, uso \u00e9tico del lenguaje y educaci\u00f3n ciudadana. Adem\u00e1s, de crear la asignatura de Artes esc\u00e9nicas y extender la trayectoria de ingl\u00e9s desde 1\u00b0 b\u00e1sico.<\/p>\n<p class=\"v1MsoNormal\" style=\"text-align: justify;\">Sobre\u00a0 este proceso de consulta, la Seremi de Educaci\u00f3n Isabel Garrido\u00a0 destac\u00f3 que esta actualizaci\u00f3n se sustenta en un riguroso levantamiento de evidencia, que incluye estudios de implementaci\u00f3n curricular, an\u00e1lisis comparado internacional, mesas t\u00e9cnicas, estados del arte y diversas iniciativas de participaci\u00f3n que han sido fundamentales para recoger las necesidades de distintos actores del sistema educativo, incluyendo a docentes, estudiantes, directivos, familias y expertos.<\/p>\n<p class=\"v1MsoNormal\" style=\"text-align: justify;\">\u00abTenemos una oportunidad in\u00e9dita de avanzar hacia una educaci\u00f3n contextualizada y pertinente, que incorpore todos esos aprendizajes que alcanzamos como sistema educativo durante la pandemia, por ejemplo, la importancia de las habilidades socioemocionales, utilizar responsablemente las redes sociales, o el valor del aprendizaje en la naturaleza. Como Regi\u00f3n tenemos mucho que aportar en esta discusi\u00f3n, por lo que reforzamos el llamado a sumarse hasta el 9 de agosto\u00bb, se\u00f1al\u00f3 la autoridad sectorial regional.<\/p>\n<p class=\"v1MsoNormal\" style=\"text-align: justify;\">Isabel Garrido reiter\u00f3 la necesidad de avanzar hacia un curr\u00edculum m\u00e1s pertinente, moderno y de vanguardia, capaz de responder a los requerimientos de un mundo en constante cambio, que se anticipe a las pr\u00f3ximas transformaciones en el mercado laboral y la industria cient\u00edfica y tecnol\u00f3gica\u00bb.<\/p>\n<p class=\"v1MsoNormal\" style=\"text-align: justify;\"><b>\u00bfC\u00f3mo participar?<\/b><b>\u202f<\/b><b>\u00a0<\/b><\/p>\n<p class=\"v1MsoNormal\" style=\"text-align: justify;\">El proceso de consulta incluye tres estrategias de participaci\u00f3n, cuyo prop\u00f3sito es visibilizar y hacer part\u00edcipes de la propuesta de actualizaci\u00f3n del curr\u00edculum al sistema educativo y la sociedad civil a nivel nacional.<\/p>\n<p class=\"v1MsoNormal\" style=\"text-align: justify;\"><b>Consulta en Establecimientos Escolares<\/b>, que se est\u00e1 desarrollando a trav\u00e9s de di\u00e1logos presenciales dirigidos a docentes, educadores\/as, asistentes, equipos t\u00e9cnicos y directivos de los establecimientos escolares, que se desarrollar\u00e1n en los establecimientos educativos.<\/p>\n<p class=\"v1MsoNormal\" style=\"text-align: justify;\"><b>Consulta Abierta Online<\/b>, dirigida a todos y todas quienes quieran participar respondiendo el cuestionario en l\u00ednea, en\u00a0<a href=\"https:\/\/consultacurricular.cl\/\" target=\"_blank\" rel=\"noopener noreferrer\"><b>https:\/\/consultacurricular.cl\/<\/b><\/a><\/p>\n<p class=\"v1MsoNormal\" style=\"text-align: justify;\">Paralelamente, durante los meses de julio y agosto, el Mineduc realizar\u00e1 la\u00a0<b>Consulta a especialistas<\/b>. Esta instancia consiste en convocar mesas de di\u00e1logo dirigidas a especialistas en educaci\u00f3n, expertos en dise\u00f1o curricular, representantes del mundo de la educaci\u00f3n u organizaciones educativas.<\/p>\n<p class=\"v1MsoNormal\" style=\"text-align: justify;\">La informaci\u00f3n que se recoja de la Consulta P\u00fablica ser\u00e1 sistematizada y servir\u00e1 para retroalimentar y ajustar la propuesta de actualizaci\u00f3n de Bases Curriculares antes de su ingreso al Consejo Nacional de Educaci\u00f3n (CNED), organismo aut\u00f3nomo encargado de aprobar las definiciones curriculares conforme a la Ley General de Educaci\u00f3n. Las principales innovaciones y cambios surgidos podr\u00edan aplicarse desde el 2026.<\/p>\n<\/div><\/section><\/div>\n<div  style='height:50px' class='hr hr-invisible   avia-builder-el-6  el_after_av_one_full  el_before_av_social_share '><span class='hr-inner ' ><span class='hr-inner-style'><\/span><\/span><\/div>\n<div  class='av-social-sharing-box  avia-builder-el-7  el_after_av_hr  el_before_av_hr  '><div class='av-share-box'><h5 class='av-share-link-description av-no-toc '>Compartir esta noticia<\/h5><ul class='av-share-box-list noLightbox'><li class='av-share-link av-social-link-facebook' ><a target=\"_blank\" aria-label=\"Compartir en Facebook\" href='https:\/\/www.facebook.com\/sharer.php?u=https:\/\/radiorevelacionfm.cl\/?p=44825&#038;t=Mineduc%20extendi%C3%B3%20el%20plazo%20para%20participar%20en%20la%20consulta%E2%80%AFp%C3%BAblica%20sobre%20propuesta%20de%20Actualizaci%C3%B3n%20Curricular%20de%201%C2%B0%20b%C3%A1sico%20a%202%C2%B0%20medio' aria-hidden='false' data-av_icon='\ue8f3' data-av_iconfont='entypo-fontello' title='' data-avia-related-tooltip='Compartir en Facebook' rel=\"noopener\"><span class='avia_hidden_link_text'>Compartir en Facebook<\/span><\/a><\/li><li class='av-share-link av-social-link-twitter' ><a target=\"_blank\" aria-label=\"Compartir en Twitter\" href='https:\/\/twitter.com\/share?text=Mineduc%20extendi%C3%B3%20el%20plazo%20para%20participar%20en%20la%20consulta%E2%80%AFp%C3%BAblica%20sobre%20propuesta%20de%20Actualizaci%C3%B3n%20Curricular%20de%201%C2%B0%20b%C3%A1sico%20a%202%C2%B0%20medio&#038;url=https:\/\/radiorevelacionfm.cl\/?p=44825' aria-hidden='false' data-av_icon='\ue8f1' data-av_iconfont='entypo-fontello' title='' data-avia-related-tooltip='Compartir en Twitter' rel=\"noopener\"><span class='avia_hidden_link_text'>Compartir en Twitter<\/span><\/a><\/li><li class='av-share-link av-social-link-whatsapp' ><a target=\"_blank\" aria-label=\"Compartir en Whatsapp\" href='https:\/\/api.whatsapp.com\/send?text=https:\/\/radiorevelacionfm.cl\/?p=44825' aria-hidden='false' data-av_icon='\uf232' data-av_iconfont='entypo-fontello' title='' data-avia-related-tooltip='Compartir en Whatsapp' rel=\"noopener\"><span class='avia_hidden_link_text'>Compartir en Whatsapp<\/span><\/a><\/li><li class='av-share-link av-social-link-linkedin' ><a target=\"_blank\" aria-label=\"Compartir en LinkedIn\" href='https:\/\/linkedin.com\/shareArticle?mini=true&#038;title=Mineduc%20extendi%C3%B3%20el%20plazo%20para%20participar%20en%20la%20consulta%E2%80%AFp%C3%BAblica%20sobre%20propuesta%20de%20Actualizaci%C3%B3n%20Curricular%20de%201%C2%B0%20b%C3%A1sico%20a%202%C2%B0%20medio&#038;url=https:\/\/radiorevelacionfm.cl\/?p=44825' aria-hidden='false' data-av_icon='\ue8fc' data-av_iconfont='entypo-fontello' title='' data-avia-related-tooltip='Compartir en LinkedIn' rel=\"noopener\"><span class='avia_hidden_link_text'>Compartir en LinkedIn<\/span><\/a><\/li><li class='av-share-link av-social-link-mail' ><a  aria-label=\"Compartir por correo\" href='mailto:?subject=Mineduc%20extendi%C3%B3%20el%20plazo%20para%20participar%20en%20la%20consulta%E2%80%AFp%C3%BAblica%20sobre%20propuesta%20de%20Actualizaci%C3%B3n%20Curricular%20de%201%C2%B0%20b%C3%A1sico%20a%202%C2%B0%20medio&#038;body=https:\/\/radiorevelacionfm.cl\/?p=44825' aria-hidden='false' data-av_icon='\ue805' data-av_iconfont='entypo-fontello' title='' data-avia-related-tooltip='Compartir por correo'><span class='avia_hidden_link_text'>Compartir por correo<\/span><\/a><\/li><\/ul><\/div><\/div>\n<div  style='height:50px' class='hr hr-invisible   avia-builder-el-8  el_after_av_social_share  el_before_av_comments_list '><span class='hr-inner ' ><span class='hr-inner-style'><\/span><\/span><\/div>\n<div  class='av-buildercomment  av-blog-meta-html-info-disabled av-blog-meta-tag-disabled  '><\/div>\n","protected":false},"excerpt":{"rendered":"","protected":false},"author":1,"featured_media":44852,"comment_status":"open","ping_status":"open","sticky":false,"template":"","format":"standard","meta":{"footnotes":""},"categories":[49],"tags":[],"class_list":["post-44825","post","type-post","status-publish","format-standard","has-post-thumbnail","hentry","category-educacion"],"jetpack_featured_media_url":"https:\/\/radiorevelacionfm.cl\/wp-content\/uploads\/2024\/08\/congreso-sociedad-civil-1_optimized.jpg","_links":{"self":[{"href":"https:\/\/radiorevelacionfm.cl\/index.php?rest_route=\/wp\/v2\/posts\/44825","targetHints":{"allow":["GET"]}}],"collection":[{"href":"https:\/\/radiorevelacionfm.cl\/index.php?rest_route=\/wp\/v2\/posts"}],"about":[{"href":"https:\/\/radiorevelacionfm.cl\/index.php?rest_route=\/wp\/v2\/types\/post"}],"author":[{"embeddable":true,"href":"https:\/\/radiorevelacionfm.cl\/index.php?rest_route=\/wp\/v2\/users\/1"}],"replies":[{"embeddable":true,"href":"https:\/\/radiorevelacionfm.cl\/index.php?rest_route=%2Fwp%2Fv2%2Fcomments&post=44825"}],"version-history":[{"count":2,"href":"https:\/\/radiorevelacionfm.cl\/index.php?rest_route=\/wp\/v2\/posts\/44825\/revisions"}],"predecessor-version":[{"id":44853,"href":"https:\/\/radiorevelacionfm.cl\/index.php?rest_route=\/wp\/v2\/posts\/44825\/revisions\/44853"}],"wp:featuredmedia":[{"embeddable":true,"href":"https:\/\/radiorevelacionfm.cl\/index.php?rest_route=\/wp\/v2\/media\/44852"}],"wp:attachment":[{"href":"https:\/\/radiorevelacionfm.cl\/index.php?rest_route=%2Fwp%2Fv2%2Fmedia&parent=44825"}],"wp:term":[{"taxonomy":"category","embeddable":true,"href":"https:\/\/radiorevelacionfm.cl\/index.php?rest_route=%2Fwp%2Fv2%2Fcategories&post=44825"},{"taxonomy":"post_tag","embeddable":true,"href":"https:\/\/radiorevelacionfm.cl\/index.php?rest_route=%2Fwp%2Fv2%2Ftags&post=44825"}],"curies":[{"name":"wp","href":"https:\/\/api.w.org\/{rel}","templated":true}]}}