{"id":44822,"date":"2024-08-05T16:34:44","date_gmt":"2024-08-05T19:34:44","guid":{"rendered":"https:\/\/radiorevelacionfm.cl\/?p=44822"},"modified":"2024-08-05T16:34:44","modified_gmt":"2024-08-05T19:34:44","slug":"cuerpo-de-bomberos-junto-a-sexta-compania-de-chacabuco-inician-gestiones-ante-el-municipio-para-nuevo-cuartel","status":"publish","type":"post","link":"https:\/\/radiorevelacionfm.cl\/?p=44822","title":{"rendered":"Cuerpo de Bomberos junto a Sexta Compa\u00f1\u00eda de Chacabuco inician gestiones ante el municipio para nuevo cuartel"},"content":{"rendered":"<div class=\"flex_column av_one_full  flex_column_div av-zero-column-padding first  avia-builder-el-0  el_before_av_one_full  avia-builder-el-first  \" style='border-radius:0px; '><div  class='avia-image-container  av-styling-    avia-builder-el-1  avia-builder-el-no-sibling  avia-align-center '  itemprop=\"image\" itemscope=\"itemscope\" itemtype=\"https:\/\/schema.org\/ImageObject\"  ><div class='avia-image-container-inner'><div class='avia-image-overlay-wrap'><img decoding=\"async\" class='wp-image-44823 avia-img-lazy-loading-not-44823 avia_image' src=\"https:\/\/radiorevelacionfm.cl\/wp-content\/uploads\/2024\/08\/reunion-sexta-2-1_optimized-1.jpg\" alt='' title='reunion-sexta-2-(1)_optimized (1)' height=\"600\" width=\"1066\"  itemprop=\"thumbnailUrl\" srcset=\"https:\/\/radiorevelacionfm.cl\/wp-content\/uploads\/2024\/08\/reunion-sexta-2-1_optimized-1.jpg 1066w, https:\/\/radiorevelacionfm.cl\/wp-content\/uploads\/2024\/08\/reunion-sexta-2-1_optimized-1-300x169.jpg 300w, https:\/\/radiorevelacionfm.cl\/wp-content\/uploads\/2024\/08\/reunion-sexta-2-1_optimized-1-1030x580.jpg 1030w, https:\/\/radiorevelacionfm.cl\/wp-content\/uploads\/2024\/08\/reunion-sexta-2-1_optimized-1-768x432.jpg 768w, https:\/\/radiorevelacionfm.cl\/wp-content\/uploads\/2024\/08\/reunion-sexta-2-1_optimized-1-705x397.jpg 705w, https:\/\/radiorevelacionfm.cl\/wp-content\/uploads\/2024\/08\/reunion-sexta-2-1_optimized-1-450x253.jpg 450w, https:\/\/radiorevelacionfm.cl\/wp-content\/uploads\/2024\/08\/reunion-sexta-2-1_optimized-1-600x338.jpg 600w\" sizes=\"(max-width: 1066px) 100vw, 1066px\" \/><\/div><\/div><\/div><\/div><div class=\"flex_column av_one_full  flex_column_div av-zero-column-padding first  avia-builder-el-2  el_after_av_one_full  el_before_av_one_full  column-top-margin\" style='border-radius:0px; '><section class=\"av_textblock_section \"  itemscope=\"itemscope\" itemtype=\"https:\/\/schema.org\/BlogPosting\" itemprop=\"blogPost\" ><div class='avia_textblock  '   itemprop=\"text\" ><p style=\"text-align: center;\"><strong><span style=\"font-size: 18pt;\">Cuerpo de Bomberos junto a Sexta Compa\u00f1\u00eda de Chacabuco inician gestiones ante el municipio para nuevo cuartel<\/span><\/strong><\/p>\n<div id=\"gtx-trans\" style=\"position: absolute; left: -50px; top: 4.31534px;\">\n<div class=\"gtx-trans-icon\"><\/div>\n<\/div>\n<\/div><\/section><\/div><div class=\"flex_column av_one_full  flex_column_div av-zero-column-padding first  avia-builder-el-4  el_after_av_one_full  el_before_av_hr  column-top-margin\" style='border-radius:0px; '><section class=\"av_textblock_section \"  itemscope=\"itemscope\" itemtype=\"https:\/\/schema.org\/BlogPosting\" itemprop=\"blogPost\" ><div class='avia_textblock  '   itemprop=\"text\" ><p style=\"text-align: justify;\"><em>Alcalde Julio Uribe gestion\u00f3 ante el Serviu el estudio de suelo, donde se pretende construir la nueva infraestructura.<\/em><\/p>\n<p style=\"text-align: justify;\">Desde el Cuerpo de Bomberos de Ays\u00e9n, a trav\u00e9s de su vicesuperintendente, Carlos Godoy, se convoc\u00f3 al Alcalde Julio Uribe y a los directivos de la Sexta Compa\u00f1\u00eda de Puerto Chacabuco, con el fin de dar los primeros pasos para crear el proyecto de nuevo cuartel.<\/p>\n<p style=\"text-align: justify;\">En esta instancia, la m\u00e1xima autoridad junto con destacar el permanente trabajo con este voluntariado, se\u00f1al\u00f3 que ya efectu\u00f3 las gestiones ante el Serviu para que se lleve a cabo el estudio de suelo, donde se pretende instalar el nuevo recinto bomberil.<\/p>\n<p style=\"text-align: justify;\">\u201cLa solicitud a trav\u00e9s de la superintendencia de Bomberos, es poder materializar un cuartel ac\u00e1 en Chacabuco y eso es lo que estamos haciendo, poder avanzar en esta materia. Ya solicitamos el estudio de suelo al Serviu, quienes han aceptado esto y avanzar en un dise\u00f1o, que, vamos a ver si podemos utilizar el mismo de Ma\u00f1ihuales o poder comenzar con un dise\u00f1o particular para Puerto Chacabuco, en un trabajo que hace la unidad de Secplan de nuestro Municipio\u201d, se\u00f1al\u00f3 el Alcalde, Julio Uribe.<\/p>\n<p style=\"text-align: justify;\">El vicesuperintendente y encargado del \u00e1rea de infraestructura del Cuerpo de Bomberos de Ays\u00e9n, Carlos Godoy, se mostr\u00f3 confiado en que estas primeras gestiones van a dar fruto, en lo que ser\u00e1 el futuro cuartel de la Sexta Compa\u00f1\u00eda.<\/p>\n<p style=\"text-align: justify;\">\u201cHemos iniciado en el d\u00eda de hoy una conversaci\u00f3n con el Municipio, con nuestra primera autoridad comunal, donde nuestro gran planteamiento es, la construcci\u00f3n de un nuevo cuartel para Puerto Chacabuco. Este es el puntapi\u00e9 inicial de la gesti\u00f3n, del trabajo, no es un tema de un d\u00eda para otro, pero tenemos que iniciar y hacerlo de buena manera, en Puerto Chacabuco, en terreno, viendo las actuales condiciones de este cuartel que ya tiene d\u00e9cadas, que evidentemente tiene su deterioro y que en realidad nunca fue considerado un cuartel, era un galp\u00f3n, que los mismos voluntarios a puro esfuerzo propio y del Cuerpo de Bomberos han ido mejorando. Entonces, nuestra intenci\u00f3n es que, podamos tener de una vez por todas en Puerto Chacabuco un cuartel nuevo, que es lo que se merecen los bomberos y la comunidad\u201d.<\/p>\n<p style=\"text-align: justify;\">Consciente de que este tipo de proyectos tiene cierta demora, la directora de la Sexta Compa\u00f1\u00eda de Bomberos de Chacabuco, Patricia Vargas, valor\u00f3 que se haya sostenido una reuni\u00f3n con la primera autoridad comunal, a fin de comenzar las gestiones que permitan lograr el objetivo de un nuevo cuartel.<\/p>\n<p style=\"text-align: justify;\">\u201cLa idea era juntarnos con el Alcalde, don Julio, para plantear y ver las posibilidades de optar a un cuartel nuevo. Este a\u00f1o se plante\u00f3 oficialmente, pero ha sido una conversaci\u00f3n bien larga la necesidad que tiene hoy en d\u00eda la Sexta Compa\u00f1\u00eda, por el tema de la infraestructura que tenemos. La idea es ir mejorando y tener un lugar que sea lo m\u00e1s agradable y como para los futuros voluntarios que se puedan unir a la compa\u00f1\u00eda. Adem\u00e1s, estamos s\u00faper claros de que un proyecto no sale en dos, en tres a\u00f1os, que es un proceso largo, que hay estudios por detr\u00e1s, hay todo un protocolo y un procedimiento por los fondos que tambi\u00e9n son altos, pero claramente por algo hab\u00eda que empezar, hab\u00eda que colocar el tema sobre la mesa\u201d.<\/p>\n<p style=\"text-align: justify;\">A la reuni\u00f3n tambi\u00e9n asisti\u00f3 el profesional de Secplan, Juan Pablo Altamirano, quien entreg\u00f3 toda la informaci\u00f3n pertinente a los directivos de la Sexta Compa\u00f1\u00eda de Bomberos y ya est\u00e1 trabajando para desarrollar la iniciativa desde el punto de vista t\u00e9cnico.<\/p>\n<\/div><\/section><\/div><div  style='height:50px' class='hr hr-invisible   avia-builder-el-6  el_after_av_one_full  el_before_av_social_share '><span class='hr-inner ' ><span class='hr-inner-style'><\/span><\/span><\/div><\/p>\n<div  class='av-social-sharing-box  avia-builder-el-7  el_after_av_hr  el_before_av_hr  '><div class='av-share-box'><h5 class='av-share-link-description av-no-toc '>Compartir esta noticia<\/h5><ul class='av-share-box-list noLightbox'><li class='av-share-link av-social-link-facebook' ><a target=\"_blank\" aria-label=\"Compartir en Facebook\" href='https:\/\/www.facebook.com\/sharer.php?u=https:\/\/radiorevelacionfm.cl\/?p=44822&#038;t=Cuerpo%20de%20Bomberos%20junto%20a%20Sexta%20Compa%C3%B1%C3%ADa%20de%20Chacabuco%20inician%20gestiones%20ante%20el%20municipio%20para%20nuevo%20cuartel' aria-hidden='false' data-av_icon='\ue8f3' data-av_iconfont='entypo-fontello' title='' data-avia-related-tooltip='Compartir en Facebook' rel=\"noopener\"><span class='avia_hidden_link_text'>Compartir en Facebook<\/span><\/a><\/li><li class='av-share-link av-social-link-twitter' ><a target=\"_blank\" aria-label=\"Compartir en Twitter\" href='https:\/\/twitter.com\/share?text=Cuerpo%20de%20Bomberos%20junto%20a%20Sexta%20Compa%C3%B1%C3%ADa%20de%20Chacabuco%20inician%20gestiones%20ante%20el%20municipio%20para%20nuevo%20cuartel&#038;url=https:\/\/radiorevelacionfm.cl\/?p=44822' aria-hidden='false' data-av_icon='\ue8f1' data-av_iconfont='entypo-fontello' title='' data-avia-related-tooltip='Compartir en Twitter' rel=\"noopener\"><span class='avia_hidden_link_text'>Compartir en Twitter<\/span><\/a><\/li><li class='av-share-link av-social-link-whatsapp' ><a target=\"_blank\" aria-label=\"Compartir en Whatsapp\" href='https:\/\/api.whatsapp.com\/send?text=https:\/\/radiorevelacionfm.cl\/?p=44822' aria-hidden='false' data-av_icon='\uf232' data-av_iconfont='entypo-fontello' title='' data-avia-related-tooltip='Compartir en Whatsapp' rel=\"noopener\"><span class='avia_hidden_link_text'>Compartir en Whatsapp<\/span><\/a><\/li><li class='av-share-link av-social-link-linkedin' ><a target=\"_blank\" aria-label=\"Compartir en LinkedIn\" href='https:\/\/linkedin.com\/shareArticle?mini=true&#038;title=Cuerpo%20de%20Bomberos%20junto%20a%20Sexta%20Compa%C3%B1%C3%ADa%20de%20Chacabuco%20inician%20gestiones%20ante%20el%20municipio%20para%20nuevo%20cuartel&#038;url=https:\/\/radiorevelacionfm.cl\/?p=44822' aria-hidden='false' data-av_icon='\ue8fc' data-av_iconfont='entypo-fontello' title='' data-avia-related-tooltip='Compartir en LinkedIn' rel=\"noopener\"><span class='avia_hidden_link_text'>Compartir en LinkedIn<\/span><\/a><\/li><li class='av-share-link av-social-link-mail' ><a  aria-label=\"Compartir por correo\" href='mailto:?subject=Cuerpo%20de%20Bomberos%20junto%20a%20Sexta%20Compa%C3%B1%C3%ADa%20de%20Chacabuco%20inician%20gestiones%20ante%20el%20municipio%20para%20nuevo%20cuartel&#038;body=https:\/\/radiorevelacionfm.cl\/?p=44822' aria-hidden='false' data-av_icon='\ue805' data-av_iconfont='entypo-fontello' title='' data-avia-related-tooltip='Compartir por correo'><span class='avia_hidden_link_text'>Compartir por correo<\/span><\/a><\/li><\/ul><\/div><\/div>\n<div  style='height:50px' class='hr hr-invisible   avia-builder-el-8  el_after_av_social_share  el_before_av_comments_list '><span class='hr-inner ' ><span class='hr-inner-style'><\/span><\/span><\/div>\n<div  class='av-buildercomment  av-blog-meta-html-info-disabled av-blog-meta-tag-disabled  '><\/div>\n","protected":false},"excerpt":{"rendered":"","protected":false},"author":1,"featured_media":44823,"comment_status":"open","ping_status":"open","sticky":false,"template":"","format":"standard","meta":{"footnotes":""},"categories":[38],"tags":[],"class_list":["post-44822","post","type-post","status-publish","format-standard","has-post-thumbnail","hentry","category-regional"],"jetpack_featured_media_url":"https:\/\/radiorevelacionfm.cl\/wp-content\/uploads\/2024\/08\/reunion-sexta-2-1_optimized-1.jpg","_links":{"self":[{"href":"https:\/\/radiorevelacionfm.cl\/index.php?rest_route=\/wp\/v2\/posts\/44822","targetHints":{"allow":["GET"]}}],"collection":[{"href":"https:\/\/radiorevelacionfm.cl\/index.php?rest_route=\/wp\/v2\/posts"}],"about":[{"href":"https:\/\/radiorevelacionfm.cl\/index.php?rest_route=\/wp\/v2\/types\/post"}],"author":[{"embeddable":true,"href":"https:\/\/radiorevelacionfm.cl\/index.php?rest_route=\/wp\/v2\/users\/1"}],"replies":[{"embeddable":true,"href":"https:\/\/radiorevelacionfm.cl\/index.php?rest_route=%2Fwp%2Fv2%2Fcomments&post=44822"}],"version-history":[{"count":1,"href":"https:\/\/radiorevelacionfm.cl\/index.php?rest_route=\/wp\/v2\/posts\/44822\/revisions"}],"predecessor-version":[{"id":44824,"href":"https:\/\/radiorevelacionfm.cl\/index.php?rest_route=\/wp\/v2\/posts\/44822\/revisions\/44824"}],"wp:featuredmedia":[{"embeddable":true,"href":"https:\/\/radiorevelacionfm.cl\/index.php?rest_route=\/wp\/v2\/media\/44823"}],"wp:attachment":[{"href":"https:\/\/radiorevelacionfm.cl\/index.php?rest_route=%2Fwp%2Fv2%2Fmedia&parent=44822"}],"wp:term":[{"taxonomy":"category","embeddable":true,"href":"https:\/\/radiorevelacionfm.cl\/index.php?rest_route=%2Fwp%2Fv2%2Fcategories&post=44822"},{"taxonomy":"post_tag","embeddable":true,"href":"https:\/\/radiorevelacionfm.cl\/index.php?rest_route=%2Fwp%2Fv2%2Ftags&post=44822"}],"curies":[{"name":"wp","href":"https:\/\/api.w.org\/{rel}","templated":true}]}}