{"id":44820,"date":"2024-08-05T14:30:21","date_gmt":"2024-08-05T17:30:21","guid":{"rendered":"https:\/\/radiorevelacionfm.cl\/?p=44820"},"modified":"2024-08-05T14:30:21","modified_gmt":"2024-08-05T17:30:21","slug":"detenido-abusador-sexual-de-ninas-sujeto-se-desempenaba-como-taxista-en-coyhaique","status":"publish","type":"post","link":"https:\/\/radiorevelacionfm.cl\/?p=44820","title":{"rendered":"Detenido abusador sexual de ni\u00f1as: Sujeto se desempe\u00f1aba como taxista en Coyhaique"},"content":{"rendered":"<div class=\"flex_column av_one_full  flex_column_div av-zero-column-padding first  avia-builder-el-0  el_before_av_one_full  avia-builder-el-first  \" style='border-radius:0px; '><div  class='avia-image-container  av-styling-    avia-builder-el-1  avia-builder-el-no-sibling  avia-align-center '  itemprop=\"image\" itemscope=\"itemscope\" itemtype=\"https:\/\/schema.org\/ImageObject\"  ><div class='avia-image-container-inner'><div class='avia-image-overlay-wrap'><img decoding=\"async\" class='wp-image-38789 avia-img-lazy-loading-not-38789 avia_image' src=\"https:\/\/radiorevelacionfm.cl\/wp-content\/uploads\/2024\/01\/detenido-generica-2-2.jpg\" alt='' title='detenido-generica-2-2' height=\"600\" width=\"900\"  itemprop=\"thumbnailUrl\" srcset=\"https:\/\/radiorevelacionfm.cl\/wp-content\/uploads\/2024\/01\/detenido-generica-2-2.jpg 900w, https:\/\/radiorevelacionfm.cl\/wp-content\/uploads\/2024\/01\/detenido-generica-2-2-300x200.jpg 300w, https:\/\/radiorevelacionfm.cl\/wp-content\/uploads\/2024\/01\/detenido-generica-2-2-768x512.jpg 768w, https:\/\/radiorevelacionfm.cl\/wp-content\/uploads\/2024\/01\/detenido-generica-2-2-705x470.jpg 705w, https:\/\/radiorevelacionfm.cl\/wp-content\/uploads\/2024\/01\/detenido-generica-2-2-450x300.jpg 450w, https:\/\/radiorevelacionfm.cl\/wp-content\/uploads\/2024\/01\/detenido-generica-2-2-600x400.jpg 600w\" sizes=\"(max-width: 900px) 100vw, 900px\" \/><\/div><\/div><\/div><\/div><div class=\"flex_column av_one_full  flex_column_div av-zero-column-padding first  avia-builder-el-2  el_after_av_one_full  el_before_av_one_full  column-top-margin\" style='border-radius:0px; '><section class=\"av_textblock_section \"  itemscope=\"itemscope\" itemtype=\"https:\/\/schema.org\/BlogPosting\" itemprop=\"blogPost\" ><div class='avia_textblock  '   itemprop=\"text\" ><p style=\"text-align: center;\"><strong><span style=\"font-size: 18pt;\">Detenido abusador sexual de ni\u00f1as: Sujeto se desempe\u00f1aba como taxista en Coyhaique<\/span><\/strong><\/p>\n<div id=\"gtx-trans\" style=\"position: absolute; left: -50px; top: 4.31534px;\">\n<div class=\"gtx-trans-icon\"><\/div>\n<\/div>\n<\/div><\/section><\/div><div class=\"flex_column av_one_full  flex_column_div av-zero-column-padding first  avia-builder-el-4  el_after_av_one_full  el_before_av_hr  column-top-margin\" style='border-radius:0px; '><section class=\"av_textblock_section \"  itemscope=\"itemscope\" itemtype=\"https:\/\/schema.org\/BlogPosting\" itemprop=\"blogPost\" ><div class='avia_textblock  '   itemprop=\"text\" ><p style=\"font-weight: 400; text-align: justify;\">Autor de siete delitos de abuso sexual en contra de tres v\u00edctimas, fue aprehendido adem\u00e1s por una nueva causa donde se investigan agresiones en contra de una cuarta afectada.<\/p>\n<p style=\"font-weight: 400; text-align: justify;\">Hasta el Centro Penitenciario de Coyhaique fue trasladado un imputado de 52 a\u00f1os quien fue detenido por la Brigada de Delitos Sexuales de la Polic\u00eda de Investigaciones, debido a que permanec\u00eda pr\u00f3fugo tras ser condenado este a\u00f1o por diversos casos de abuso sexual en contra de tres menores de edad, entre las que se incluye una hija de su ex conviviente y otras dos primas de la ni\u00f1a. Adem\u00e1s, el imputado fue detenido por otra causa, donde tambi\u00e9n es investigado por abusos sexuales perpetrados esta vez en contra de una cuarta menor de edad.<\/p>\n<p style=\"font-weight: 400; text-align: justify;\">El fiscal Luis Contreras explic\u00f3 que el jueves, \u201cla Polic\u00eda de Investigaciones de Chile, luego de un proceso de b\u00fasqueda exhaustiva, cruza informaci\u00f3n y an\u00e1lisis de resultados, logr\u00f3 la detenci\u00f3n de una persona que se encontraba pr\u00f3fugo luego de haber sido condenado por el Tribunal de Juicio Oral en lo Penal de Coyhaique, a la pena de ocho a\u00f1os de presidio por la comisi\u00f3n de varios delitos de abuso sexual en contra de personas menores de edad\u201d.<\/p>\n<p style=\"font-weight: 400; text-align: justify;\">El fiscal agreg\u00f3 que \u201cluego de varias diligencias, se logr\u00f3 dar con su paradero y se procedi\u00f3 a su detenci\u00f3n\u201d.<\/p>\n<p style=\"font-weight: 400; text-align: justify;\">Respecto de la situaci\u00f3n procesal del imputado, el persecutor penal explic\u00f3 que el sujeto \u201cadicionalmente ten\u00eda otra orden de detenci\u00f3n por no haberse presentado a una audiencia en el Tribunal, de manera tal que ambas \u00f3rdenes se efectuaron de forma conjunta. Fue detenido luego de la solicitud por parte de la Fiscal\u00eda de una orden de entrada, registro e incautaci\u00f3n al interior de su domicilio\u201d.<\/p>\n<p style=\"font-weight: 400; text-align: justify;\">En esta \u00faltima investigaci\u00f3n tiene relaci\u00f3n con otros hechos ocurridos entre los a\u00f1os 2017 al 2019 donde ya viv\u00eda con otra pareja y en la cual la v\u00edctima tambi\u00e9n fue una hija de su conviviente.<\/p>\n<p style=\"font-weight: 400; text-align: justify;\">CONDENA<\/p>\n<p style=\"font-weight: 400; text-align: justify;\">El imputado, que se desempe\u00f1aba como taxista al momento de los hechos, fue condenado por abusos sexuales en contra de tres ni\u00f1as, a quienes -entre otras acciones- daba regalos para evitar que contaran los abusos a sus familiares, seg\u00fan explic\u00f3 el fiscal Luis Contreras.<\/p>\n<p style=\"font-weight: 400; text-align: justify;\">El sujeto fue sentenciado por el Tribunal de Juicio Oral en Lo Penal a la pena de ocho a\u00f1os de presidio como autor de siete delitos de abuso sexual en contra de las tres v\u00edctimas. En este caso, tres il\u00edcitos afectaron a una ni\u00f1a entre los a\u00f1os 2012 y 2016; otros tres hechos a una segunda ni\u00f1a, entre los a\u00f1os 2014 y 2015 y un s\u00e9ptimo hecho ocurri\u00f3 en una fecha no precisada entre los a\u00f1os 2012 y 2014.<\/p>\n<p style=\"font-weight: 400; text-align: justify;\">Las diligencias fueron solicitadas por la Fiscal\u00eda a la Brigada de Delitos Sexuales, Brisexme de la PDI, Centro de V\u00edctimas de Delitos Violentos, CAVI y tambi\u00e9n se requirieron informes psicol\u00f3gicos al programa PRM de la Corporaci\u00f3n Opci\u00f3n.<\/p>\n<p style=\"font-weight: 400; text-align: justify;\">El imputado concretaba todas estas agresiones cuando se encontraba a solas con las v\u00edctimas.<\/p>\n<\/div><\/section><\/div><div  style='height:50px' class='hr hr-invisible   avia-builder-el-6  el_after_av_one_full  el_before_av_social_share '><span class='hr-inner ' ><span class='hr-inner-style'><\/span><\/span><\/div><\/p>\n<div  class='av-social-sharing-box  avia-builder-el-7  el_after_av_hr  el_before_av_hr  '><div class='av-share-box'><h5 class='av-share-link-description av-no-toc '>Compartir esta noticia<\/h5><ul class='av-share-box-list noLightbox'><li class='av-share-link av-social-link-facebook' ><a target=\"_blank\" aria-label=\"Compartir en Facebook\" href='https:\/\/www.facebook.com\/sharer.php?u=https:\/\/radiorevelacionfm.cl\/?p=44820&#038;t=Detenido%20abusador%20sexual%20de%20ni%C3%B1as%3A%20Sujeto%20se%20desempe%C3%B1aba%20como%20taxista%20en%20Coyhaique' aria-hidden='false' data-av_icon='\ue8f3' data-av_iconfont='entypo-fontello' title='' data-avia-related-tooltip='Compartir en Facebook' rel=\"noopener\"><span class='avia_hidden_link_text'>Compartir en Facebook<\/span><\/a><\/li><li class='av-share-link av-social-link-twitter' ><a target=\"_blank\" aria-label=\"Compartir en Twitter\" href='https:\/\/twitter.com\/share?text=Detenido%20abusador%20sexual%20de%20ni%C3%B1as%3A%20Sujeto%20se%20desempe%C3%B1aba%20como%20taxista%20en%20Coyhaique&#038;url=https:\/\/radiorevelacionfm.cl\/?p=44820' aria-hidden='false' data-av_icon='\ue8f1' data-av_iconfont='entypo-fontello' title='' data-avia-related-tooltip='Compartir en Twitter' rel=\"noopener\"><span class='avia_hidden_link_text'>Compartir en Twitter<\/span><\/a><\/li><li class='av-share-link av-social-link-whatsapp' ><a target=\"_blank\" aria-label=\"Compartir en Whatsapp\" href='https:\/\/api.whatsapp.com\/send?text=https:\/\/radiorevelacionfm.cl\/?p=44820' aria-hidden='false' data-av_icon='\uf232' data-av_iconfont='entypo-fontello' title='' data-avia-related-tooltip='Compartir en Whatsapp' rel=\"noopener\"><span class='avia_hidden_link_text'>Compartir en Whatsapp<\/span><\/a><\/li><li class='av-share-link av-social-link-linkedin' ><a target=\"_blank\" aria-label=\"Compartir en LinkedIn\" href='https:\/\/linkedin.com\/shareArticle?mini=true&#038;title=Detenido%20abusador%20sexual%20de%20ni%C3%B1as%3A%20Sujeto%20se%20desempe%C3%B1aba%20como%20taxista%20en%20Coyhaique&#038;url=https:\/\/radiorevelacionfm.cl\/?p=44820' aria-hidden='false' data-av_icon='\ue8fc' data-av_iconfont='entypo-fontello' title='' data-avia-related-tooltip='Compartir en LinkedIn' rel=\"noopener\"><span class='avia_hidden_link_text'>Compartir en LinkedIn<\/span><\/a><\/li><li class='av-share-link av-social-link-mail' ><a  aria-label=\"Compartir por correo\" href='mailto:?subject=Detenido%20abusador%20sexual%20de%20ni%C3%B1as%3A%20Sujeto%20se%20desempe%C3%B1aba%20como%20taxista%20en%20Coyhaique&#038;body=https:\/\/radiorevelacionfm.cl\/?p=44820' aria-hidden='false' data-av_icon='\ue805' data-av_iconfont='entypo-fontello' title='' data-avia-related-tooltip='Compartir por correo'><span class='avia_hidden_link_text'>Compartir por correo<\/span><\/a><\/li><\/ul><\/div><\/div>\n<div  style='height:50px' class='hr hr-invisible   avia-builder-el-8  el_after_av_social_share  el_before_av_comments_list '><span class='hr-inner ' ><span class='hr-inner-style'><\/span><\/span><\/div>\n<div  class='av-buildercomment  av-blog-meta-html-info-disabled av-blog-meta-tag-disabled  '><\/div>\n","protected":false},"excerpt":{"rendered":"","protected":false},"author":1,"featured_media":38789,"comment_status":"open","ping_status":"open","sticky":false,"template":"","format":"standard","meta":{"footnotes":""},"categories":[36],"tags":[],"class_list":["post-44820","post","type-post","status-publish","format-standard","has-post-thumbnail","hentry","category-policial"],"jetpack_featured_media_url":"https:\/\/radiorevelacionfm.cl\/wp-content\/uploads\/2024\/01\/detenido-generica-2-2.jpg","_links":{"self":[{"href":"https:\/\/radiorevelacionfm.cl\/index.php?rest_route=\/wp\/v2\/posts\/44820","targetHints":{"allow":["GET"]}}],"collection":[{"href":"https:\/\/radiorevelacionfm.cl\/index.php?rest_route=\/wp\/v2\/posts"}],"about":[{"href":"https:\/\/radiorevelacionfm.cl\/index.php?rest_route=\/wp\/v2\/types\/post"}],"author":[{"embeddable":true,"href":"https:\/\/radiorevelacionfm.cl\/index.php?rest_route=\/wp\/v2\/users\/1"}],"replies":[{"embeddable":true,"href":"https:\/\/radiorevelacionfm.cl\/index.php?rest_route=%2Fwp%2Fv2%2Fcomments&post=44820"}],"version-history":[{"count":1,"href":"https:\/\/radiorevelacionfm.cl\/index.php?rest_route=\/wp\/v2\/posts\/44820\/revisions"}],"predecessor-version":[{"id":44821,"href":"https:\/\/radiorevelacionfm.cl\/index.php?rest_route=\/wp\/v2\/posts\/44820\/revisions\/44821"}],"wp:featuredmedia":[{"embeddable":true,"href":"https:\/\/radiorevelacionfm.cl\/index.php?rest_route=\/wp\/v2\/media\/38789"}],"wp:attachment":[{"href":"https:\/\/radiorevelacionfm.cl\/index.php?rest_route=%2Fwp%2Fv2%2Fmedia&parent=44820"}],"wp:term":[{"taxonomy":"category","embeddable":true,"href":"https:\/\/radiorevelacionfm.cl\/index.php?rest_route=%2Fwp%2Fv2%2Fcategories&post=44820"},{"taxonomy":"post_tag","embeddable":true,"href":"https:\/\/radiorevelacionfm.cl\/index.php?rest_route=%2Fwp%2Fv2%2Ftags&post=44820"}],"curies":[{"name":"wp","href":"https:\/\/api.w.org\/{rel}","templated":true}]}}