{"id":44814,"date":"2024-08-05T14:00:27","date_gmt":"2024-08-05T17:00:27","guid":{"rendered":"https:\/\/radiorevelacionfm.cl\/?p=44814"},"modified":"2024-08-05T14:03:52","modified_gmt":"2024-08-05T17:03:52","slug":"proyecto-que-dreno-humedal-de-chile-chico-debera-presentar-estudio-de-impacto-ambiental","status":"publish","type":"post","link":"https:\/\/radiorevelacionfm.cl\/?p=44814","title":{"rendered":"Proyecto que dren\u00f3 humedal de Chile Chico deber\u00e1 presentar Estudio de Impacto Ambiental"},"content":{"rendered":"<div class=\"flex_column av_one_full  flex_column_div av-zero-column-padding first  avia-builder-el-0  el_before_av_one_full  avia-builder-el-first  \" style='border-radius:0px; '><div  class='avia-image-container  av-styling-    avia-builder-el-1  avia-builder-el-no-sibling  avia-align-center '  itemprop=\"image\" itemscope=\"itemscope\" itemtype=\"https:\/\/schema.org\/ImageObject\"  ><div class='avia-image-container-inner'><div class='avia-image-overlay-wrap'><img decoding=\"async\" class='wp-image-44204 avia-img-lazy-loading-not-44204 avia_image' src=\"https:\/\/radiorevelacionfm.cl\/wp-content\/uploads\/2024\/07\/imagen-aerea-humedal-3-1_optimized.jpg\" alt='' title='imagen-a\u00e9rea-humedal-3-(1)_optimized' height=\"600\" width=\"1067\"  itemprop=\"thumbnailUrl\" srcset=\"https:\/\/radiorevelacionfm.cl\/wp-content\/uploads\/2024\/07\/imagen-aerea-humedal-3-1_optimized.jpg 1067w, https:\/\/radiorevelacionfm.cl\/wp-content\/uploads\/2024\/07\/imagen-aerea-humedal-3-1_optimized-300x169.jpg 300w, https:\/\/radiorevelacionfm.cl\/wp-content\/uploads\/2024\/07\/imagen-aerea-humedal-3-1_optimized-1030x579.jpg 1030w, https:\/\/radiorevelacionfm.cl\/wp-content\/uploads\/2024\/07\/imagen-aerea-humedal-3-1_optimized-768x432.jpg 768w, https:\/\/radiorevelacionfm.cl\/wp-content\/uploads\/2024\/07\/imagen-aerea-humedal-3-1_optimized-705x396.jpg 705w, https:\/\/radiorevelacionfm.cl\/wp-content\/uploads\/2024\/07\/imagen-aerea-humedal-3-1_optimized-450x253.jpg 450w, https:\/\/radiorevelacionfm.cl\/wp-content\/uploads\/2024\/07\/imagen-aerea-humedal-3-1_optimized-600x337.jpg 600w\" sizes=\"(max-width: 1067px) 100vw, 1067px\" \/><\/div><\/div><\/div><\/div>\n<div class=\"flex_column av_one_full  flex_column_div av-zero-column-padding first  avia-builder-el-2  el_after_av_one_full  el_before_av_one_full  column-top-margin\" style='border-radius:0px; '><section class=\"av_textblock_section \"  itemscope=\"itemscope\" itemtype=\"https:\/\/schema.org\/BlogPosting\" itemprop=\"blogPost\" ><div class='avia_textblock  '   itemprop=\"text\" ><p style=\"text-align: center;\"><span style=\"font-size: 18pt;\"><b><span lang=\"ES-TRAD\">Proyecto que dren\u00f3 humedal de Chile Chico deber\u00e1 presentar Estudio de Impacto Ambiental<\/span><\/b><\/span><\/p>\n<div id=\"gtx-trans\" style=\"position: absolute; left: -50px; top: 4.31534px;\">\n<div class=\"gtx-trans-icon\"><\/div>\n<\/div>\n<\/div><\/section><\/div>\n<div class=\"flex_column av_one_full  flex_column_div av-zero-column-padding first  avia-builder-el-4  el_after_av_one_full  el_before_av_hr  column-top-margin\" style='border-radius:0px; '><section class=\"av_textblock_section \"  itemscope=\"itemscope\" itemtype=\"https:\/\/schema.org\/BlogPosting\" itemprop=\"blogPost\" ><div class='avia_textblock  '   itemprop=\"text\" ><p style=\"text-align: justify;\"><i><span lang=\"ES-TRAD\">Desde CODESA emplazaron a la Superintendencia del Medio Ambiente a iniciar un \u00abprocedimiento sancionatorio\u00bb durante el mes de agosto, por el riesgo de que si no lo hace prontamente \u00abse habilite que la infracci\u00f3n prescriba en septiembre de este a\u00f1o\u00bb.\u00a0<span class=\"v1gmail-Apple-converted-space\">\u00a0<\/span><\/span><\/i><\/p>\n<p class=\"v1MsoNormal\" style=\"text-align: justify;\"><span lang=\"ES-TRAD\">Producto de los cuestionamientos realizados por diversos servicios p\u00fablicos, el Servicio de Evaluaci\u00f3n Ambiental (SEA) de Ays\u00e9n<span class=\"v1gmail-Apple-converted-space\">\u00a0<\/span><a href=\"https:\/\/infofirma.sea.gob.cl\/DocumentosSEA\/MostrarDocumento?docId=2024\/07\/22\/8c19-ef2b-4805-a1f9-3ac29d61658b\" target=\"_blank\" rel=\"noopener noreferrer\">dio t\u00e9rmino anticipado<\/a><span class=\"v1gmail-Apple-converted-space\">\u00a0<\/span>al proceso de evaluaci\u00f3n ambiental de un proyecto tendiente a \u00ab<i>regularizar<\/i>\u00bb el drenaje ilegal del humedal La Puntilla en la desembocadura del r\u00edo Jeinimeni. Se trata de las obras que Patagonia Ridge SpA desarroll\u00f3 en dicho sector de Chile Chico entre 2019 y 2020, y que luego de varias denuncias y fiscalizaciones la Superintendencia del Medio Ambiente determin\u00f3 que deb\u00edan someterse a evaluaci\u00f3n ambiental.<\/span><\/p>\n<p class=\"v1MsoNormal\" style=\"text-align: justify;\"><span lang=\"ES-TRAD\">La empresa<span class=\"v1gmail-Apple-converted-space\">\u00a0<\/span><a href=\"https:\/\/seia.sea.gob.cl\/expediente\/ficha\/fichaPrincipal.php?modo=ficha&amp;id_expediente=2162248562\" target=\"_blank\" rel=\"noopener noreferrer\">present\u00f3 a fines de mayo<\/a><span class=\"v1gmail-Apple-converted-space\">\u00a0<\/span>una Declaraci\u00f3n de Impacto Ambiental (DIA) a fines de mayo, tras varias presentaciones fallidas previas.<\/span><\/p>\n<p class=\"v1MsoNormal\" style=\"text-align: justify;\"><span lang=\"ES-TRAD\">El principal fundamento del SEA fue que, por sus caracter\u00edsticas, el proyecto \u00ab<i>requiere someterse al SEIA mediante la v\u00eda de un Estudio de Impacto Ambiental<\/i>\u00ab.\u00a0<span class=\"v1gmail-Apple-converted-space\">\u00a0<\/span><\/span><\/p>\n<p class=\"v1MsoNormal\" style=\"text-align: justify;\"><span lang=\"ES-TRAD\">Esta obligaci\u00f3n es<span class=\"v1gmail-Apple-converted-space\">\u00a0<\/span><a href=\"https:\/\/www.terram.cl\/solicitan-termino-anticipado-de-proyecto-que-regulariza-drenaje-ilegal-de-humedal-de-aysen\/\" target=\"_blank\" rel=\"noopener noreferrer\">coherente con lo solicitado<\/a><span class=\"v1gmail-Apple-converted-space\">\u00a0<\/span>por la Agrupaci\u00f3n Ambiental y Sociocultural Antukulef y la Fundaci\u00f3n Ra\u00edces de Calafate, con apoyo de la Corporaci\u00f3n Privada para el Desarrollo de Ays\u00e9n (CODESA), que previo a esta decisi\u00f3n presentaron un requerimiento ante el SEA en dicho sentido.<\/span><\/p>\n<p class=\"v1MsoNormal\" style=\"text-align: justify;\"><span lang=\"ES-TRAD\">En la ocasi\u00f3n, la<span class=\"v1gmail-Apple-converted-space\">\u00a0<\/span><b>presidenta de Antukulef, Corina Ainol Oliva,<\/b><span class=\"v1gmail-Apple-converted-space\">\u00a0<\/span>se\u00f1al\u00f3 que \u00ab<i>hace a\u00f1os atr\u00e1s hubo da\u00f1o al sector producto de un drenaje financiado por la CNR para esta plantaci\u00f3n de cerezos, lo que obviamente impact\u00f3 el humedal de La Puntilla. El sentir de la comunidad, y de nuestra organizaci\u00f3n principalmente, es que ac\u00e1 las cosas partieron al rev\u00e9s. La empresa ya gener\u00f3 un da\u00f1o, incluso asociado a esto apareci\u00f3 un proyecto de loteo en el mismo sector del humedal y fue algo que evidenci\u00f3 la misma comunidad en el a\u00f1o 2020<\/i>\u00ab.<\/span><\/p>\n<p class=\"v1MsoNormal\" style=\"text-align: justify;\"><span lang=\"ES-TRAD\">Por su parte,<span class=\"v1gmail-Apple-converted-space\">\u00a0<\/span><b>Natalia Tapia Verdejo<\/b>, presidenta de Ra\u00edces de Calafate, indic\u00f3 que \u00ab<i>es muy importante el t\u00e9rmino anticipado del proyecto, principalmente porque, a ra\u00edz de todos los antecedentes que se han presentado, amenaza el ecosistema del humedal y todas las especies que interact\u00faan ah\u00ed, incluy\u00e9ndonos a nosotros, especialmente para nuestros estudiantes y pobladores que sabemos de su existencia<\/i>\u00ab.<\/span><\/p>\n<p class=\"v1MsoNormal\" style=\"text-align: justify;\"><span lang=\"ES-TRAD\">Desde<span class=\"v1gmail-Apple-converted-space\">\u00a0<\/span><b>CODESA<\/b>, el presidente de la organizaci\u00f3n Erwin Sandoval Gallardo ha<b><span class=\"v1gmail-Apple-converted-space\">\u00a0<\/span><\/b>se\u00f1alado que no basta con la evaluaci\u00f3n del proyecto ya ejecutado, sino que se deben formular cargos a la empresa por las obras ilegales, emplazando a la Superintendencia del Medio Ambiente a iniciar un \u00ab<i>procedimiento sancionatorio<\/i>\u00bb durante el mes de agosto, por el riesgo de que si no lo hace prontamente \u00ab<i>se habilite que la infracci\u00f3n prescriba en septiembre de este a\u00f1o<\/i>\u00ab. En este sentido, recalc\u00f3 el dirigente que al igual que en lo ocurrido con Edelays\u00e9n en Los Maquis, \u00ab<i>los cargos debieran ser calificados de grav\u00edsimos, tanto por ejecutar ilegalmente su proyecto como por incumplir los plazos dispuestos por la SMA para ingresar su proyecto a evaluaci\u00f3n en el SEIA<\/i>\u00ab.<\/span><\/p>\n<p class=\"v1MsoNormal\" style=\"text-align: justify;\"><b><span lang=\"ES-TRAD\">Los informes de los servicios<\/span><\/b><\/p>\n<p class=\"v1MsoNormal\" style=\"text-align: justify;\"><span lang=\"ES-TRAD\">Lo primero que constat\u00f3 el SEA fue que el proyecto sometido a evaluaci\u00f3n no es el mismo que se ejecut\u00f3 originalmente, ya que se hicieron modificaciones posteriores.<\/span><\/p>\n<p class=\"v1MsoNormal\" style=\"text-align: justify;\"><span lang=\"ES-TRAD\">Algunos de los servicios que hicieron observaciones de fondo fueron la<span class=\"v1gmail-Apple-converted-space\">\u00a0<\/span><b>Seremi de Medio Ambiente<\/b><span class=\"v1gmail-Apple-converted-space\">\u00a0<\/span>que indic\u00f3 que la iniciativa genera una afectaci\u00f3n significativa al humedal Jeinimeni. Con respecto a temas espec\u00edficos aludi\u00f3 a que ocasiona afectaci\u00f3n de la cantidad y calidad del recurso agua; alteraci\u00f3n de la capacidad de regeneraci\u00f3n y renovaci\u00f3n del recurso; impacto en la conectividad hidrol\u00f3gica; desecaci\u00f3n de 10,6 hect\u00e1reas del humedal por drenaje y canalizaci\u00f3n de agua al Lago General Carrera; y p\u00e9rdida de resiliencia clim\u00e1tica del ecosistema del humedal Jeinimeni.<\/span><\/p>\n<p class=\"v1MsoNormal\" style=\"text-align: justify;\"><span lang=\"ES-TRAD\">La<span class=\"v1gmail-Apple-converted-space\">\u00a0<\/span><b>Direcci\u00f3n General de Aguas<\/b><span class=\"v1gmail-Apple-converted-space\">\u00a0<\/span>apunt\u00f3 a que genera una afectaci\u00f3n significativa sobre el componente agua; el titular no cuenta con fundamentos t\u00e9cnicos que demuestren la ausencia de implicancias del proyecto sobre la desecaci\u00f3n del cuerpo de agua del humedal Jeinimeni; contradicciones en la informaci\u00f3n presentada; existencia de drenes activos no descritos en la DIA; e impacto significativo que justifica el ingreso del proyecto como un EIA debido a los efectos sin\u00e9rgicos en los recursos h\u00eddricos del sector.<\/span><\/p>\n<p class=\"v1MsoNormal\" style=\"text-align: justify;\"><span lang=\"ES-TRAD\">El<span class=\"v1gmail-Apple-converted-space\">\u00a0<\/span><b>Servicio Agr\u00edcola y Ganadero<\/b><span class=\"v1gmail-Apple-converted-space\">\u00a0<\/span>solicit\u00f3, en tanto, el t\u00e9rmino anticipado del proyecto por requerir ingreso mediante un EIA, constatando la sustituci\u00f3n de 20,4 hect\u00e1reas del humedal por plantaci\u00f3n de cerezos y afectaci\u00f3n de 10,6 hect\u00e1reas adicionales; el \u00e1rea afectada forma parte del sitio prioritario de conservaci\u00f3n de la biodiversidad \u00ab<i>Estepa Jeinmeni\u2013Lagunas Bah\u00eda Jara<\/i>\u00ab; el impacto en especies de alto valor ambiental y en estado de conservaci\u00f3n; y la afectaci\u00f3n significativa de componentes ambientales de suelo, agua, flora, fauna y biodiversidad.<\/span><\/p>\n<p class=\"v1MsoNormal\" style=\"text-align: justify;\"><span lang=\"ES-TRAD\">Por \u00faltimo, el<span class=\"v1gmail-Apple-converted-space\">\u00a0<\/span><b>Gobierno Regional de Ays\u00e9n<\/b><span class=\"v1gmail-Apple-converted-space\">\u00a0<\/span>inform\u00f3 que el proyecto se encuentra ubicado en \u00e1reas de Patrimonio, Preservaci\u00f3n e Hidrograf\u00eda seg\u00fan zonificaci\u00f3n del Plan Regional de Ordenamiento Territori<\/span>al, considerando el plan de contingencia como insuficiente, adem\u00e1s de que en \u00e9ste no se menciona al r\u00edo Jeinimeni y la caracterizaci\u00f3n de riesgos naturales no fue considerada adecuadamente.<\/p>\n<\/div><\/section><\/div><div  style='height:50px' class='hr hr-invisible   avia-builder-el-6  el_after_av_one_full  el_before_av_social_share '><span class='hr-inner ' ><span class='hr-inner-style'><\/span><\/span><\/div><\/p>\n<div  class='av-social-sharing-box  avia-builder-el-7  el_after_av_hr  el_before_av_hr  '><div class='av-share-box'><h5 class='av-share-link-description av-no-toc '>Compartir esta noticia<\/h5><ul class='av-share-box-list noLightbox'><li class='av-share-link av-social-link-facebook' ><a target=\"_blank\" aria-label=\"Compartir en Facebook\" href='https:\/\/www.facebook.com\/sharer.php?u=https:\/\/radiorevelacionfm.cl\/?p=44814&#038;t=Proyecto%20que%20dren%C3%B3%20humedal%20de%20Chile%20Chico%20deber%C3%A1%20presentar%20Estudio%20de%20Impacto%20Ambiental' aria-hidden='false' data-av_icon='\ue8f3' data-av_iconfont='entypo-fontello' title='' data-avia-related-tooltip='Compartir en Facebook' rel=\"noopener\"><span class='avia_hidden_link_text'>Compartir en Facebook<\/span><\/a><\/li><li class='av-share-link av-social-link-twitter' ><a target=\"_blank\" aria-label=\"Compartir en Twitter\" href='https:\/\/twitter.com\/share?text=Proyecto%20que%20dren%C3%B3%20humedal%20de%20Chile%20Chico%20deber%C3%A1%20presentar%20Estudio%20de%20Impacto%20Ambiental&#038;url=https:\/\/radiorevelacionfm.cl\/?p=44814' aria-hidden='false' data-av_icon='\ue8f1' data-av_iconfont='entypo-fontello' title='' data-avia-related-tooltip='Compartir en Twitter' rel=\"noopener\"><span class='avia_hidden_link_text'>Compartir en Twitter<\/span><\/a><\/li><li class='av-share-link av-social-link-whatsapp' ><a target=\"_blank\" aria-label=\"Compartir en Whatsapp\" href='https:\/\/api.whatsapp.com\/send?text=https:\/\/radiorevelacionfm.cl\/?p=44814' aria-hidden='false' data-av_icon='\uf232' data-av_iconfont='entypo-fontello' title='' data-avia-related-tooltip='Compartir en Whatsapp' rel=\"noopener\"><span class='avia_hidden_link_text'>Compartir en Whatsapp<\/span><\/a><\/li><li class='av-share-link av-social-link-linkedin' ><a target=\"_blank\" aria-label=\"Compartir en LinkedIn\" href='https:\/\/linkedin.com\/shareArticle?mini=true&#038;title=Proyecto%20que%20dren%C3%B3%20humedal%20de%20Chile%20Chico%20deber%C3%A1%20presentar%20Estudio%20de%20Impacto%20Ambiental&#038;url=https:\/\/radiorevelacionfm.cl\/?p=44814' aria-hidden='false' data-av_icon='\ue8fc' data-av_iconfont='entypo-fontello' title='' data-avia-related-tooltip='Compartir en LinkedIn' rel=\"noopener\"><span class='avia_hidden_link_text'>Compartir en LinkedIn<\/span><\/a><\/li><li class='av-share-link av-social-link-mail' ><a  aria-label=\"Compartir por correo\" href='mailto:?subject=Proyecto%20que%20dren%C3%B3%20humedal%20de%20Chile%20Chico%20deber%C3%A1%20presentar%20Estudio%20de%20Impacto%20Ambiental&#038;body=https:\/\/radiorevelacionfm.cl\/?p=44814' aria-hidden='false' data-av_icon='\ue805' data-av_iconfont='entypo-fontello' title='' data-avia-related-tooltip='Compartir por correo'><span class='avia_hidden_link_text'>Compartir por correo<\/span><\/a><\/li><\/ul><\/div><\/div>\n<div  style='height:50px' class='hr hr-invisible   avia-builder-el-8  el_after_av_social_share  el_before_av_comments_list '><span class='hr-inner ' ><span class='hr-inner-style'><\/span><\/span><\/div>\n<div  class='av-buildercomment  av-blog-meta-html-info-disabled av-blog-meta-tag-disabled  '><\/div>\n","protected":false},"excerpt":{"rendered":"","protected":false},"author":1,"featured_media":44204,"comment_status":"open","ping_status":"open","sticky":false,"template":"","format":"standard","meta":{"footnotes":""},"categories":[39],"tags":[],"class_list":["post-44814","post","type-post","status-publish","format-standard","has-post-thumbnail","hentry","category-medio-ambiente"],"jetpack_featured_media_url":"https:\/\/radiorevelacionfm.cl\/wp-content\/uploads\/2024\/07\/imagen-aerea-humedal-3-1_optimized.jpg","_links":{"self":[{"href":"https:\/\/radiorevelacionfm.cl\/index.php?rest_route=\/wp\/v2\/posts\/44814","targetHints":{"allow":["GET"]}}],"collection":[{"href":"https:\/\/radiorevelacionfm.cl\/index.php?rest_route=\/wp\/v2\/posts"}],"about":[{"href":"https:\/\/radiorevelacionfm.cl\/index.php?rest_route=\/wp\/v2\/types\/post"}],"author":[{"embeddable":true,"href":"https:\/\/radiorevelacionfm.cl\/index.php?rest_route=\/wp\/v2\/users\/1"}],"replies":[{"embeddable":true,"href":"https:\/\/radiorevelacionfm.cl\/index.php?rest_route=%2Fwp%2Fv2%2Fcomments&post=44814"}],"version-history":[{"count":2,"href":"https:\/\/radiorevelacionfm.cl\/index.php?rest_route=\/wp\/v2\/posts\/44814\/revisions"}],"predecessor-version":[{"id":44816,"href":"https:\/\/radiorevelacionfm.cl\/index.php?rest_route=\/wp\/v2\/posts\/44814\/revisions\/44816"}],"wp:featuredmedia":[{"embeddable":true,"href":"https:\/\/radiorevelacionfm.cl\/index.php?rest_route=\/wp\/v2\/media\/44204"}],"wp:attachment":[{"href":"https:\/\/radiorevelacionfm.cl\/index.php?rest_route=%2Fwp%2Fv2%2Fmedia&parent=44814"}],"wp:term":[{"taxonomy":"category","embeddable":true,"href":"https:\/\/radiorevelacionfm.cl\/index.php?rest_route=%2Fwp%2Fv2%2Fcategories&post=44814"},{"taxonomy":"post_tag","embeddable":true,"href":"https:\/\/radiorevelacionfm.cl\/index.php?rest_route=%2Fwp%2Fv2%2Ftags&post=44814"}],"curies":[{"name":"wp","href":"https:\/\/api.w.org\/{rel}","templated":true}]}}