{"id":44811,"date":"2024-08-05T13:45:03","date_gmt":"2024-08-05T16:45:03","guid":{"rendered":"https:\/\/radiorevelacionfm.cl\/?p=44811"},"modified":"2024-08-05T13:45:03","modified_gmt":"2024-08-05T16:45:03","slug":"servicio-agricola-y-ganadero-cumplio-57-anos-de-existencia","status":"publish","type":"post","link":"https:\/\/radiorevelacionfm.cl\/?p=44811","title":{"rendered":"Servicio Agr\u00edcola y Ganadero cumpli\u00f3 57 a\u00f1os de existencia"},"content":{"rendered":"<div class=\"flex_column av_one_full  flex_column_div av-zero-column-padding first  avia-builder-el-0  el_before_av_one_full  avia-builder-el-first  \" style='border-radius:0px; '><div  class='avia-image-container  av-styling-    avia-builder-el-1  avia-builder-el-no-sibling  avia-align-center '  itemprop=\"image\" itemscope=\"itemscope\" itemtype=\"https:\/\/schema.org\/ImageObject\"  ><div class='avia-image-container-inner'><div class='avia-image-overlay-wrap'><img decoding=\"async\" class='wp-image-44812 avia-img-lazy-loading-not-44812 avia_image' src=\"https:\/\/radiorevelacionfm.cl\/wp-content\/uploads\/2024\/08\/tomas-chacOn-1_optimized.jpeg\" alt='' title='tomas-chac\u00d3n-(1)_optimized' height=\"600\" width=\"901\"  itemprop=\"thumbnailUrl\" srcset=\"https:\/\/radiorevelacionfm.cl\/wp-content\/uploads\/2024\/08\/tomas-chacOn-1_optimized.jpeg 901w, https:\/\/radiorevelacionfm.cl\/wp-content\/uploads\/2024\/08\/tomas-chacOn-1_optimized-300x200.jpeg 300w, https:\/\/radiorevelacionfm.cl\/wp-content\/uploads\/2024\/08\/tomas-chacOn-1_optimized-768x511.jpeg 768w, https:\/\/radiorevelacionfm.cl\/wp-content\/uploads\/2024\/08\/tomas-chacOn-1_optimized-705x469.jpeg 705w, https:\/\/radiorevelacionfm.cl\/wp-content\/uploads\/2024\/08\/tomas-chacOn-1_optimized-450x300.jpeg 450w, https:\/\/radiorevelacionfm.cl\/wp-content\/uploads\/2024\/08\/tomas-chacOn-1_optimized-600x400.jpeg 600w\" sizes=\"(max-width: 901px) 100vw, 901px\" \/><\/div><\/div><\/div><\/div><div class=\"flex_column av_one_full  flex_column_div av-zero-column-padding first  avia-builder-el-2  el_after_av_one_full  el_before_av_one_full  column-top-margin\" style='border-radius:0px; '><section class=\"av_textblock_section \"  itemscope=\"itemscope\" itemtype=\"https:\/\/schema.org\/BlogPosting\" itemprop=\"blogPost\" ><div class='avia_textblock  '   itemprop=\"text\" ><p style=\"text-align: center;\"><span style=\"font-size: 18pt;\"><strong>Servicio Agr\u00edcola y Ganadero cumpli\u00f3 57 a\u00f1os de existencia<\/strong><\/span><\/p>\n<div id=\"gtx-trans\" style=\"position: absolute; left: -50px; top: 4.31534px;\">\n<div class=\"gtx-trans-icon\"><\/div>\n<\/div>\n<\/div><\/section><\/div><div class=\"flex_column av_one_full  flex_column_div av-zero-column-padding first  avia-builder-el-4  el_after_av_one_full  el_before_av_hr  column-top-margin\" style='border-radius:0px; '><section class=\"av_textblock_section \"  itemscope=\"itemscope\" itemtype=\"https:\/\/schema.org\/BlogPosting\" itemprop=\"blogPost\" ><div class='avia_textblock  '   itemprop=\"text\" ><p style=\"text-align: justify;\">El pasado 28 de julio, el Servicio Agr\u00edcola y Ganadero cumpli\u00f3 57 a\u00f1os protegiendo y mejorando la condici\u00f3n fito y zoosanitaria de los recursos productivos, y conservar los recursos naturales renovables del \u00e1mbito silvoagropecuario en todo el pa\u00eds, con positivos avances en la regi\u00f3n de Ays\u00e9n.<\/p>\n<p style=\"text-align: justify;\">En el contexto de este nuevo a\u00f1o de existencia, en una ceremonia interna, \u00a0el Servicio reconoci\u00f3 a dos de sus trabajadores que cumplieron 30 a\u00f1os en el Servicio entregando, en dicho periodo, su compromiso, conocimientos y atenci\u00f3n en las materias de sus respectivas funciones: el reconocimiento este a\u00f1o recay\u00f3 en el ingeniero Agr\u00f3nomo Fern\u00e1n Silva Labb\u00e9 de la unidad de protecci\u00f3n de recursos naturales renovables\u00a0 y en el m\u00e9dico veterinario Tom\u00e1s Chac\u00f3n Saravia quien se desempe\u00f1a en protecci\u00f3n pecuaria.<\/p>\n<p style=\"text-align: justify;\">\u201cSaludamos y reconocemos la labor que el SAG del Ministerio de Agricultura desarrolla en la regi\u00f3n de Ays\u00e9n, fiscalizando y apoyando a diario el desarrollo de los procesos ganaderos, agr\u00edcolas y fitosanitarios para fortalecer la salud de la flora y fauna local por el mundo campesino\u201d, sostuvo el secretario regional ministerial de Agricultura, Eugenio Ruiz.<\/p>\n<p style=\"text-align: justify;\">Por su parte, el director regional del SAG, Julio Cerda, destac\u00f3 que \u201cel trabajo que realizan las funcionarias y funcionarios de nuestro Servicio en la protecci\u00f3n del patrimonio fito y zoosanitario y en la conservaci\u00f3n de los recursos naturales renovables\u00a0\u00a0 de la regi\u00f3n de Ays\u00e9n, es un compromiso verificable y reconocido y que, por lo mismo, nos reta e insta a seguir con el mismo entusiasmo y dedicaci\u00f3n que hemos puesto a lo largo de estos 57 a\u00f1os\u201d.<\/p>\n<p style=\"text-align: justify;\">Durante estas d\u00e9cadas, junto con las productoras y productores del sector agropecuario, la instituci\u00f3n ha logrado, con sus recursos sectoriales y el apoyo del Gobierno Regional, que la regi\u00f3n de Ays\u00e9n logre contar con caracter\u00edsticas \u00fanicas en el pa\u00eds, como el ser zona libre de plagas cuarentenarias de la papa; ser regi\u00f3n libre de Maedi visna, Brucelosis bovina y Loque america.<\/p>\n<p style=\"text-align: justify;\">\u201cContinuaremos nuestro accionar junto a los servicios del Ministerio de Agricultura en pro de la sustentabilidad de los suelos agropecuarios, avanzando en el control de la hidatidosis, y en cuidado de la sanidad animal y vegetal. Por otra parte, este segundo semestre se iniciar\u00e1 el programa financiado por el Gobierno Regional de Mejoramiento Sanitario Reproductivo Bovino, abordando el control de la diarrea viral bovina, programa piloto en la zona norte de la regi\u00f3n y predios que re\u00fanan las condiciones que est\u00e9 control exige, participaremos del programa caprino y seguiremos trabajando en la trazabilidad de ganado bovino de peque\u00f1os productores y productoras, desaf\u00edos cruciales para el sector y que van en director beneficio a la agricultura familiar campesina y rubro productivo agropecuario\u201d finalizo el director regional.\u201d<\/p>\n<p style=\"text-align: justify;\">Cabe se\u00f1alar que el Servicio Agr\u00edcola y Ganadero, SAG, dependiente del Ministerio de Agricultura, cuenta en la actualidad con 129 funcionarias y funcionarios y cinco oficinas sectoriales distribuidos desde Villa O\u2019Higgins a La Junta.<\/p>\n<\/div><\/section><\/div><div  style='height:50px' class='hr hr-invisible   avia-builder-el-6  el_after_av_one_full  el_before_av_social_share '><span class='hr-inner ' ><span class='hr-inner-style'><\/span><\/span><\/div><\/p>\n<div  class='av-social-sharing-box  avia-builder-el-7  el_after_av_hr  el_before_av_hr  '><div class='av-share-box'><h5 class='av-share-link-description av-no-toc '>Compartir esta noticia<\/h5><ul class='av-share-box-list noLightbox'><li class='av-share-link av-social-link-facebook' ><a target=\"_blank\" aria-label=\"Compartir en Facebook\" href='https:\/\/www.facebook.com\/sharer.php?u=https:\/\/radiorevelacionfm.cl\/?p=44811&#038;t=Servicio%20Agr%C3%ADcola%20y%20Ganadero%20cumpli%C3%B3%2057%20a%C3%B1os%20de%20existencia' aria-hidden='false' data-av_icon='\ue8f3' data-av_iconfont='entypo-fontello' title='' data-avia-related-tooltip='Compartir en Facebook' rel=\"noopener\"><span class='avia_hidden_link_text'>Compartir en Facebook<\/span><\/a><\/li><li class='av-share-link av-social-link-twitter' ><a target=\"_blank\" aria-label=\"Compartir en Twitter\" href='https:\/\/twitter.com\/share?text=Servicio%20Agr%C3%ADcola%20y%20Ganadero%20cumpli%C3%B3%2057%20a%C3%B1os%20de%20existencia&#038;url=https:\/\/radiorevelacionfm.cl\/?p=44811' aria-hidden='false' data-av_icon='\ue8f1' data-av_iconfont='entypo-fontello' title='' data-avia-related-tooltip='Compartir en Twitter' rel=\"noopener\"><span class='avia_hidden_link_text'>Compartir en Twitter<\/span><\/a><\/li><li class='av-share-link av-social-link-whatsapp' ><a target=\"_blank\" aria-label=\"Compartir en Whatsapp\" href='https:\/\/api.whatsapp.com\/send?text=https:\/\/radiorevelacionfm.cl\/?p=44811' aria-hidden='false' data-av_icon='\uf232' data-av_iconfont='entypo-fontello' title='' data-avia-related-tooltip='Compartir en Whatsapp' rel=\"noopener\"><span class='avia_hidden_link_text'>Compartir en Whatsapp<\/span><\/a><\/li><li class='av-share-link av-social-link-linkedin' ><a target=\"_blank\" aria-label=\"Compartir en LinkedIn\" href='https:\/\/linkedin.com\/shareArticle?mini=true&#038;title=Servicio%20Agr%C3%ADcola%20y%20Ganadero%20cumpli%C3%B3%2057%20a%C3%B1os%20de%20existencia&#038;url=https:\/\/radiorevelacionfm.cl\/?p=44811' aria-hidden='false' data-av_icon='\ue8fc' data-av_iconfont='entypo-fontello' title='' data-avia-related-tooltip='Compartir en LinkedIn' rel=\"noopener\"><span class='avia_hidden_link_text'>Compartir en LinkedIn<\/span><\/a><\/li><li class='av-share-link av-social-link-mail' ><a  aria-label=\"Compartir por correo\" href='mailto:?subject=Servicio%20Agr%C3%ADcola%20y%20Ganadero%20cumpli%C3%B3%2057%20a%C3%B1os%20de%20existencia&#038;body=https:\/\/radiorevelacionfm.cl\/?p=44811' aria-hidden='false' data-av_icon='\ue805' data-av_iconfont='entypo-fontello' title='' data-avia-related-tooltip='Compartir por correo'><span class='avia_hidden_link_text'>Compartir por correo<\/span><\/a><\/li><\/ul><\/div><\/div>\n<div  style='height:50px' class='hr hr-invisible   avia-builder-el-8  el_after_av_social_share  el_before_av_comments_list '><span class='hr-inner ' ><span class='hr-inner-style'><\/span><\/span><\/div>\n<div  class='av-buildercomment  av-blog-meta-html-info-disabled av-blog-meta-tag-disabled  '><\/div>\n","protected":false},"excerpt":{"rendered":"","protected":false},"author":1,"featured_media":44812,"comment_status":"open","ping_status":"open","sticky":false,"template":"","format":"standard","meta":{"footnotes":""},"categories":[58],"tags":[],"class_list":["post-44811","post","type-post","status-publish","format-standard","has-post-thumbnail","hentry","category-agricultura"],"jetpack_featured_media_url":"https:\/\/radiorevelacionfm.cl\/wp-content\/uploads\/2024\/08\/tomas-chacOn-1_optimized.jpeg","_links":{"self":[{"href":"https:\/\/radiorevelacionfm.cl\/index.php?rest_route=\/wp\/v2\/posts\/44811","targetHints":{"allow":["GET"]}}],"collection":[{"href":"https:\/\/radiorevelacionfm.cl\/index.php?rest_route=\/wp\/v2\/posts"}],"about":[{"href":"https:\/\/radiorevelacionfm.cl\/index.php?rest_route=\/wp\/v2\/types\/post"}],"author":[{"embeddable":true,"href":"https:\/\/radiorevelacionfm.cl\/index.php?rest_route=\/wp\/v2\/users\/1"}],"replies":[{"embeddable":true,"href":"https:\/\/radiorevelacionfm.cl\/index.php?rest_route=%2Fwp%2Fv2%2Fcomments&post=44811"}],"version-history":[{"count":1,"href":"https:\/\/radiorevelacionfm.cl\/index.php?rest_route=\/wp\/v2\/posts\/44811\/revisions"}],"predecessor-version":[{"id":44813,"href":"https:\/\/radiorevelacionfm.cl\/index.php?rest_route=\/wp\/v2\/posts\/44811\/revisions\/44813"}],"wp:featuredmedia":[{"embeddable":true,"href":"https:\/\/radiorevelacionfm.cl\/index.php?rest_route=\/wp\/v2\/media\/44812"}],"wp:attachment":[{"href":"https:\/\/radiorevelacionfm.cl\/index.php?rest_route=%2Fwp%2Fv2%2Fmedia&parent=44811"}],"wp:term":[{"taxonomy":"category","embeddable":true,"href":"https:\/\/radiorevelacionfm.cl\/index.php?rest_route=%2Fwp%2Fv2%2Fcategories&post=44811"},{"taxonomy":"post_tag","embeddable":true,"href":"https:\/\/radiorevelacionfm.cl\/index.php?rest_route=%2Fwp%2Fv2%2Ftags&post=44811"}],"curies":[{"name":"wp","href":"https:\/\/api.w.org\/{rel}","templated":true}]}}