{"id":4481,"date":"2021-05-25T10:58:39","date_gmt":"2021-05-25T13:58:39","guid":{"rendered":"https:\/\/radiorevelacionfm.cl\/?p=4481"},"modified":"2021-05-25T10:58:39","modified_gmt":"2021-05-25T13:58:39","slug":"ante-alza-de-contagios-autoridades-en-salud-informan-estado-general-de-la-red-asistencial","status":"publish","type":"post","link":"https:\/\/radiorevelacionfm.cl\/?p=4481","title":{"rendered":"Ante alza de contagios, autoridades en salud informan estado general de la Red Asistencial"},"content":{"rendered":"<div class=\"flex_column av_one_full  flex_column_div av-zero-column-padding first  avia-builder-el-0  el_before_av_one_full  avia-builder-el-first  \" style='border-radius:0px; '><div  class='avia-image-container  av-styling-    avia-builder-el-1  avia-builder-el-no-sibling  avia-align-center '  itemprop=\"image\" itemscope=\"itemscope\" itemtype=\"https:\/\/schema.org\/ImageObject\"  ><div class='avia-image-container-inner'><div class='avia-image-overlay-wrap'><img decoding=\"async\" class='wp-image-4486 avia-img-lazy-loading-not-4486 avia_image' src=\"https:\/\/radiorevelacionfm.cl\/wp-content\/uploads\/2021\/05\/UCI-1.jpg\" alt='' title='UCI (1)' height=\"600\" width=\"1166\"  itemprop=\"thumbnailUrl\" srcset=\"https:\/\/radiorevelacionfm.cl\/wp-content\/uploads\/2021\/05\/UCI-1.jpg 1166w, https:\/\/radiorevelacionfm.cl\/wp-content\/uploads\/2021\/05\/UCI-1-300x154.jpg 300w, https:\/\/radiorevelacionfm.cl\/wp-content\/uploads\/2021\/05\/UCI-1-1030x530.jpg 1030w, https:\/\/radiorevelacionfm.cl\/wp-content\/uploads\/2021\/05\/UCI-1-768x395.jpg 768w, https:\/\/radiorevelacionfm.cl\/wp-content\/uploads\/2021\/05\/UCI-1-705x363.jpg 705w, https:\/\/radiorevelacionfm.cl\/wp-content\/uploads\/2021\/05\/UCI-1-600x309.jpg 600w\" sizes=\"(max-width: 1166px) 100vw, 1166px\" \/><\/div><\/div><\/div><\/div><div class=\"flex_column av_one_full  flex_column_div av-zero-column-padding first  avia-builder-el-2  el_after_av_one_full  el_before_av_one_full  column-top-margin\" style='border-radius:0px; '><section class=\"av_textblock_section \"  itemscope=\"itemscope\" itemtype=\"https:\/\/schema.org\/BlogPosting\" itemprop=\"blogPost\" ><div class='avia_textblock  '   itemprop=\"text\" ><p style=\"text-align: center;\"><span style=\"font-size: 18pt;\"><strong>Ante alza de contagios, autoridades en salud informan estado general de la Red Asistencial<\/strong><\/span><\/p>\n<div id=\"gtx-trans\" style=\"position: absolute; left: -50px; top: 4.31534px;\">\n<div class=\"gtx-trans-icon\"><\/div>\n<\/div>\n<\/div><\/section><\/div><\/p>\n<div class=\"flex_column av_one_full  flex_column_div av-zero-column-padding first  avia-builder-el-4  el_after_av_one_full  el_before_av_hr  column-top-margin\" style='border-radius:0px; '><section class=\"av_textblock_section \"  itemscope=\"itemscope\" itemtype=\"https:\/\/schema.org\/BlogPosting\" itemprop=\"blogPost\" ><div class='avia_textblock  '   itemprop=\"text\" ><p style=\"text-align: justify;\">Ocupaci\u00f3n de camas cr\u00edticas, nuevas orientaciones en el funcionamiento de la red asistencial producto de la explosiva cantidad de casos positivos por COVID y un llamado a la poblaci\u00f3n a vacunarse, fueron las tem\u00e1ticas abordadas por las autoridades del sector salud en la Regi\u00f3n.<\/p>\n<p style=\"text-align: justify;\">Ante la prensa, el director del Servicio de Salud Gabriel Burgos, estableci\u00f3 que la Regi\u00f3n se encuentra en una situaci\u00f3n compleja, a partir de las cifras que evidencian m\u00e1s de 700 casos y en la Comuna de Coyhaique, con m\u00e1s de 400, lo cual ha derivado en la readecuaci\u00f3n de las prestaciones.<\/p>\n<p style=\"text-align: justify;\">\u201cHemos tenido que reconvertir atenciones priorizando sobre todo en nuestros CESFAM, para disminuir la movilidad de las personas, estableciendo solo atenciones de urgencia odontol\u00f3gicas, atenciones de morbilidad y por controles espec\u00edficos, para poder redistribuir personal en B\u00fasqueda Activa o testeo y en la trazabilidad de los casos\u201d. La situaci\u00f3n ha sido tambi\u00e9n cr\u00edtica, en el hospital Regional, donde hubo que reconvertir 2 camas de recuperaci\u00f3n de pabell\u00f3n y hemos trabajado a nivel nacional con la Divisi\u00f3n Gesti\u00f3n de Redes Asistenciales, para poder sacar pacientes realiz\u00e1ndose 6 traslados por COVID con ventilaci\u00f3n mec\u00e1nica, Mientras que internamente, hemos derivado 8 pacientes al Hospital de Puerto Ays\u00e9n, y desde el mismo establecimiento a los recintos hospitalarios de tipo comunitario, lo que evidencia el trabajo en red\u201d, inform\u00f3 el directivo.<\/p>\n<p style=\"text-align: justify;\">La situaci\u00f3n al interior del HRC, fue expuesta por su director, Jaime L\u00f3pez, refiri\u00e9ndose al aumento en la demanda asistencial, donde hasta hace una semana, se manejaban entre 12 y 14 pacientes, y en la Uci se ten\u00edan una o dos personas intubadas no COVID, lo que ha cambiado radicalmente en los \u00faltimos d\u00edas.<\/p>\n<p style=\"text-align: justify;\">\u201cTuvimos 35 pacientes con COVID positivo hospitalizados, hoy d\u00eda estamos con 32 y 8 a la espera de resultados, de esos tenemos 20 en Medicina, de ellos 6 est\u00e1n con naricera con ox\u00edgeno, 10 con c\u00e1nula de alto flujo y 4 de ellos con oxigenaci\u00f3n ambiental. En UCI tenemos 8 pacientes, 7 con ventilaci\u00f3n mec\u00e1nica invasiva y un gran quemado; en la UTI que act\u00faa como UCI, tenemos 3 pacientes en ventilaci\u00f3n mec\u00e1nica invasiva por COVID. Como hemos tenido demanda por pacientes no COVID, por ejemplo, en UTI, hay un caso que tiene una consecuencia quir\u00fargica y como llegamos al l\u00edmite de nuestra ocupaci\u00f3n de camas, tuvimos que avanzar en nuestro plan de reconversi\u00f3n hospitalaria, utilizando la sala de recuperaci\u00f3n anest\u00e9sica, con 2 camas UCI que se crearon a partir de las camas de recuperaci\u00f3n, pero que imposibilita seguir con las cirug\u00edas electivas de gravedad\u201d, detall\u00f3 Jaime L\u00f3pez.<\/p>\n<p style=\"text-align: justify;\">La autoridad, agreg\u00f3 que la semana pasada se encontraron al tope en la ocupaci\u00f3n de camas cr\u00edticas, se debi\u00f3 mantener pacientes en ventilaci\u00f3n mec\u00e1nica invasiva y no invasiva en el servicio de urgencia, colapsando el aislamiento en dicho lugar, aumentando la demora en la atenci\u00f3n alcanzando el orden de 110 consultas entre jueves y viernes, lo que oblig\u00f3 a adoptar medidas adicionales.<\/p>\n<p style=\"text-align: justify;\">\u201cCon el apoyo de la red nacional hemos podido sacar 6 pacientes con COVID positivo, lo que tiene limitaciones, puesto que la persona tiene que estar estable, no puede estar boca abajo, adem\u00e1s de un peso adecuado que no supere los 120 kilos para su ingreso en la c\u00e1psula que lo transporta etc.; junto a ello, con el acuerdo del Servicio de Urgencia Pedi\u00e1trica por esta semana, atender\u00e1 pacientes hasta los 20 a\u00f1os, de tal forma de disminuir la demanda del Servicio de urgencia Adulto, lo cual ya ha dado resultados. Jaime L\u00f3pez, destac\u00f3 que pese a la alta demanda el Hospital Regional ha dado respuesta a todas las atenciones requeridas, contando con el apoyo del hospital de Puerto Ays\u00e9n, hasta donde han sido derivados algunos casos, descongestionando en parte la alta demanda de camas.<\/p>\n<p style=\"text-align: justify;\"><span style=\"font-size: 14pt;\"><strong>Llamado a vacunarse:<\/strong><\/span><\/p>\n<p style=\"text-align: justify;\">Por su parte la SEREMI de Salud, Alejandra Valdebenito, junto con valorar el trabajo de los equipos de Testeo y Trazabilidad, coment\u00f3 que igualmente han debido hacer frente al cansancio de los equipos de salud, as\u00ed como a la alta demanda por las residencias sanitarias, trasladando pacientes desde puerto Ays\u00e9n hasta Chile Chico, para garantizar un adecuado aislamiento y recuperaci\u00f3n.<\/p>\n<p style=\"text-align: justify;\">Del mismo modo, formul\u00f3 un llamado a la poblaci\u00f3n a vacunarse, para reducir los efectos del Coronavirus en la poblaci\u00f3n. \u201cMientras no mejore nuestra cobertura de vacunaci\u00f3n, lo que va a pasar finalmente es que independiente del n\u00famero de casos, tendremos un incremento sostenido de pacientes a cama cr\u00edtica o que requieran hospitalizaci\u00f3n en una cama no critica. Mientras m\u00e1s r\u00e1pido avancemos en la cobertura, independiente del n\u00famero de casos que podamos tener de contagios, viviendo con una gripe o con un resfri\u00f3 en sus casas, por supuesto que no se va a ver afectada nuestra red asistencial, y tendr\u00e1n continuidad el resto de las funciones m\u00e9dicas de pacientes no COVID principalmente\u201d, enfatiz\u00f3 la autoridad sanitaria, al tiempo que estableci\u00f3 que hay stock suficiente para suministrar las dosis que requieren los grupos objetivos.<\/p>\n<p style=\"text-align: justify;\">Destacamos finalmente que, para esta semana, el llamado a vacunarse es para los j\u00f3venes de 26 a 29 a\u00f1os.<\/p>\n<\/div><\/section><\/div>\n<div  style='height:50px' class='hr hr-invisible   avia-builder-el-6  el_after_av_one_full  el_before_av_social_share '><span class='hr-inner ' ><span class='hr-inner-style'><\/span><\/span><\/div>\n<div  class='av-social-sharing-box  avia-builder-el-7  el_after_av_hr  el_before_av_hr  '><div class='av-share-box'><h5 class='av-share-link-description av-no-toc '>Compartir esta noticia<\/h5><ul class='av-share-box-list noLightbox'><li class='av-share-link av-social-link-facebook' ><a target=\"_blank\" aria-label=\"Compartir en Facebook\" href='https:\/\/www.facebook.com\/sharer.php?u=https:\/\/radiorevelacionfm.cl\/?p=4481&#038;t=Ante%20alza%20de%20contagios%2C%20autoridades%20en%20salud%20informan%20estado%20general%20de%20la%20Red%20Asistencial' aria-hidden='false' data-av_icon='\ue8f3' data-av_iconfont='entypo-fontello' title='' data-avia-related-tooltip='Compartir en Facebook' rel=\"noopener\"><span class='avia_hidden_link_text'>Compartir en Facebook<\/span><\/a><\/li><li class='av-share-link av-social-link-twitter' ><a target=\"_blank\" aria-label=\"Compartir en Twitter\" href='https:\/\/twitter.com\/share?text=Ante%20alza%20de%20contagios%2C%20autoridades%20en%20salud%20informan%20estado%20general%20de%20la%20Red%20Asistencial&#038;url=https:\/\/radiorevelacionfm.cl\/?p=4481' aria-hidden='false' data-av_icon='\ue8f1' data-av_iconfont='entypo-fontello' title='' data-avia-related-tooltip='Compartir en Twitter' rel=\"noopener\"><span class='avia_hidden_link_text'>Compartir en Twitter<\/span><\/a><\/li><li class='av-share-link av-social-link-whatsapp' ><a target=\"_blank\" aria-label=\"Compartir en Whatsapp\" href='https:\/\/api.whatsapp.com\/send?text=https:\/\/radiorevelacionfm.cl\/?p=4481' aria-hidden='false' data-av_icon='\uf232' data-av_iconfont='entypo-fontello' title='' data-avia-related-tooltip='Compartir en Whatsapp' rel=\"noopener\"><span class='avia_hidden_link_text'>Compartir en Whatsapp<\/span><\/a><\/li><li class='av-share-link av-social-link-linkedin' ><a target=\"_blank\" aria-label=\"Compartir en LinkedIn\" href='https:\/\/linkedin.com\/shareArticle?mini=true&#038;title=Ante%20alza%20de%20contagios%2C%20autoridades%20en%20salud%20informan%20estado%20general%20de%20la%20Red%20Asistencial&#038;url=https:\/\/radiorevelacionfm.cl\/?p=4481' aria-hidden='false' data-av_icon='\ue8fc' data-av_iconfont='entypo-fontello' title='' data-avia-related-tooltip='Compartir en LinkedIn' rel=\"noopener\"><span class='avia_hidden_link_text'>Compartir en LinkedIn<\/span><\/a><\/li><li class='av-share-link av-social-link-mail' ><a  aria-label=\"Compartir por correo\" href='mailto:?subject=Ante%20alza%20de%20contagios%2C%20autoridades%20en%20salud%20informan%20estado%20general%20de%20la%20Red%20Asistencial&#038;body=https:\/\/radiorevelacionfm.cl\/?p=4481' aria-hidden='false' data-av_icon='\ue805' data-av_iconfont='entypo-fontello' title='' data-avia-related-tooltip='Compartir por correo'><span class='avia_hidden_link_text'>Compartir por correo<\/span><\/a><\/li><\/ul><\/div><\/div>\n<div  style='height:50px' class='hr hr-invisible   avia-builder-el-8  el_after_av_social_share  el_before_av_comments_list '><span class='hr-inner ' ><span class='hr-inner-style'><\/span><\/span><\/div>\n<div  class='av-buildercomment  av-blog-meta-html-info-disabled av-blog-meta-tag-disabled  '><\/div>\n","protected":false},"excerpt":{"rendered":"","protected":false},"author":1,"featured_media":4486,"comment_status":"open","ping_status":"open","sticky":false,"template":"","format":"standard","meta":{"footnotes":""},"categories":[46],"tags":[],"class_list":["post-4481","post","type-post","status-publish","format-standard","has-post-thumbnail","hentry","category-salud"],"jetpack_featured_media_url":"https:\/\/radiorevelacionfm.cl\/wp-content\/uploads\/2021\/05\/UCI-1.jpg","_links":{"self":[{"href":"https:\/\/radiorevelacionfm.cl\/index.php?rest_route=\/wp\/v2\/posts\/4481","targetHints":{"allow":["GET"]}}],"collection":[{"href":"https:\/\/radiorevelacionfm.cl\/index.php?rest_route=\/wp\/v2\/posts"}],"about":[{"href":"https:\/\/radiorevelacionfm.cl\/index.php?rest_route=\/wp\/v2\/types\/post"}],"author":[{"embeddable":true,"href":"https:\/\/radiorevelacionfm.cl\/index.php?rest_route=\/wp\/v2\/users\/1"}],"replies":[{"embeddable":true,"href":"https:\/\/radiorevelacionfm.cl\/index.php?rest_route=%2Fwp%2Fv2%2Fcomments&post=4481"}],"version-history":[{"count":2,"href":"https:\/\/radiorevelacionfm.cl\/index.php?rest_route=\/wp\/v2\/posts\/4481\/revisions"}],"predecessor-version":[{"id":4487,"href":"https:\/\/radiorevelacionfm.cl\/index.php?rest_route=\/wp\/v2\/posts\/4481\/revisions\/4487"}],"wp:featuredmedia":[{"embeddable":true,"href":"https:\/\/radiorevelacionfm.cl\/index.php?rest_route=\/wp\/v2\/media\/4486"}],"wp:attachment":[{"href":"https:\/\/radiorevelacionfm.cl\/index.php?rest_route=%2Fwp%2Fv2%2Fmedia&parent=4481"}],"wp:term":[{"taxonomy":"category","embeddable":true,"href":"https:\/\/radiorevelacionfm.cl\/index.php?rest_route=%2Fwp%2Fv2%2Fcategories&post=4481"},{"taxonomy":"post_tag","embeddable":true,"href":"https:\/\/radiorevelacionfm.cl\/index.php?rest_route=%2Fwp%2Fv2%2Ftags&post=4481"}],"curies":[{"name":"wp","href":"https:\/\/api.w.org\/{rel}","templated":true}]}}