{"id":44805,"date":"2024-08-04T20:56:10","date_gmt":"2024-08-04T23:56:10","guid":{"rendered":"https:\/\/radiorevelacionfm.cl\/?p=44805"},"modified":"2024-08-04T20:56:10","modified_gmt":"2024-08-04T23:56:10","slug":"sernatur-aysen-impulsa-el-turismo-familiar-con-nuevo-programa-de-ejecucion-regional","status":"publish","type":"post","link":"https:\/\/radiorevelacionfm.cl\/?p=44805","title":{"rendered":"Sernatur Ays\u00e9n impulsa el Turismo Familiar con nuevo programa de ejecuci\u00f3n regional"},"content":{"rendered":"<div class=\"flex_column av_one_full  flex_column_div av-zero-column-padding first  avia-builder-el-0  el_before_av_one_full  avia-builder-el-first  \" style='border-radius:0px; '><div  class='avia-image-container  av-styling-    avia-builder-el-1  avia-builder-el-no-sibling  avia-align-center '  itemprop=\"image\" itemscope=\"itemscope\" itemtype=\"https:\/\/schema.org\/ImageObject\"  ><div class='avia-image-container-inner'><div class='avia-image-overlay-wrap'><img decoding=\"async\" class='wp-image-44806 avia-img-lazy-loading-not-44806 avia_image' src=\"https:\/\/radiorevelacionfm.cl\/wp-content\/uploads\/2024\/08\/pturismofam-01-1_optimized.jpg\" alt='' title='pturismofam-01-(1)_optimized' height=\"600\" width=\"800\"  itemprop=\"thumbnailUrl\" srcset=\"https:\/\/radiorevelacionfm.cl\/wp-content\/uploads\/2024\/08\/pturismofam-01-1_optimized.jpg 800w, https:\/\/radiorevelacionfm.cl\/wp-content\/uploads\/2024\/08\/pturismofam-01-1_optimized-300x225.jpg 300w, https:\/\/radiorevelacionfm.cl\/wp-content\/uploads\/2024\/08\/pturismofam-01-1_optimized-768x576.jpg 768w, https:\/\/radiorevelacionfm.cl\/wp-content\/uploads\/2024\/08\/pturismofam-01-1_optimized-705x529.jpg 705w, https:\/\/radiorevelacionfm.cl\/wp-content\/uploads\/2024\/08\/pturismofam-01-1_optimized-450x338.jpg 450w, https:\/\/radiorevelacionfm.cl\/wp-content\/uploads\/2024\/08\/pturismofam-01-1_optimized-600x450.jpg 600w\" sizes=\"(max-width: 800px) 100vw, 800px\" \/><\/div><\/div><\/div><\/div><div class=\"flex_column av_one_full  flex_column_div av-zero-column-padding first  avia-builder-el-2  el_after_av_one_full  el_before_av_one_full  column-top-margin\" style='border-radius:0px; '><section class=\"av_textblock_section \"  itemscope=\"itemscope\" itemtype=\"https:\/\/schema.org\/BlogPosting\" itemprop=\"blogPost\" ><div class='avia_textblock  '   itemprop=\"text\" ><p style=\"text-align: center;\"><span style=\"font-size: 18pt;\"><strong>Sernatur Ays\u00e9n impulsa el Turismo Familiar con nuevo programa de ejecuci\u00f3n regional <\/strong><\/span><\/p>\n<div id=\"gtx-trans\" style=\"position: absolute; left: -50px; top: 4.31534px;\">\n<div class=\"gtx-trans-icon\"><\/div>\n<\/div>\n<\/div><\/section><\/div><div class=\"flex_column av_one_full  flex_column_div av-zero-column-padding first  avia-builder-el-4  el_after_av_one_full  el_before_av_hr  column-top-margin\" style='border-radius:0px; '><section class=\"av_textblock_section \"  itemscope=\"itemscope\" itemtype=\"https:\/\/schema.org\/BlogPosting\" itemprop=\"blogPost\" ><div class='avia_textblock  '   itemprop=\"text\" ><p style=\"text-align: justify;\"><em>El Programa <\/em><em>Turismo Familiar se ejecutar\u00e1 por primera vez en la regi\u00f3n de Ays\u00e9n, beneficiando a 220 personas anualmente con paquetes tur\u00edsticos todo incluido.<br \/>\n<\/em><\/p>\n<p style=\"text-align: justify;\">Con la firma del contrato se puso en marcha el Programa Turismo Familiar de Sernatur en la regi\u00f3n de Ays\u00e9n. El programa ser\u00e1 ejecutado a trav\u00e9s de la modalidad Uni\u00f3n Temporal de Proveedores (UTP), conformada por 10 empresarios integrantes de la C\u00e1mara de Turismo de Puerto Ays\u00e9n que se adjudicaron la licitaci\u00f3n.<\/p>\n<p style=\"text-align: justify;\">Este programa, que se ejecuta por primera vez en la regi\u00f3n, busca fomentar el acceso de diversos segmentos de la poblaci\u00f3n a los beneficios del turismo y generar empleo en destinos emergentes. Se asignaron $92.400.000 para la ejecuci\u00f3n del programa en la regi\u00f3n de Ays\u00e9n durante los a\u00f1os 2024 y 2025, beneficiando a 220 personas cada a\u00f1o.<\/p>\n<p style=\"text-align: justify;\">El director regional de Sernatur Ays\u00e9n, Claudio Montecinos destac\u00f3 el aporte a la econom\u00eda local, as\u00ed como el aspecto social del programa. \u201cLa implementaci\u00f3n del programa de turismo familiar de Sernatur es una excelente noticia para nuestra regi\u00f3n, especialmente para Puerto Ays\u00e9n. Este programa dinamizar\u00e1 los servicios tur\u00edsticos locales en temporada baja y permitir\u00e1 que las familias y mujeres de la regi\u00f3n disfruten de nuestros atractivos tur\u00edsticos.\u201d<\/p>\n<p style=\"text-align: justify;\">En tanto, Loreto Inostroza, del emprendimiento tur\u00edstico Shangrila, miembro de la C\u00e1mara de Turismo y la de la Uni\u00f3n Temporal de Proveedores mostr\u00f3 su alegr\u00eda por ser parte de este desaf\u00edo. \u201cPara nosotros es gratificante y un orgullo ver el fruto de nuestro trabajo. Este programa es un reconocimiento a nuestro esfuerzo y desarrollo en la comuna. Esperamos ofrecer un excelente servicio y seguir participando en futuros programas y licitaciones.\u201d<\/p>\n<p style=\"text-align: justify;\">El programa ofrece paquetes tur\u00edsticos todo incluido para viajes dentro de la regi\u00f3n, espec\u00edficamente al destino de Puerto Ays\u00e9n. Estos paquetes est\u00e1n dise\u00f1ados para generar empleo en destinos afectados por la estacionalidad, impulsando el consumo de actividades tur\u00edsticas formales y reguladas en per\u00edodos de demanda media y baja. El itinerario principal incluye \u201cLa Ruta del Agua\u201d en la Reserva Nacional R\u00edo Simpson, experiencias de bienestar y relajo, todo bajo la gu\u00eda de profesionales del turismo.<\/p>\n<p style=\"text-align: justify;\">Mar\u00eda Victoria Villegas, de Toritour y representante de la Uni\u00f3n Temporal de Proveedores, a\u00f1adi\u00f3 que \u201cla confianza mutua es clave. Somos diez emprendimientos trabajando juntos en esta UTP, no como sociedad, sino como una asociaci\u00f3n para una licitaci\u00f3n espec\u00edfica. Y el enfoque principal es la Ruta del Agua, promoviendo a Puerto Ays\u00e9n.\u201d<\/p>\n<p style=\"text-align: justify;\">El Programa Turismo Familiar considera 2 tipos de cupos, Familia y Mujer, los que ser\u00e1n asignados a trav\u00e9s de los municipios que postulen al proceso. En el caso del cupo Familia, los interesados deber\u00e1n cumplir algunos requisitos como ser chileno o extranjero con residencia en Chile; estar inscrito en el Registro Social de Hogares y calificar hasta el 80% en los tramos de ingreso o vulnerabilidad; tener c\u00e9dula de identidad vigente y, cumplir con el\u00a0 copago respectivo, entre otros. En tanto el cupo Mujer, podr\u00e1n acceder a cupos de libre venta o a trav\u00e9s de cupos de municipios; ser chilenas o extranjeras con residencia en Chile; tener entre 18 y 59 a\u00f1os el d\u00eda de inicio del viaje; y cumplir con el copago respectivo, son los principales requisitos.<\/p>\n<\/div><\/section><\/div><div  style='height:50px' class='hr hr-invisible   avia-builder-el-6  el_after_av_one_full  el_before_av_social_share '><span class='hr-inner ' ><span class='hr-inner-style'><\/span><\/span><\/div><\/p>\n<div  class='av-social-sharing-box  avia-builder-el-7  el_after_av_hr  el_before_av_hr  '><div class='av-share-box'><h5 class='av-share-link-description av-no-toc '>Compartir esta noticia<\/h5><ul class='av-share-box-list noLightbox'><li class='av-share-link av-social-link-facebook' ><a target=\"_blank\" aria-label=\"Compartir en Facebook\" href='https:\/\/www.facebook.com\/sharer.php?u=https:\/\/radiorevelacionfm.cl\/?p=44805&#038;t=Sernatur%20Ays%C3%A9n%20impulsa%20el%20Turismo%20Familiar%20con%20nuevo%20programa%20de%20ejecuci%C3%B3n%20regional' aria-hidden='false' data-av_icon='\ue8f3' data-av_iconfont='entypo-fontello' title='' data-avia-related-tooltip='Compartir en Facebook' rel=\"noopener\"><span class='avia_hidden_link_text'>Compartir en Facebook<\/span><\/a><\/li><li class='av-share-link av-social-link-twitter' ><a target=\"_blank\" aria-label=\"Compartir en Twitter\" href='https:\/\/twitter.com\/share?text=Sernatur%20Ays%C3%A9n%20impulsa%20el%20Turismo%20Familiar%20con%20nuevo%20programa%20de%20ejecuci%C3%B3n%20regional&#038;url=https:\/\/radiorevelacionfm.cl\/?p=44805' aria-hidden='false' data-av_icon='\ue8f1' data-av_iconfont='entypo-fontello' title='' data-avia-related-tooltip='Compartir en Twitter' rel=\"noopener\"><span class='avia_hidden_link_text'>Compartir en Twitter<\/span><\/a><\/li><li class='av-share-link av-social-link-whatsapp' ><a target=\"_blank\" aria-label=\"Compartir en Whatsapp\" href='https:\/\/api.whatsapp.com\/send?text=https:\/\/radiorevelacionfm.cl\/?p=44805' aria-hidden='false' data-av_icon='\uf232' data-av_iconfont='entypo-fontello' title='' data-avia-related-tooltip='Compartir en Whatsapp' rel=\"noopener\"><span class='avia_hidden_link_text'>Compartir en Whatsapp<\/span><\/a><\/li><li class='av-share-link av-social-link-linkedin' ><a target=\"_blank\" aria-label=\"Compartir en LinkedIn\" href='https:\/\/linkedin.com\/shareArticle?mini=true&#038;title=Sernatur%20Ays%C3%A9n%20impulsa%20el%20Turismo%20Familiar%20con%20nuevo%20programa%20de%20ejecuci%C3%B3n%20regional&#038;url=https:\/\/radiorevelacionfm.cl\/?p=44805' aria-hidden='false' data-av_icon='\ue8fc' data-av_iconfont='entypo-fontello' title='' data-avia-related-tooltip='Compartir en LinkedIn' rel=\"noopener\"><span class='avia_hidden_link_text'>Compartir en LinkedIn<\/span><\/a><\/li><li class='av-share-link av-social-link-mail' ><a  aria-label=\"Compartir por correo\" href='mailto:?subject=Sernatur%20Ays%C3%A9n%20impulsa%20el%20Turismo%20Familiar%20con%20nuevo%20programa%20de%20ejecuci%C3%B3n%20regional&#038;body=https:\/\/radiorevelacionfm.cl\/?p=44805' aria-hidden='false' data-av_icon='\ue805' data-av_iconfont='entypo-fontello' title='' data-avia-related-tooltip='Compartir por correo'><span class='avia_hidden_link_text'>Compartir por correo<\/span><\/a><\/li><\/ul><\/div><\/div>\n<div  style='height:50px' class='hr hr-invisible   avia-builder-el-8  el_after_av_social_share  el_before_av_comments_list '><span class='hr-inner ' ><span class='hr-inner-style'><\/span><\/span><\/div>\n<div  class='av-buildercomment  av-blog-meta-html-info-disabled av-blog-meta-tag-disabled  '><\/div>\n","protected":false},"excerpt":{"rendered":"","protected":false},"author":1,"featured_media":44806,"comment_status":"open","ping_status":"open","sticky":false,"template":"","format":"standard","meta":{"footnotes":""},"categories":[54],"tags":[],"class_list":["post-44805","post","type-post","status-publish","format-standard","has-post-thumbnail","hentry","category-turismo"],"jetpack_featured_media_url":"https:\/\/radiorevelacionfm.cl\/wp-content\/uploads\/2024\/08\/pturismofam-01-1_optimized.jpg","_links":{"self":[{"href":"https:\/\/radiorevelacionfm.cl\/index.php?rest_route=\/wp\/v2\/posts\/44805","targetHints":{"allow":["GET"]}}],"collection":[{"href":"https:\/\/radiorevelacionfm.cl\/index.php?rest_route=\/wp\/v2\/posts"}],"about":[{"href":"https:\/\/radiorevelacionfm.cl\/index.php?rest_route=\/wp\/v2\/types\/post"}],"author":[{"embeddable":true,"href":"https:\/\/radiorevelacionfm.cl\/index.php?rest_route=\/wp\/v2\/users\/1"}],"replies":[{"embeddable":true,"href":"https:\/\/radiorevelacionfm.cl\/index.php?rest_route=%2Fwp%2Fv2%2Fcomments&post=44805"}],"version-history":[{"count":1,"href":"https:\/\/radiorevelacionfm.cl\/index.php?rest_route=\/wp\/v2\/posts\/44805\/revisions"}],"predecessor-version":[{"id":44807,"href":"https:\/\/radiorevelacionfm.cl\/index.php?rest_route=\/wp\/v2\/posts\/44805\/revisions\/44807"}],"wp:featuredmedia":[{"embeddable":true,"href":"https:\/\/radiorevelacionfm.cl\/index.php?rest_route=\/wp\/v2\/media\/44806"}],"wp:attachment":[{"href":"https:\/\/radiorevelacionfm.cl\/index.php?rest_route=%2Fwp%2Fv2%2Fmedia&parent=44805"}],"wp:term":[{"taxonomy":"category","embeddable":true,"href":"https:\/\/radiorevelacionfm.cl\/index.php?rest_route=%2Fwp%2Fv2%2Fcategories&post=44805"},{"taxonomy":"post_tag","embeddable":true,"href":"https:\/\/radiorevelacionfm.cl\/index.php?rest_route=%2Fwp%2Fv2%2Ftags&post=44805"}],"curies":[{"name":"wp","href":"https:\/\/api.w.org\/{rel}","templated":true}]}}