{"id":44802,"date":"2024-08-04T21:29:49","date_gmt":"2024-08-05T00:29:49","guid":{"rendered":"https:\/\/radiorevelacionfm.cl\/?p=44802"},"modified":"2024-08-04T21:29:49","modified_gmt":"2024-08-05T00:29:49","slug":"junta-de-vecinos-de-valle-simpson-y-representantes-de-sectores-aledanos-plantean-a-director-del-mop-el-abandono-de-carretera-internacional-desde-acceso-sur-de-coyhaique","status":"publish","type":"post","link":"https:\/\/radiorevelacionfm.cl\/?p=44802","title":{"rendered":"Junta de Vecinos de Valle Simpson y representantes de sectores aleda\u00f1os plantean a Director del MOP el abandono de Carretera Internacional desde acceso Sur de Coyhaique"},"content":{"rendered":"<div class=\"flex_column av_one_full  flex_column_div av-zero-column-padding first  avia-builder-el-0  el_before_av_one_full  avia-builder-el-first  \" style='border-radius:0px; '><div  class='avia-image-container  av-styling-    avia-builder-el-1  avia-builder-el-no-sibling  avia-align-center '  itemprop=\"image\" itemscope=\"itemscope\" itemtype=\"https:\/\/schema.org\/ImageObject\"  ><div class='avia-image-container-inner'><div class='avia-image-overlay-wrap'><img decoding=\"async\" class='wp-image-44803 avia-img-lazy-loading-not-44803 avia_image' src=\"https:\/\/radiorevelacionfm.cl\/wp-content\/uploads\/2024\/08\/img-20240804-wa0010-1_optimized.jpg\" alt='' title='img-20240804-wa0010-(1)_optimized' height=\"650\" width=\"802\"  itemprop=\"thumbnailUrl\" srcset=\"https:\/\/radiorevelacionfm.cl\/wp-content\/uploads\/2024\/08\/img-20240804-wa0010-1_optimized.jpg 802w, https:\/\/radiorevelacionfm.cl\/wp-content\/uploads\/2024\/08\/img-20240804-wa0010-1_optimized-300x243.jpg 300w, https:\/\/radiorevelacionfm.cl\/wp-content\/uploads\/2024\/08\/img-20240804-wa0010-1_optimized-768x622.jpg 768w, https:\/\/radiorevelacionfm.cl\/wp-content\/uploads\/2024\/08\/img-20240804-wa0010-1_optimized-495x400.jpg 495w, https:\/\/radiorevelacionfm.cl\/wp-content\/uploads\/2024\/08\/img-20240804-wa0010-1_optimized-705x571.jpg 705w, https:\/\/radiorevelacionfm.cl\/wp-content\/uploads\/2024\/08\/img-20240804-wa0010-1_optimized-450x365.jpg 450w, https:\/\/radiorevelacionfm.cl\/wp-content\/uploads\/2024\/08\/img-20240804-wa0010-1_optimized-600x486.jpg 600w\" sizes=\"(max-width: 802px) 100vw, 802px\" \/><\/div><\/div><\/div><\/div><div class=\"flex_column av_one_full  flex_column_div av-zero-column-padding first  avia-builder-el-2  el_after_av_one_full  el_before_av_one_full  column-top-margin\" style='border-radius:0px; '><section class=\"av_textblock_section \"  itemscope=\"itemscope\" itemtype=\"https:\/\/schema.org\/BlogPosting\" itemprop=\"blogPost\" ><div class='avia_textblock  '   itemprop=\"text\" ><p style=\"text-align: center;\"><span style=\"font-size: 18pt;\"><strong>Junta de Vecinos de Valle Simpson y representantes de sectores aleda\u00f1os plantean a Director del MOP el abandono de Carretera Internacional desde acceso Sur de Coyhaique<\/strong><\/span><\/p>\n<div id=\"gtx-trans\" style=\"position: absolute; left: -50px; top: 4.31534px;\">\n<div class=\"gtx-trans-icon\"><\/div>\n<\/div>\n<\/div><\/section><\/div><div class=\"flex_column av_one_full  flex_column_div av-zero-column-padding first  avia-builder-el-4  el_after_av_one_full  el_before_av_hr  column-top-margin\" style='border-radius:0px; '><section class=\"av_textblock_section \"  itemscope=\"itemscope\" itemtype=\"https:\/\/schema.org\/BlogPosting\" itemprop=\"blogPost\" ><div class='avia_textblock  '   itemprop=\"text\" ><p style=\"text-align: justify;\">El d\u00eda de ayer, 03 de agosto de 2024, la Presidenta de Junta de Vecinos De Valle Simpson Sra. Ilse Vel\u00e1squez junto a representantes de diferentes sectores comprendidos entre Cruce Ensenada y Valle Simpson sostuvieron reuni\u00f3n con el Director del Ministerio de Obras P\u00fablicas de la Regi\u00f3n de Ays\u00e9n Sr. Renzo S\u00e1nchez con el objetivo de plantear su malestar por las condiciones de abandono de la carretera que une el acceso Sur de Coyhaique con las localidades hacia el Sur las cuales se encuentran con numerosos eventos (hoyos) que ocasionan permanentemente da\u00f1os en los veh\u00edculos con significativos costos que deben asumir los pobladores que transitan habitualmente\u00a0 por dichas v\u00edas, sumado a ello la gran cantidad de accidentes en tramos en que no existe demarcaci\u00f3n alguna, y en las que no se ha realizado mantenci\u00f3n alguna o de car\u00e1cter definitivo durante a\u00f1os, existiendo la percepci\u00f3n, como se manifestara, de abandono de parte de las Instituciones y Autoridades responsables, sumado a ello falta de control sobre quienes tienen la responsabilidad al interior de dichas instituciones.<\/p>\n<p style=\"text-align: justify;\">El Director Regional del MOP, quien asumi\u00f3 el cargo en Mayo de 2023, se\u00f1al\u00f3 que se ha planteado una agenda de trabajo con una amplia cartera de proyectos en la Regi\u00f3n, algunos de los cuales se encuentran en ejecuci\u00f3n y otros en v\u00edas de adjudicaci\u00f3n. Manifest\u00f3 que esta semana se est\u00e1n realizando trabajos de mitigaci\u00f3n en eventos de sector Laguna Foitzick, ya que por razones clim\u00e1ticas no se pueden hacer obras definitivas.<\/p>\n<p style=\"text-align: justify;\">Los vecinos recalcaron que la ruta, que adem\u00e1s de ser Carretera Internacional se encuentra abandonada, agregando que tiene un alto flujo vehicular diariamente ya que deben movilizarse permanentemente por diferentes motivos, entre ellos, trabajo, tr\u00e1mites en el centro urbano de Coyhaique, trasladar hijos al colegio, etc. transform\u00e1ndose estos desplazamientos en una conducci\u00f3n de permanente tensi\u00f3n y stress por llegar ilesos a sus hogares, especialmente cuando hay poca visibilidad por la ausencia total de luminarias, demarcaci\u00f3n de bordes y centro de la calzada que se agudiza cuando llueve y se torna imposible ver donde se encuentran los bordes del camino o el centro de \u00e9l cuando se enfrentan veh\u00edculos en sentido contrario que adem\u00e1s producen encandilamiento aumentando el riesgo de tener un accidente.<\/p>\n<p style=\"text-align: justify;\">La Presidenta de Junta de Vecinos de Valle Simpson plante\u00f3 la ausencia de se\u00f1al\u00e9tica adecuada en el cruce de ingreso desde carretera, manifestando adem\u00e1s representantes del sector la inexistencia de accesos adecuados hacia los diferentes callejones.<\/p>\n<p style=\"text-align: justify;\">Finalmente, el Director del MOP asumi\u00f3 el compromiso que la semana siguiente a esta reuni\u00f3n comenzar\u00e1n con arreglos paliativos de baches con adocreto en lugares cr\u00edticos, y que el d\u00eda Martes (por confirmar) har\u00e1 un recorrido con vecinos para ver en terreno tramos que se consideren de mayor riesgo en los que se colocar\u00e1n demarcaciones con reflectantes ( \u201cojos de Gato\u201d).<\/p>\n<p style=\"text-align: justify;\">Manifest\u00f3 adem\u00e1s su compromiso que a fines del mes de septiembre o comienzo de octubre se realizar\u00e1 demarcaci\u00f3n de la Carretera, obras que no pueden realizarse ahora por razones clim\u00e1ticas.<\/p>\n<p style=\"text-align: justify;\">De los compromisos inmediatos se concluy\u00f3 tener una nueva reuni\u00f3n en unas semanas para evaluar su cumplimiento.<\/p>\n<\/div><\/section><\/div><div  style='height:50px' class='hr hr-invisible   avia-builder-el-6  el_after_av_one_full  el_before_av_social_share '><span class='hr-inner ' ><span class='hr-inner-style'><\/span><\/span><\/div><\/p>\n<div  class='av-social-sharing-box  avia-builder-el-7  el_after_av_hr  el_before_av_hr  '><div class='av-share-box'><h5 class='av-share-link-description av-no-toc '>Compartir esta noticia<\/h5><ul class='av-share-box-list noLightbox'><li class='av-share-link av-social-link-facebook' ><a target=\"_blank\" aria-label=\"Compartir en Facebook\" href='https:\/\/www.facebook.com\/sharer.php?u=https:\/\/radiorevelacionfm.cl\/?p=44802&#038;t=Junta%20de%20Vecinos%20de%20Valle%20Simpson%20y%20representantes%20de%20sectores%20aleda%C3%B1os%20plantean%20a%20Director%20del%20MOP%20el%20abandono%20de%20Carretera%20Internacional%20desde%20acceso%20Sur%20de%20Coyhaique' aria-hidden='false' data-av_icon='\ue8f3' data-av_iconfont='entypo-fontello' title='' data-avia-related-tooltip='Compartir en Facebook' rel=\"noopener\"><span class='avia_hidden_link_text'>Compartir en Facebook<\/span><\/a><\/li><li class='av-share-link av-social-link-twitter' ><a target=\"_blank\" aria-label=\"Compartir en Twitter\" href='https:\/\/twitter.com\/share?text=Junta%20de%20Vecinos%20de%20Valle%20Simpson%20y%20representantes%20de%20sectores%20aleda%C3%B1os%20plantean%20a%20Director%20del%20MOP%20el%20abandono%20de%20Carretera%20Internacional%20desde%20acceso%20Sur%20de%20Coyhaique&#038;url=https:\/\/radiorevelacionfm.cl\/?p=44802' aria-hidden='false' data-av_icon='\ue8f1' data-av_iconfont='entypo-fontello' title='' data-avia-related-tooltip='Compartir en Twitter' rel=\"noopener\"><span class='avia_hidden_link_text'>Compartir en Twitter<\/span><\/a><\/li><li class='av-share-link av-social-link-whatsapp' ><a target=\"_blank\" aria-label=\"Compartir en Whatsapp\" href='https:\/\/api.whatsapp.com\/send?text=https:\/\/radiorevelacionfm.cl\/?p=44802' aria-hidden='false' data-av_icon='\uf232' data-av_iconfont='entypo-fontello' title='' data-avia-related-tooltip='Compartir en Whatsapp' rel=\"noopener\"><span class='avia_hidden_link_text'>Compartir en Whatsapp<\/span><\/a><\/li><li class='av-share-link av-social-link-linkedin' ><a target=\"_blank\" aria-label=\"Compartir en LinkedIn\" href='https:\/\/linkedin.com\/shareArticle?mini=true&#038;title=Junta%20de%20Vecinos%20de%20Valle%20Simpson%20y%20representantes%20de%20sectores%20aleda%C3%B1os%20plantean%20a%20Director%20del%20MOP%20el%20abandono%20de%20Carretera%20Internacional%20desde%20acceso%20Sur%20de%20Coyhaique&#038;url=https:\/\/radiorevelacionfm.cl\/?p=44802' aria-hidden='false' data-av_icon='\ue8fc' data-av_iconfont='entypo-fontello' title='' data-avia-related-tooltip='Compartir en LinkedIn' rel=\"noopener\"><span class='avia_hidden_link_text'>Compartir en LinkedIn<\/span><\/a><\/li><li class='av-share-link av-social-link-mail' ><a  aria-label=\"Compartir por correo\" href='mailto:?subject=Junta%20de%20Vecinos%20de%20Valle%20Simpson%20y%20representantes%20de%20sectores%20aleda%C3%B1os%20plantean%20a%20Director%20del%20MOP%20el%20abandono%20de%20Carretera%20Internacional%20desde%20acceso%20Sur%20de%20Coyhaique&#038;body=https:\/\/radiorevelacionfm.cl\/?p=44802' aria-hidden='false' data-av_icon='\ue805' data-av_iconfont='entypo-fontello' title='' data-avia-related-tooltip='Compartir por correo'><span class='avia_hidden_link_text'>Compartir por correo<\/span><\/a><\/li><\/ul><\/div><\/div>\n<div  style='height:50px' class='hr hr-invisible   avia-builder-el-8  el_after_av_social_share  el_before_av_comments_list '><span class='hr-inner ' ><span class='hr-inner-style'><\/span><\/span><\/div>\n<div  class='av-buildercomment  av-blog-meta-html-info-disabled av-blog-meta-tag-disabled  '><\/div>\n","protected":false},"excerpt":{"rendered":"","protected":false},"author":1,"featured_media":44803,"comment_status":"open","ping_status":"open","sticky":false,"template":"","format":"standard","meta":{"footnotes":""},"categories":[38],"tags":[],"class_list":["post-44802","post","type-post","status-publish","format-standard","has-post-thumbnail","hentry","category-regional"],"jetpack_featured_media_url":"https:\/\/radiorevelacionfm.cl\/wp-content\/uploads\/2024\/08\/img-20240804-wa0010-1_optimized.jpg","_links":{"self":[{"href":"https:\/\/radiorevelacionfm.cl\/index.php?rest_route=\/wp\/v2\/posts\/44802","targetHints":{"allow":["GET"]}}],"collection":[{"href":"https:\/\/radiorevelacionfm.cl\/index.php?rest_route=\/wp\/v2\/posts"}],"about":[{"href":"https:\/\/radiorevelacionfm.cl\/index.php?rest_route=\/wp\/v2\/types\/post"}],"author":[{"embeddable":true,"href":"https:\/\/radiorevelacionfm.cl\/index.php?rest_route=\/wp\/v2\/users\/1"}],"replies":[{"embeddable":true,"href":"https:\/\/radiorevelacionfm.cl\/index.php?rest_route=%2Fwp%2Fv2%2Fcomments&post=44802"}],"version-history":[{"count":1,"href":"https:\/\/radiorevelacionfm.cl\/index.php?rest_route=\/wp\/v2\/posts\/44802\/revisions"}],"predecessor-version":[{"id":44804,"href":"https:\/\/radiorevelacionfm.cl\/index.php?rest_route=\/wp\/v2\/posts\/44802\/revisions\/44804"}],"wp:featuredmedia":[{"embeddable":true,"href":"https:\/\/radiorevelacionfm.cl\/index.php?rest_route=\/wp\/v2\/media\/44803"}],"wp:attachment":[{"href":"https:\/\/radiorevelacionfm.cl\/index.php?rest_route=%2Fwp%2Fv2%2Fmedia&parent=44802"}],"wp:term":[{"taxonomy":"category","embeddable":true,"href":"https:\/\/radiorevelacionfm.cl\/index.php?rest_route=%2Fwp%2Fv2%2Fcategories&post=44802"},{"taxonomy":"post_tag","embeddable":true,"href":"https:\/\/radiorevelacionfm.cl\/index.php?rest_route=%2Fwp%2Fv2%2Ftags&post=44802"}],"curies":[{"name":"wp","href":"https:\/\/api.w.org\/{rel}","templated":true}]}}