{"id":44799,"date":"2024-08-04T18:08:35","date_gmt":"2024-08-04T21:08:35","guid":{"rendered":"https:\/\/radiorevelacionfm.cl\/?p=44799"},"modified":"2024-08-04T18:08:35","modified_gmt":"2024-08-04T21:08:35","slug":"con-respaldo-de-corfo-y-amplia-convocatoria-ecoterraneo-lanzo-programa-innova-turismo-aysen","status":"publish","type":"post","link":"https:\/\/radiorevelacionfm.cl\/?p=44799","title":{"rendered":"Con respaldo de Corfo y amplia convocatoria Ecoterr\u00e1neo lanz\u00f3 programa Innova Turismo Ays\u00e9n"},"content":{"rendered":"<div class=\"flex_column av_one_full  flex_column_div av-zero-column-padding first  avia-builder-el-0  el_before_av_one_full  avia-builder-el-first  \" style='border-radius:0px; '><div  class='avia-image-container  av-styling-    avia-builder-el-1  avia-builder-el-no-sibling  avia-align-center '  itemprop=\"image\" itemscope=\"itemscope\" itemtype=\"https:\/\/schema.org\/ImageObject\"  ><div class='avia-image-container-inner'><div class='avia-image-overlay-wrap'><img decoding=\"async\" class='wp-image-44800 avia-img-lazy-loading-not-44800 avia_image' src=\"https:\/\/radiorevelacionfm.cl\/wp-content\/uploads\/2024\/08\/ita-ecoterraneo-4-1_optimized.jpg\" alt='' title='ita-ecoterraneo-4-(1)_optimized' height=\"600\" width=\"800\"  itemprop=\"thumbnailUrl\" srcset=\"https:\/\/radiorevelacionfm.cl\/wp-content\/uploads\/2024\/08\/ita-ecoterraneo-4-1_optimized.jpg 800w, https:\/\/radiorevelacionfm.cl\/wp-content\/uploads\/2024\/08\/ita-ecoterraneo-4-1_optimized-300x225.jpg 300w, https:\/\/radiorevelacionfm.cl\/wp-content\/uploads\/2024\/08\/ita-ecoterraneo-4-1_optimized-768x576.jpg 768w, https:\/\/radiorevelacionfm.cl\/wp-content\/uploads\/2024\/08\/ita-ecoterraneo-4-1_optimized-705x529.jpg 705w, https:\/\/radiorevelacionfm.cl\/wp-content\/uploads\/2024\/08\/ita-ecoterraneo-4-1_optimized-450x338.jpg 450w, https:\/\/radiorevelacionfm.cl\/wp-content\/uploads\/2024\/08\/ita-ecoterraneo-4-1_optimized-600x450.jpg 600w\" sizes=\"(max-width: 800px) 100vw, 800px\" \/><\/div><\/div><\/div><\/div><div class=\"flex_column av_one_full  flex_column_div av-zero-column-padding first  avia-builder-el-2  el_after_av_one_full  el_before_av_one_full  column-top-margin\" style='border-radius:0px; '><section class=\"av_textblock_section \"  itemscope=\"itemscope\" itemtype=\"https:\/\/schema.org\/BlogPosting\" itemprop=\"blogPost\" ><div class='avia_textblock  '   itemprop=\"text\" ><p style=\"text-align: center;\"><strong><span style=\"font-size: 18pt;\">Con respaldo de Corfo y amplia convocatoria Ecoterr\u00e1neo lanz\u00f3 programa Innova Turismo Ays\u00e9n<\/span><\/strong><\/p>\n<div id=\"gtx-trans\" style=\"position: absolute; left: -50px; top: 4.31534px;\">\n<div class=\"gtx-trans-icon\"><\/div>\n<\/div>\n<\/div><\/section><\/div><div class=\"flex_column av_one_full  flex_column_div av-zero-column-padding first  avia-builder-el-4  el_after_av_one_full  el_before_av_hr  column-top-margin\" style='border-radius:0px; '><section class=\"av_textblock_section \"  itemscope=\"itemscope\" itemtype=\"https:\/\/schema.org\/BlogPosting\" itemprop=\"blogPost\" ><div class='avia_textblock  '   itemprop=\"text\" ><p style=\"text-align: justify;\">En sus salones ubicados frente a la Plaza de Armas de Puerto Ays\u00e9n, Ecoterr\u00e1neo Patagonia Cowork lanz\u00f3 el programa Innova Turismo Ays\u00e9n (ITA), instancia que cont\u00f3 con la presencia de autoridades locales, provinciales y regionales, lideradas por el director regional de Corfo, Humberto Mar\u00edn.<\/p>\n<p style=\"text-align: justify;\">\u201cEstamos complementando acciones hoy en el \u00e1rea del turismo, estamos dando inicio a un programa que est\u00e1 dentro del instrumento Viraliza de la Corfo. Con esto, se pretende que aqu\u00ed en Puerto Ays\u00e9n podamos desarrollar de manera innovadora y fortalecer el turismo en un territorio que tiene ventajas comparativas, que son tremendamente importante en este rubro. El turismo, al igual que otros sectores productivos de la regi\u00f3n de Ays\u00e9n, es una vocaci\u00f3n productiva y particularmente Ays\u00e9n tiene enormes ventajas que hacen posible y que hacen necesario que implementemos un programa como el que estamos lanzando hoy en Ecoterr\u00e1neo junto al Cowork, la Incubadora de Negocios, la Corfo, una vez m\u00e1s, ha implementado una iniciativa que vaya precisamente para el territorio de Ays\u00e9n\u201d, se\u00f1al\u00f3 Humberto Mar\u00edn.<\/p>\n<p style=\"text-align: justify;\">Desde Sernatur, su director regional, Claudio Montecinos, se mostr\u00f3 feliz de estar presente en una nueva instancia que se concentra en Ecoterr\u00e1neo, esta vez, desde el \u00e1rea del turismo, con el financiamiento de la Corfo. \u201cEstamos muy contentos desde Sernatur de poder participar y acompa\u00f1ar a Ecoterr\u00e1neo en el lanzamiento de su programa de Innovaci\u00f3n Tur\u00edstica Ays\u00e9n, proyecto financiado por la Corfo, porque efectivamente responde a los lineamientos que tenemos en Sernatur y que tiene que ver con fortalecer nuestro destino Ays\u00e9n Patagonia, particularmente el destino de Puerto Ays\u00e9n. Por lo tanto, estamos muy contentos de poder participar y poder colaborar en este programa de formaci\u00f3n a emprendedores tur\u00edsticos\u201d.<\/p>\n<p style=\"text-align: justify;\">Desde Geogama y Ecoterr\u00e1neo, el gestor del proyecto Viraliza, Ricardo Medel, rescato el inter\u00e9s de las y los emprendedores del turismo en estar presente al comenzar este ITA.<\/p>\n<p style=\"text-align: justify;\">\u201cTuvimos un excelente lanzamiento, una buena convocatoria, nuestra primera charla y la presentaci\u00f3n del programa, as\u00ed es que, estamos muy contentos de la participaci\u00f3n de la comunidad, de los actores, las tem\u00e1ticas que se discutieron y la apertura de este programa que pretendemos sea un \u00e9xito durante estos meses que se va a realizar ac\u00e1 en Ecoterr\u00e1neo. Destacar que, el programa ITA, es un programa de innovaci\u00f3n de turismo en Ays\u00e9n, lo que busca es capacitar a emprendedores, empresas del rubro del turismo con m\u00f3dulos de capacitaci\u00f3n y talleres de formaci\u00f3n, vamos a usar el Cowork, una especie de incubadora de turismo, en la que queremos que todas las ideas de desarrollo de emprendedores, seamos capaces de diagnosticar, evaluar y acompa\u00f1ar en un proceso de innovaci\u00f3n\u201d.<\/p>\n<p style=\"text-align: justify;\">Esta nueva apuesta de Geogama con financiamiento de la Corfo, busca seguir entregando herramientas a los emprendedores y empresarios, en esta ocasi\u00f3n del rubro del turismo y con un claro objetivo, potenciar y visibilizar a\u00fan m\u00e1s a la comuna de Ays\u00e9n, para transformarla en un destino obligado de turistas nacionales e internacionales.<\/p>\n<\/div><\/section><\/div><div  style='height:50px' class='hr hr-invisible   avia-builder-el-6  el_after_av_one_full  el_before_av_social_share '><span class='hr-inner ' ><span class='hr-inner-style'><\/span><\/span><\/div><\/p>\n<div  class='av-social-sharing-box  avia-builder-el-7  el_after_av_hr  el_before_av_hr  '><div class='av-share-box'><h5 class='av-share-link-description av-no-toc '>Compartir esta noticia<\/h5><ul class='av-share-box-list noLightbox'><li class='av-share-link av-social-link-facebook' ><a target=\"_blank\" aria-label=\"Compartir en Facebook\" href='https:\/\/www.facebook.com\/sharer.php?u=https:\/\/radiorevelacionfm.cl\/?p=44799&#038;t=Con%20respaldo%20de%20Corfo%20y%20amplia%20convocatoria%20Ecoterr%C3%A1neo%20lanz%C3%B3%20programa%20Innova%20Turismo%20Ays%C3%A9n' aria-hidden='false' data-av_icon='\ue8f3' data-av_iconfont='entypo-fontello' title='' data-avia-related-tooltip='Compartir en Facebook' rel=\"noopener\"><span class='avia_hidden_link_text'>Compartir en Facebook<\/span><\/a><\/li><li class='av-share-link av-social-link-twitter' ><a target=\"_blank\" aria-label=\"Compartir en Twitter\" href='https:\/\/twitter.com\/share?text=Con%20respaldo%20de%20Corfo%20y%20amplia%20convocatoria%20Ecoterr%C3%A1neo%20lanz%C3%B3%20programa%20Innova%20Turismo%20Ays%C3%A9n&#038;url=https:\/\/radiorevelacionfm.cl\/?p=44799' aria-hidden='false' data-av_icon='\ue8f1' data-av_iconfont='entypo-fontello' title='' data-avia-related-tooltip='Compartir en Twitter' rel=\"noopener\"><span class='avia_hidden_link_text'>Compartir en Twitter<\/span><\/a><\/li><li class='av-share-link av-social-link-whatsapp' ><a target=\"_blank\" aria-label=\"Compartir en Whatsapp\" href='https:\/\/api.whatsapp.com\/send?text=https:\/\/radiorevelacionfm.cl\/?p=44799' aria-hidden='false' data-av_icon='\uf232' data-av_iconfont='entypo-fontello' title='' data-avia-related-tooltip='Compartir en Whatsapp' rel=\"noopener\"><span class='avia_hidden_link_text'>Compartir en Whatsapp<\/span><\/a><\/li><li class='av-share-link av-social-link-linkedin' ><a target=\"_blank\" aria-label=\"Compartir en LinkedIn\" href='https:\/\/linkedin.com\/shareArticle?mini=true&#038;title=Con%20respaldo%20de%20Corfo%20y%20amplia%20convocatoria%20Ecoterr%C3%A1neo%20lanz%C3%B3%20programa%20Innova%20Turismo%20Ays%C3%A9n&#038;url=https:\/\/radiorevelacionfm.cl\/?p=44799' aria-hidden='false' data-av_icon='\ue8fc' data-av_iconfont='entypo-fontello' title='' data-avia-related-tooltip='Compartir en LinkedIn' rel=\"noopener\"><span class='avia_hidden_link_text'>Compartir en LinkedIn<\/span><\/a><\/li><li class='av-share-link av-social-link-mail' ><a  aria-label=\"Compartir por correo\" href='mailto:?subject=Con%20respaldo%20de%20Corfo%20y%20amplia%20convocatoria%20Ecoterr%C3%A1neo%20lanz%C3%B3%20programa%20Innova%20Turismo%20Ays%C3%A9n&#038;body=https:\/\/radiorevelacionfm.cl\/?p=44799' aria-hidden='false' data-av_icon='\ue805' data-av_iconfont='entypo-fontello' title='' data-avia-related-tooltip='Compartir por correo'><span class='avia_hidden_link_text'>Compartir por correo<\/span><\/a><\/li><\/ul><\/div><\/div>\n<div  style='height:50px' class='hr hr-invisible   avia-builder-el-8  el_after_av_social_share  el_before_av_comments_list '><span class='hr-inner ' ><span class='hr-inner-style'><\/span><\/span><\/div>\n<div  class='av-buildercomment  av-blog-meta-html-info-disabled av-blog-meta-tag-disabled  '><\/div>\n","protected":false},"excerpt":{"rendered":"","protected":false},"author":1,"featured_media":44800,"comment_status":"open","ping_status":"open","sticky":false,"template":"","format":"standard","meta":{"footnotes":""},"categories":[38],"tags":[],"class_list":["post-44799","post","type-post","status-publish","format-standard","has-post-thumbnail","hentry","category-regional"],"jetpack_featured_media_url":"https:\/\/radiorevelacionfm.cl\/wp-content\/uploads\/2024\/08\/ita-ecoterraneo-4-1_optimized.jpg","_links":{"self":[{"href":"https:\/\/radiorevelacionfm.cl\/index.php?rest_route=\/wp\/v2\/posts\/44799","targetHints":{"allow":["GET"]}}],"collection":[{"href":"https:\/\/radiorevelacionfm.cl\/index.php?rest_route=\/wp\/v2\/posts"}],"about":[{"href":"https:\/\/radiorevelacionfm.cl\/index.php?rest_route=\/wp\/v2\/types\/post"}],"author":[{"embeddable":true,"href":"https:\/\/radiorevelacionfm.cl\/index.php?rest_route=\/wp\/v2\/users\/1"}],"replies":[{"embeddable":true,"href":"https:\/\/radiorevelacionfm.cl\/index.php?rest_route=%2Fwp%2Fv2%2Fcomments&post=44799"}],"version-history":[{"count":1,"href":"https:\/\/radiorevelacionfm.cl\/index.php?rest_route=\/wp\/v2\/posts\/44799\/revisions"}],"predecessor-version":[{"id":44801,"href":"https:\/\/radiorevelacionfm.cl\/index.php?rest_route=\/wp\/v2\/posts\/44799\/revisions\/44801"}],"wp:featuredmedia":[{"embeddable":true,"href":"https:\/\/radiorevelacionfm.cl\/index.php?rest_route=\/wp\/v2\/media\/44800"}],"wp:attachment":[{"href":"https:\/\/radiorevelacionfm.cl\/index.php?rest_route=%2Fwp%2Fv2%2Fmedia&parent=44799"}],"wp:term":[{"taxonomy":"category","embeddable":true,"href":"https:\/\/radiorevelacionfm.cl\/index.php?rest_route=%2Fwp%2Fv2%2Fcategories&post=44799"},{"taxonomy":"post_tag","embeddable":true,"href":"https:\/\/radiorevelacionfm.cl\/index.php?rest_route=%2Fwp%2Fv2%2Ftags&post=44799"}],"curies":[{"name":"wp","href":"https:\/\/api.w.org\/{rel}","templated":true}]}}