{"id":44789,"date":"2024-08-03T16:06:36","date_gmt":"2024-08-03T19:06:36","guid":{"rendered":"https:\/\/radiorevelacionfm.cl\/?p=44789"},"modified":"2024-08-03T16:06:36","modified_gmt":"2024-08-03T19:06:36","slug":"puerto-aysen-pdi-desarticula-banda-criminal-dedicada-al-microtrafico-de-drogas","status":"publish","type":"post","link":"https:\/\/radiorevelacionfm.cl\/?p=44789","title":{"rendered":"Puerto Ays\u00e9n: PDI desarticula banda criminal dedicada al microtr\u00e1fico de drogas"},"content":{"rendered":"<div class=\"flex_column av_one_full  flex_column_div av-zero-column-padding first  avia-builder-el-0  el_before_av_one_full  avia-builder-el-first  \" style='border-radius:0px; '><div  class='avia-image-container  av-styling-    avia-builder-el-1  avia-builder-el-no-sibling  avia-align-center '  itemprop=\"image\" itemscope=\"itemscope\" itemtype=\"https:\/\/schema.org\/ImageObject\"  ><div class='avia-image-container-inner'><div class='avia-image-overlay-wrap'><img decoding=\"async\" class='wp-image-44790 avia-img-lazy-loading-not-44790 avia_image' src=\"https:\/\/radiorevelacionfm.cl\/wp-content\/uploads\/2024\/08\/738b8ff1-6c6f-4668-bcd9-31affa3e3d69-1_optimized.jpg\" alt='' title='738b8ff1-6c6f-4668-bcd9-31affa3e3d69-(1)_optimized' height=\"600\" width=\"800\"  itemprop=\"thumbnailUrl\" srcset=\"https:\/\/radiorevelacionfm.cl\/wp-content\/uploads\/2024\/08\/738b8ff1-6c6f-4668-bcd9-31affa3e3d69-1_optimized.jpg 800w, https:\/\/radiorevelacionfm.cl\/wp-content\/uploads\/2024\/08\/738b8ff1-6c6f-4668-bcd9-31affa3e3d69-1_optimized-300x225.jpg 300w, https:\/\/radiorevelacionfm.cl\/wp-content\/uploads\/2024\/08\/738b8ff1-6c6f-4668-bcd9-31affa3e3d69-1_optimized-768x576.jpg 768w, https:\/\/radiorevelacionfm.cl\/wp-content\/uploads\/2024\/08\/738b8ff1-6c6f-4668-bcd9-31affa3e3d69-1_optimized-705x529.jpg 705w, https:\/\/radiorevelacionfm.cl\/wp-content\/uploads\/2024\/08\/738b8ff1-6c6f-4668-bcd9-31affa3e3d69-1_optimized-450x338.jpg 450w, https:\/\/radiorevelacionfm.cl\/wp-content\/uploads\/2024\/08\/738b8ff1-6c6f-4668-bcd9-31affa3e3d69-1_optimized-600x450.jpg 600w\" sizes=\"(max-width: 800px) 100vw, 800px\" \/><\/div><\/div><\/div><\/div><div class=\"flex_column av_one_full  flex_column_div av-zero-column-padding first  avia-builder-el-2  el_after_av_one_full  el_before_av_one_full  column-top-margin\" style='border-radius:0px; '><section class=\"av_textblock_section \"  itemscope=\"itemscope\" itemtype=\"https:\/\/schema.org\/BlogPosting\" itemprop=\"blogPost\" ><div class='avia_textblock  '   itemprop=\"text\" ><p style=\"text-align: center;\"><span style=\"font-size: 18pt;\"><b>Puerto Ays\u00e9n: PDI desarticula banda criminal dedicada al microtr\u00e1fico de drogas<\/b><span style=\"font-weight: 400;\">\u00a0<\/span><\/span><\/p>\n<div id=\"gtx-trans\" style=\"position: absolute; left: -50px; top: 4.31534px;\">\n<div class=\"gtx-trans-icon\"><\/div>\n<\/div>\n<\/div><\/section><\/div><div class=\"flex_column av_one_full  flex_column_div av-zero-column-padding first  avia-builder-el-4  el_after_av_one_full  el_before_av_hr  column-top-margin\" style='border-radius:0px; '><section class=\"av_textblock_section \"  itemscope=\"itemscope\" itemtype=\"https:\/\/schema.org\/BlogPosting\" itemprop=\"blogPost\" ><div class='avia_textblock  '   itemprop=\"text\" ><p style=\"text-align: justify;\"><span style=\"font-weight: 400;\">Este viernes, en un operativo simult\u00e1neo desarrollado en Puerto Ays\u00e9n y Coyhaique, detectives de la agrupaci\u00f3n Modelo Territorial Cero Ays\u00e9n de la Polic\u00eda de Investigaciones de Chile, en un trabajo mancomunado con el Ministerio P\u00fablico, lograron la detenci\u00f3n de cinco personas por el delito de microtr\u00e1fico de drogas, contemplado en la Ley de Drogas.\u00a0<\/span><\/p>\n<p style=\"text-align: justify;\"><span style=\"font-weight: 400;\">Al respecto, el jefe de la Brigada de Investigaci\u00f3n Criminal (BICRIM) Ays\u00e9n, comisario Marcelo Ladino, inform\u00f3 que \u201cla PDI, en coordinaci\u00f3n con el Ministerio P\u00fablico, realiz\u00f3 una investigaci\u00f3n por infracci\u00f3n a la ley de drogas, que comenz\u00f3 hace m\u00e1s de 6 meses, en la cual se realizaron labores de inteligencia y an\u00e1lisis policial, acciones que arrojaron resultados positivos este viernes, al lograr la detenci\u00f3n de cinco sujetos, entre ellos un menor de edad, por tener relaci\u00f3n directa en el il\u00edcito de microtr\u00e1fico de drogas\u201d.\u00a0<\/span><\/p>\n<p style=\"text-align: justify;\"><span style=\"font-weight: 400;\">De acuerdo a lo informado por el jefe de BICRIM Ays\u00e9n, \u201cen el operativo policial, que consisti\u00f3 en entradas y registros simult\u00e1neos en distintos domicilios ubicados en Puerto Ays\u00e9n como tambi\u00e9n en Coyhaique, se logr\u00f3 incautar Clorhidrato de Coca\u00edna, Cannabis, Benzoca\u00edna, dinero en efectivo, tel\u00e9fonos celulares, una pesa gramera, junto a munici\u00f3n letal, consistente en m\u00e1s de 20 cartuchos de 9 mm y .22 magnum\u201d.\u00a0<\/span><\/p>\n<p style=\"text-align: justify;\"><span style=\"font-weight: 400;\">As\u00ed, durante las diligencias, se logr\u00f3 la incautaci\u00f3n de 192 dosis de Clorhidrato de Coca\u00edna y Cannabis, avaluadas en cerca de un mill\u00f3n de pesos.\u00a0<\/span><\/p>\n<p style=\"text-align: justify;\"><span style=\"font-weight: 400;\">En el operativo, \u201cuno de los detenidos fue detectado transitando en su veh\u00edculo particular y al ser interceptado, \u00e9ste trat\u00f3 de huir, embistiendo su autom\u00f3vil en contra de los oficiales investigadores, no logrando su cometido, siendo detenido en el lugar por el delito de homicidio frustrado de detective, conducci\u00f3n en estado de ebriedad e infracci\u00f3n a la Ley 20.000 en situaci\u00f3n de flagrancia\u201d, indic\u00f3 el comisario Ladino.\u00a0<\/span><\/p>\n<p style=\"text-align: justify;\"><span style=\"font-weight: 400;\">Desde la PDI informaron que parte de los detenidos contaban con antecedentes de detenciones por diferentes delitos.\u00a0\u00a0\u00a0<\/span><\/p>\n<p style=\"text-align: justify;\"><span style=\"font-weight: 400;\">Finalmente, los imputados fueron puestos a disposici\u00f3n del Juzgado de Garant\u00eda de Puerto Ays\u00e9n para su control de detenci\u00f3n, audiencia que fue ampliada hasta este s\u00e1bado en la ma\u00f1ana para la formalizaci\u00f3n por parte del Ministerio P\u00fablico. Por instrucci\u00f3n de la Fiscal\u00eda, el imputado menor de edad fue apercibo al art\u00edculo 26 del C\u00f3digo Procesal Penal.\u00a0<\/span><\/p>\n<p style=\"text-align: justify;\"><span style=\"font-weight: 400;\">\u00a0<\/span><\/p>\n<\/div><\/section><\/div><div  style='height:50px' class='hr hr-invisible   avia-builder-el-6  el_after_av_one_full  el_before_av_social_share '><span class='hr-inner ' ><span class='hr-inner-style'><\/span><\/span><\/div><\/p>\n<div  class='av-social-sharing-box  avia-builder-el-7  el_after_av_hr  el_before_av_hr  '><div class='av-share-box'><h5 class='av-share-link-description av-no-toc '>Compartir esta noticia<\/h5><ul class='av-share-box-list noLightbox'><li class='av-share-link av-social-link-facebook' ><a target=\"_blank\" aria-label=\"Compartir en Facebook\" href='https:\/\/www.facebook.com\/sharer.php?u=https:\/\/radiorevelacionfm.cl\/?p=44789&#038;t=Puerto%20Ays%C3%A9n%3A%20PDI%20desarticula%20banda%20criminal%20dedicada%20al%20microtr%C3%A1fico%20de%20drogas' aria-hidden='false' data-av_icon='\ue8f3' data-av_iconfont='entypo-fontello' title='' data-avia-related-tooltip='Compartir en Facebook' rel=\"noopener\"><span class='avia_hidden_link_text'>Compartir en Facebook<\/span><\/a><\/li><li class='av-share-link av-social-link-twitter' ><a target=\"_blank\" aria-label=\"Compartir en Twitter\" href='https:\/\/twitter.com\/share?text=Puerto%20Ays%C3%A9n%3A%20PDI%20desarticula%20banda%20criminal%20dedicada%20al%20microtr%C3%A1fico%20de%20drogas&#038;url=https:\/\/radiorevelacionfm.cl\/?p=44789' aria-hidden='false' data-av_icon='\ue8f1' data-av_iconfont='entypo-fontello' title='' data-avia-related-tooltip='Compartir en Twitter' rel=\"noopener\"><span class='avia_hidden_link_text'>Compartir en Twitter<\/span><\/a><\/li><li class='av-share-link av-social-link-whatsapp' ><a target=\"_blank\" aria-label=\"Compartir en Whatsapp\" href='https:\/\/api.whatsapp.com\/send?text=https:\/\/radiorevelacionfm.cl\/?p=44789' aria-hidden='false' data-av_icon='\uf232' data-av_iconfont='entypo-fontello' title='' data-avia-related-tooltip='Compartir en Whatsapp' rel=\"noopener\"><span class='avia_hidden_link_text'>Compartir en Whatsapp<\/span><\/a><\/li><li class='av-share-link av-social-link-linkedin' ><a target=\"_blank\" aria-label=\"Compartir en LinkedIn\" href='https:\/\/linkedin.com\/shareArticle?mini=true&#038;title=Puerto%20Ays%C3%A9n%3A%20PDI%20desarticula%20banda%20criminal%20dedicada%20al%20microtr%C3%A1fico%20de%20drogas&#038;url=https:\/\/radiorevelacionfm.cl\/?p=44789' aria-hidden='false' data-av_icon='\ue8fc' data-av_iconfont='entypo-fontello' title='' data-avia-related-tooltip='Compartir en LinkedIn' rel=\"noopener\"><span class='avia_hidden_link_text'>Compartir en LinkedIn<\/span><\/a><\/li><li class='av-share-link av-social-link-mail' ><a  aria-label=\"Compartir por correo\" href='mailto:?subject=Puerto%20Ays%C3%A9n%3A%20PDI%20desarticula%20banda%20criminal%20dedicada%20al%20microtr%C3%A1fico%20de%20drogas&#038;body=https:\/\/radiorevelacionfm.cl\/?p=44789' aria-hidden='false' data-av_icon='\ue805' data-av_iconfont='entypo-fontello' title='' data-avia-related-tooltip='Compartir por correo'><span class='avia_hidden_link_text'>Compartir por correo<\/span><\/a><\/li><\/ul><\/div><\/div>\n<div  style='height:50px' class='hr hr-invisible   avia-builder-el-8  el_after_av_social_share  el_before_av_comments_list '><span class='hr-inner ' ><span class='hr-inner-style'><\/span><\/span><\/div>\n<div  class='av-buildercomment  av-blog-meta-html-info-disabled av-blog-meta-tag-disabled  '><\/div>\n","protected":false},"excerpt":{"rendered":"","protected":false},"author":1,"featured_media":44790,"comment_status":"open","ping_status":"open","sticky":false,"template":"","format":"standard","meta":{"footnotes":""},"categories":[36],"tags":[],"class_list":["post-44789","post","type-post","status-publish","format-standard","has-post-thumbnail","hentry","category-policial"],"jetpack_featured_media_url":"https:\/\/radiorevelacionfm.cl\/wp-content\/uploads\/2024\/08\/738b8ff1-6c6f-4668-bcd9-31affa3e3d69-1_optimized.jpg","_links":{"self":[{"href":"https:\/\/radiorevelacionfm.cl\/index.php?rest_route=\/wp\/v2\/posts\/44789","targetHints":{"allow":["GET"]}}],"collection":[{"href":"https:\/\/radiorevelacionfm.cl\/index.php?rest_route=\/wp\/v2\/posts"}],"about":[{"href":"https:\/\/radiorevelacionfm.cl\/index.php?rest_route=\/wp\/v2\/types\/post"}],"author":[{"embeddable":true,"href":"https:\/\/radiorevelacionfm.cl\/index.php?rest_route=\/wp\/v2\/users\/1"}],"replies":[{"embeddable":true,"href":"https:\/\/radiorevelacionfm.cl\/index.php?rest_route=%2Fwp%2Fv2%2Fcomments&post=44789"}],"version-history":[{"count":1,"href":"https:\/\/radiorevelacionfm.cl\/index.php?rest_route=\/wp\/v2\/posts\/44789\/revisions"}],"predecessor-version":[{"id":44791,"href":"https:\/\/radiorevelacionfm.cl\/index.php?rest_route=\/wp\/v2\/posts\/44789\/revisions\/44791"}],"wp:featuredmedia":[{"embeddable":true,"href":"https:\/\/radiorevelacionfm.cl\/index.php?rest_route=\/wp\/v2\/media\/44790"}],"wp:attachment":[{"href":"https:\/\/radiorevelacionfm.cl\/index.php?rest_route=%2Fwp%2Fv2%2Fmedia&parent=44789"}],"wp:term":[{"taxonomy":"category","embeddable":true,"href":"https:\/\/radiorevelacionfm.cl\/index.php?rest_route=%2Fwp%2Fv2%2Fcategories&post=44789"},{"taxonomy":"post_tag","embeddable":true,"href":"https:\/\/radiorevelacionfm.cl\/index.php?rest_route=%2Fwp%2Fv2%2Ftags&post=44789"}],"curies":[{"name":"wp","href":"https:\/\/api.w.org\/{rel}","templated":true}]}}