{"id":44780,"date":"2024-08-03T12:40:51","date_gmt":"2024-08-03T15:40:51","guid":{"rendered":"https:\/\/radiorevelacionfm.cl\/?p=44780"},"modified":"2024-08-03T12:40:51","modified_gmt":"2024-08-03T15:40:51","slug":"mesa-de-la-mujer-indigena-refuerza-llamado-a-postular-a-la-feria-de-emprendedoras-de-sernameg","status":"publish","type":"post","link":"https:\/\/radiorevelacionfm.cl\/?p=44780","title":{"rendered":"Mesa de la Mujer Ind\u00edgena refuerza llamado a postular a la Feria de Emprendedoras de SernamEG"},"content":{"rendered":"<div class=\"flex_column av_one_full  flex_column_div av-zero-column-padding first  avia-builder-el-0  el_before_av_one_full  avia-builder-el-first  \" style='border-radius:0px; '><div  class='avia-image-container  av-styling-    avia-builder-el-1  avia-builder-el-no-sibling  avia-align-center '  itemprop=\"image\" itemscope=\"itemscope\" itemtype=\"https:\/\/schema.org\/ImageObject\"  ><div class='avia-image-container-inner'><div class='avia-image-overlay-wrap'><img decoding=\"async\" class='wp-image-44781 avia-img-lazy-loading-not-44781 avia_image' src=\"https:\/\/radiorevelacionfm.cl\/wp-content\/uploads\/2024\/08\/mmi-1-1_optimized.jpg\" alt='' title='mmi-1-(1)_optimized' height=\"600\" width=\"898\"  itemprop=\"thumbnailUrl\" srcset=\"https:\/\/radiorevelacionfm.cl\/wp-content\/uploads\/2024\/08\/mmi-1-1_optimized.jpg 898w, https:\/\/radiorevelacionfm.cl\/wp-content\/uploads\/2024\/08\/mmi-1-1_optimized-300x200.jpg 300w, https:\/\/radiorevelacionfm.cl\/wp-content\/uploads\/2024\/08\/mmi-1-1_optimized-768x513.jpg 768w, https:\/\/radiorevelacionfm.cl\/wp-content\/uploads\/2024\/08\/mmi-1-1_optimized-705x471.jpg 705w, https:\/\/radiorevelacionfm.cl\/wp-content\/uploads\/2024\/08\/mmi-1-1_optimized-450x301.jpg 450w, https:\/\/radiorevelacionfm.cl\/wp-content\/uploads\/2024\/08\/mmi-1-1_optimized-600x401.jpg 600w\" sizes=\"(max-width: 898px) 100vw, 898px\" \/><\/div><\/div><\/div><\/div><div class=\"flex_column av_one_full  flex_column_div av-zero-column-padding first  avia-builder-el-2  el_after_av_one_full  el_before_av_one_full  column-top-margin\" style='border-radius:0px; '><section class=\"av_textblock_section \"  itemscope=\"itemscope\" itemtype=\"https:\/\/schema.org\/BlogPosting\" itemprop=\"blogPost\" ><div class='avia_textblock  '   itemprop=\"text\" ><p style=\"text-align: center;\"><strong><span style=\"font-size: 18pt;\">Mesa de la Mujer Ind\u00edgena refuerza llamado a postular a la Feria de Emprendedoras de SernamEG<\/span><\/strong><\/p>\n<div id=\"gtx-trans\" style=\"position: absolute; left: -50px; top: 4.31534px;\">\n<div class=\"gtx-trans-icon\"><\/div>\n<\/div>\n<\/div><\/section><\/div><div class=\"flex_column av_one_full  flex_column_div av-zero-column-padding first  avia-builder-el-4  el_after_av_one_full  el_before_av_hr  column-top-margin\" style='border-radius:0px; '><section class=\"av_textblock_section \"  itemscope=\"itemscope\" itemtype=\"https:\/\/schema.org\/BlogPosting\" itemprop=\"blogPost\" ><div class='avia_textblock  '   itemprop=\"text\" ><p dir=\"ltr\" style=\"text-align: justify;\">Este 9, 10 y 11 de octubre se llevar\u00e1 a cabo en la Plaza de la Constituci\u00f3n, en la ciudad de Santiago, la XI Expo Feria de Mujeres Emprendedoras Ind\u00edgenas, que se realizar\u00e1 en el marco del Convenio de Colaboraci\u00f3n suscrito entre el Servicio Nacional de la Mujer y la Equidad de G\u00e9nero (SernamEG) y la Corporaci\u00f3n Nacional de Desarrollo Ind\u00edgena (Conadi).<\/p>\n<p dir=\"ltr\" style=\"text-align: justify;\">Las postulaciones para participar de este encuentro comercial y cultural, que se desarrollar\u00e1 frente al Palacio de La Moneda, est\u00e1n abiertas s\u00f3lo hasta el pr\u00f3ximo martes 6 de agosto, por lo que desde la Mesa de la Mujer Ind\u00edgena\u00a0\u2014espacio liderado por SernamEG y la Conadi donde participan representantes de las comunidades locales\u2014\u00a0hicieron un llamado para reforzar la convocatoria a las emprendedoras de la regi\u00f3n.<\/p>\n<p dir=\"ltr\" style=\"text-align: justify;\">\u00abSabemos que en nuestra Regi\u00f3n de Ays\u00e9n existe una diversidad de mujeres ind\u00edgenas, que tienen distintos emprendimientos, donde despliegan todos sus conocimientos, todo su arte, toda su cultura. En esta oportunidad, tienen la posibilidad de poder participar de este encuentro en Santiago, y poder, de alguna manera, vincularse y tener representaci\u00f3n de nuestro territorio en esta actividad. All\u00ed, ellas podr\u00e1n compartir con otras mujeres sus experiencias, esa sabidur\u00eda que tenemos las mujeres en los territorios, y as\u00ed generar espacios de comercializaci\u00f3n que van en pos de avanzar en su autonom\u00eda econ\u00f3mica\u00bb, explic\u00f3 al respecto la Directora Regional de SernamEG, Patricia Baeza Cabezas.<\/p>\n<p dir=\"ltr\" style=\"text-align: justify;\">Por su parte, la Seremi de Desarrollo Social y Familia, Karina Acevedo Auad, reiter\u00f3 la importancia de contar con representantes de la regi\u00f3n en este encuentro en la capital. \u00abEstamos invitando a todas las mujeres que son de pueblos originarios y emprendedoras, a que puedan postular a esta exposici\u00f3n que se realiza en Santiago en octubre. Para nosotros es s\u00faper importante poder contar con cada una de nuestras emprendedoras, que puedan postular y acceder a este proceso\u00bb, se\u00f1al\u00f3.<\/p>\n<p style=\"text-align: justify;\">Finalmente, la representante de la mesa, nizol (autoridad) y presidenta de la comunidad Raipillan Colin, Elizabeth del Rosario Raipillan Barr\u00eda, adhiri\u00f3 al llamado y manifest\u00f3 que para las emprendedoras del territorio es muy importante la posibilidad de participar en este encuentro. \u00abEs un campo laboral para la gente que hace servicios, que hace manufactura, y se muestra que la Regi\u00f3n de Ays\u00e9n tiene gente con ascendencia ind\u00edgena (&#8230;) y que tenemos gente capacitada. Y sirve para sustentar a sus familias, y mostrarse principalmente. No solamente en la novena regi\u00f3n.<\/p>\n<\/div><\/section><\/div><div  style='height:50px' class='hr hr-invisible   avia-builder-el-6  el_after_av_one_full  el_before_av_social_share '><span class='hr-inner ' ><span class='hr-inner-style'><\/span><\/span><\/div><\/p>\n<div  class='av-social-sharing-box  avia-builder-el-7  el_after_av_hr  el_before_av_hr  '><div class='av-share-box'><h5 class='av-share-link-description av-no-toc '>Compartir esta noticia<\/h5><ul class='av-share-box-list noLightbox'><li class='av-share-link av-social-link-facebook' ><a target=\"_blank\" aria-label=\"Compartir en Facebook\" href='https:\/\/www.facebook.com\/sharer.php?u=https:\/\/radiorevelacionfm.cl\/?p=44780&#038;t=Mesa%20de%20la%20Mujer%20Ind%C3%ADgena%20refuerza%20llamado%20a%20postular%20a%20la%20Feria%20de%20Emprendedoras%20de%20SernamEG' aria-hidden='false' data-av_icon='\ue8f3' data-av_iconfont='entypo-fontello' title='' data-avia-related-tooltip='Compartir en Facebook' rel=\"noopener\"><span class='avia_hidden_link_text'>Compartir en Facebook<\/span><\/a><\/li><li class='av-share-link av-social-link-twitter' ><a target=\"_blank\" aria-label=\"Compartir en Twitter\" href='https:\/\/twitter.com\/share?text=Mesa%20de%20la%20Mujer%20Ind%C3%ADgena%20refuerza%20llamado%20a%20postular%20a%20la%20Feria%20de%20Emprendedoras%20de%20SernamEG&#038;url=https:\/\/radiorevelacionfm.cl\/?p=44780' aria-hidden='false' data-av_icon='\ue8f1' data-av_iconfont='entypo-fontello' title='' data-avia-related-tooltip='Compartir en Twitter' rel=\"noopener\"><span class='avia_hidden_link_text'>Compartir en Twitter<\/span><\/a><\/li><li class='av-share-link av-social-link-whatsapp' ><a target=\"_blank\" aria-label=\"Compartir en Whatsapp\" href='https:\/\/api.whatsapp.com\/send?text=https:\/\/radiorevelacionfm.cl\/?p=44780' aria-hidden='false' data-av_icon='\uf232' data-av_iconfont='entypo-fontello' title='' data-avia-related-tooltip='Compartir en Whatsapp' rel=\"noopener\"><span class='avia_hidden_link_text'>Compartir en Whatsapp<\/span><\/a><\/li><li class='av-share-link av-social-link-linkedin' ><a target=\"_blank\" aria-label=\"Compartir en LinkedIn\" href='https:\/\/linkedin.com\/shareArticle?mini=true&#038;title=Mesa%20de%20la%20Mujer%20Ind%C3%ADgena%20refuerza%20llamado%20a%20postular%20a%20la%20Feria%20de%20Emprendedoras%20de%20SernamEG&#038;url=https:\/\/radiorevelacionfm.cl\/?p=44780' aria-hidden='false' data-av_icon='\ue8fc' data-av_iconfont='entypo-fontello' title='' data-avia-related-tooltip='Compartir en LinkedIn' rel=\"noopener\"><span class='avia_hidden_link_text'>Compartir en LinkedIn<\/span><\/a><\/li><li class='av-share-link av-social-link-mail' ><a  aria-label=\"Compartir por correo\" href='mailto:?subject=Mesa%20de%20la%20Mujer%20Ind%C3%ADgena%20refuerza%20llamado%20a%20postular%20a%20la%20Feria%20de%20Emprendedoras%20de%20SernamEG&#038;body=https:\/\/radiorevelacionfm.cl\/?p=44780' aria-hidden='false' data-av_icon='\ue805' data-av_iconfont='entypo-fontello' title='' data-avia-related-tooltip='Compartir por correo'><span class='avia_hidden_link_text'>Compartir por correo<\/span><\/a><\/li><\/ul><\/div><\/div>\n<div  style='height:50px' class='hr hr-invisible   avia-builder-el-8  el_after_av_social_share  el_before_av_comments_list '><span class='hr-inner ' ><span class='hr-inner-style'><\/span><\/span><\/div>\n<div  class='av-buildercomment  av-blog-meta-html-info-disabled av-blog-meta-tag-disabled  '><\/div>\n","protected":false},"excerpt":{"rendered":"","protected":false},"author":1,"featured_media":44781,"comment_status":"open","ping_status":"open","sticky":false,"template":"","format":"standard","meta":{"footnotes":""},"categories":[38],"tags":[],"class_list":["post-44780","post","type-post","status-publish","format-standard","has-post-thumbnail","hentry","category-regional"],"jetpack_featured_media_url":"https:\/\/radiorevelacionfm.cl\/wp-content\/uploads\/2024\/08\/mmi-1-1_optimized.jpg","_links":{"self":[{"href":"https:\/\/radiorevelacionfm.cl\/index.php?rest_route=\/wp\/v2\/posts\/44780","targetHints":{"allow":["GET"]}}],"collection":[{"href":"https:\/\/radiorevelacionfm.cl\/index.php?rest_route=\/wp\/v2\/posts"}],"about":[{"href":"https:\/\/radiorevelacionfm.cl\/index.php?rest_route=\/wp\/v2\/types\/post"}],"author":[{"embeddable":true,"href":"https:\/\/radiorevelacionfm.cl\/index.php?rest_route=\/wp\/v2\/users\/1"}],"replies":[{"embeddable":true,"href":"https:\/\/radiorevelacionfm.cl\/index.php?rest_route=%2Fwp%2Fv2%2Fcomments&post=44780"}],"version-history":[{"count":1,"href":"https:\/\/radiorevelacionfm.cl\/index.php?rest_route=\/wp\/v2\/posts\/44780\/revisions"}],"predecessor-version":[{"id":44782,"href":"https:\/\/radiorevelacionfm.cl\/index.php?rest_route=\/wp\/v2\/posts\/44780\/revisions\/44782"}],"wp:featuredmedia":[{"embeddable":true,"href":"https:\/\/radiorevelacionfm.cl\/index.php?rest_route=\/wp\/v2\/media\/44781"}],"wp:attachment":[{"href":"https:\/\/radiorevelacionfm.cl\/index.php?rest_route=%2Fwp%2Fv2%2Fmedia&parent=44780"}],"wp:term":[{"taxonomy":"category","embeddable":true,"href":"https:\/\/radiorevelacionfm.cl\/index.php?rest_route=%2Fwp%2Fv2%2Fcategories&post=44780"},{"taxonomy":"post_tag","embeddable":true,"href":"https:\/\/radiorevelacionfm.cl\/index.php?rest_route=%2Fwp%2Fv2%2Ftags&post=44780"}],"curies":[{"name":"wp","href":"https:\/\/api.w.org\/{rel}","templated":true}]}}