{"id":4478,"date":"2021-05-25T10:38:39","date_gmt":"2021-05-25T13:38:39","guid":{"rendered":"https:\/\/radiorevelacionfm.cl\/?p=4478"},"modified":"2021-05-25T10:38:39","modified_gmt":"2021-05-25T13:38:39","slug":"hasta-el-09-de-julio-se-puede-postular-al-concurso-mujer-empresaria-turistica-2021","status":"publish","type":"post","link":"https:\/\/radiorevelacionfm.cl\/?p=4478","title":{"rendered":"Hasta el 09 de julio se puede postular al concurso Mujer Empresaria Tur\u00edstica 2021"},"content":{"rendered":"<div class=\"flex_column av_one_full  flex_column_div av-zero-column-padding first  avia-builder-el-0  el_before_av_one_full  avia-builder-el-first  \" style='border-radius:0px; '><div  class='avia-image-container  av-styling-    avia-builder-el-1  avia-builder-el-no-sibling  avia-align-center '  itemprop=\"image\" itemscope=\"itemscope\" itemtype=\"https:\/\/schema.org\/ImageObject\"  ><div class='avia-image-container-inner'><div class='avia-image-overlay-wrap'><img decoding=\"async\" class='wp-image-0 avia-img-lazy-loading-not-0 avia_image' src=\"https:\/\/radiorevelacionfm.cl\/wp-content\/uploads\/2021\/05\/AG-TRANQUILO-1.jpg\" alt='' title=''   itemprop=\"thumbnailUrl\"  \/><\/div><\/div><\/div><\/div><div class=\"flex_column av_one_full  flex_column_div av-zero-column-padding first  avia-builder-el-2  el_after_av_one_full  el_before_av_one_full  column-top-margin\" style='border-radius:0px; '><section class=\"av_textblock_section \"  itemscope=\"itemscope\" itemtype=\"https:\/\/schema.org\/BlogPosting\" itemprop=\"blogPost\" ><div class='avia_textblock  '   itemprop=\"text\" ><p style=\"text-align: center;\"><strong><span style=\"font-size: 18pt;\">Hasta el 09 de julio se puede postular al concurso Mujer Empresaria Tur\u00edstica 2021 <\/span><\/strong><\/p>\n<div id=\"gtx-trans\" style=\"position: absolute; left: -50px; top: 4.31534px;\">\n<div class=\"gtx-trans-icon\"><\/div>\n<\/div>\n<\/div><\/section><\/div><div class=\"flex_column av_one_full  flex_column_div av-zero-column-padding first  avia-builder-el-4  el_after_av_one_full  el_before_av_hr  column-top-margin\" style='border-radius:0px; '><section class=\"av_textblock_section \"  itemscope=\"itemscope\" itemtype=\"https:\/\/schema.org\/BlogPosting\" itemprop=\"blogPost\" ><div class='avia_textblock  '   itemprop=\"text\" ><p style=\"text-align: justify;\">Desde Puerto R\u00edo Tranquilo, la Seremi B\u00e1rbara Ort\u00fazar, fortaleci\u00f3 el llamado a participar e invit\u00f3 a las mujeres emprendedoras del rubro turismo a inscribirse en el Concurso Mujer Empresaria Tur\u00edstica 2021. En esta oportunidad, y a trav\u00e9s de una reuni\u00f3n con la presidenta de la Asociaci\u00f3n Gremial de turismo y comercio de la importante localidad, as\u00ed como la visita a mujeres relevantes de la zona, motiv\u00f3 la visibilizaci\u00f3n de los negocios liderados por mujeres, especialmente a partir de la crisis derivada del Covid_19 \u201cEste a\u00f1o no ha sido f\u00e1cil y el sector turismo, en d\u00f3nde el aporte de las mujeres es considerable, ha vivido d\u00edas dif\u00edciles. Por eso quiero invitar a todas las mujeres empresarias del rubro, que han debido reinventarse para poder seguir adelante con sus negocios y, por ende, sus familias, a que postulen al Concurso Mujer Empresaria Tur\u00edstica, versi\u00f3n 2021. En d\u00f3nde precisamente se reconocer\u00e1 la gran capacidad de resiliencia que tenemos las mujeres, para continuar adelante a pesar de las dificultades.\u201d<\/p>\n<p style=\"text-align: justify;\">El reconocimiento al cual se puede postular a trav\u00e9s del sitio web <a href=\"http:\/\/www.sernatur.cl\">www.sernatur.cl<\/a>, y que tiene como \u00fanico requisito, la propiedad femenina e inscripci\u00f3n en los registros del Servicio Nacional de Turismo, en esta oportunidad, busca relevar negocios y\/o emprendimientos que, a partir de la creatividad y el esfuerzo, hayan enfrentado la pandemia derivada del covid-19 y apostado por un sector que se ha visto tan complicado en este \u00faltimo a\u00f1o.<\/p>\n<p style=\"text-align: justify;\">\u201cEl plazo es hasta el 09 de julio, y estamos destacando experiencia de mujeres resilientes, dado que el sector ha estado tremendamente afectado. Hoy d\u00eda entre las l\u00edneas o ejes a evaluar va a estar la gesti\u00f3n de la crisis, mitigaci\u00f3n de los efectos socioecon\u00f3micos, el impulso a la competitividad y aumento de la resiliencia, adem\u00e1s de la innovaci\u00f3n, digitalizaci\u00f3n, que tambi\u00e9n son temas que no pueden estar ajenos. Mi llamado es a que sigan participando, se sigan inscribiendo y motiv\u00e1ndose\u201d Se\u00f1al\u00f3 Patricio Bastias Director de Sernatur regional.<\/p>\n<p style=\"text-align: justify;\">El concurso que premiar\u00e1 a dos mujeres a nivel nacional tiene como premio la suma de $2.000.000 en efectivo para cada una, adem\u00e1s de un kit audiovisual: video de un minuto y 30 fotograf\u00edas profesionales, que busca apoyar la difusi\u00f3n de las iniciativas destacadas.<\/p>\n<p style=\"text-align: justify;\">Marcela Calder\u00f3n, Pdta. de la Asociaci\u00f3n Gremial de turismo y comercio de Puerto R\u00edo Tranquilo, tambi\u00e9n realiz\u00f3 un llamado no s\u00f3lo a sus socias, sino a las mujeres de la regi\u00f3n \u201clas insto a que podamos dar a conocer todos los potenciales que tenemos, como hemos podido enfrentar la crisis, como hemos transformado nuestros emprendimientos, como los hemos mejorado para salir adelante en esta pandemia\u201d invit\u00f3.<\/p>\n<p style=\"text-align: justify;\">La representante de la regi\u00f3n ser\u00e1 seleccionada por una comisi\u00f3n local compuesta por los organizadores a partir de las postulaciones recibidas regionalmente y ser\u00e1 esa experiencia la que compita a nivel pa\u00eds con las ganadoras de cada una de las regiones.<\/p>\n<p style=\"text-align: justify;\">Finalmente, la Seremi de la Mujer y la Equidad de G\u00e9nero complement\u00f3 \u201cComo Secretar\u00eda Regional Ministerial, adem\u00e1s queremos invitar a todas aquellas mujeres que tengan ganas de participar, pero que no saben c\u00f3mo postular o tienen dudas, a llamarnos al siguiente tel\u00e9fono 22 519 25 15 o escribir al correo <a href=\"mailto:ctroncosoa@minmujeryeg.gob.cl\">ctroncosoa@minmujeryeg.gob.cl<\/a> y felices las ayudaremos en la postulaci\u00f3n\u201d.<\/p>\n<\/div><\/section><\/div><div  style='height:50px' class='hr hr-invisible   avia-builder-el-6  el_after_av_one_full  el_before_av_social_share '><span class='hr-inner ' ><span class='hr-inner-style'><\/span><\/span><\/div><\/p>\n<div  class='av-social-sharing-box  avia-builder-el-7  el_after_av_hr  el_before_av_hr  '><div class='av-share-box'><h5 class='av-share-link-description av-no-toc '>Compartir esta noticia<\/h5><ul class='av-share-box-list noLightbox'><li class='av-share-link av-social-link-facebook' ><a target=\"_blank\" aria-label=\"Compartir en Facebook\" href='https:\/\/www.facebook.com\/sharer.php?u=https:\/\/radiorevelacionfm.cl\/?p=4478&#038;t=Hasta%20el%2009%20de%20julio%20se%20puede%20postular%20al%20concurso%20Mujer%20Empresaria%20Tur%C3%ADstica%202021' aria-hidden='false' data-av_icon='\ue8f3' data-av_iconfont='entypo-fontello' title='' data-avia-related-tooltip='Compartir en Facebook' rel=\"noopener\"><span class='avia_hidden_link_text'>Compartir en Facebook<\/span><\/a><\/li><li class='av-share-link av-social-link-twitter' ><a target=\"_blank\" aria-label=\"Compartir en Twitter\" href='https:\/\/twitter.com\/share?text=Hasta%20el%2009%20de%20julio%20se%20puede%20postular%20al%20concurso%20Mujer%20Empresaria%20Tur%C3%ADstica%202021&#038;url=https:\/\/radiorevelacionfm.cl\/?p=4478' aria-hidden='false' data-av_icon='\ue8f1' data-av_iconfont='entypo-fontello' title='' data-avia-related-tooltip='Compartir en Twitter' rel=\"noopener\"><span class='avia_hidden_link_text'>Compartir en Twitter<\/span><\/a><\/li><li class='av-share-link av-social-link-whatsapp' ><a target=\"_blank\" aria-label=\"Compartir en Whatsapp\" href='https:\/\/api.whatsapp.com\/send?text=https:\/\/radiorevelacionfm.cl\/?p=4478' aria-hidden='false' data-av_icon='\uf232' data-av_iconfont='entypo-fontello' title='' data-avia-related-tooltip='Compartir en Whatsapp' rel=\"noopener\"><span class='avia_hidden_link_text'>Compartir en Whatsapp<\/span><\/a><\/li><li class='av-share-link av-social-link-linkedin' ><a target=\"_blank\" aria-label=\"Compartir en LinkedIn\" href='https:\/\/linkedin.com\/shareArticle?mini=true&#038;title=Hasta%20el%2009%20de%20julio%20se%20puede%20postular%20al%20concurso%20Mujer%20Empresaria%20Tur%C3%ADstica%202021&#038;url=https:\/\/radiorevelacionfm.cl\/?p=4478' aria-hidden='false' data-av_icon='\ue8fc' data-av_iconfont='entypo-fontello' title='' data-avia-related-tooltip='Compartir en LinkedIn' rel=\"noopener\"><span class='avia_hidden_link_text'>Compartir en LinkedIn<\/span><\/a><\/li><li class='av-share-link av-social-link-mail' ><a  aria-label=\"Compartir por correo\" href='mailto:?subject=Hasta%20el%2009%20de%20julio%20se%20puede%20postular%20al%20concurso%20Mujer%20Empresaria%20Tur%C3%ADstica%202021&#038;body=https:\/\/radiorevelacionfm.cl\/?p=4478' aria-hidden='false' data-av_icon='\ue805' data-av_iconfont='entypo-fontello' title='' data-avia-related-tooltip='Compartir por correo'><span class='avia_hidden_link_text'>Compartir por correo<\/span><\/a><\/li><\/ul><\/div><\/div>\n<div  style='height:50px' class='hr hr-invisible   avia-builder-el-8  el_after_av_social_share  el_before_av_comments_list '><span class='hr-inner ' ><span class='hr-inner-style'><\/span><\/span><\/div>\n<div  class='av-buildercomment  av-blog-meta-html-info-disabled av-blog-meta-tag-disabled  '><\/div>\n","protected":false},"excerpt":{"rendered":"","protected":false},"author":1,"featured_media":0,"comment_status":"open","ping_status":"open","sticky":false,"template":"","format":"standard","meta":{"footnotes":""},"categories":[54],"tags":[],"class_list":["post-4478","post","type-post","status-publish","format-standard","hentry","category-turismo"],"jetpack_featured_media_url":"","_links":{"self":[{"href":"https:\/\/radiorevelacionfm.cl\/index.php?rest_route=\/wp\/v2\/posts\/4478","targetHints":{"allow":["GET"]}}],"collection":[{"href":"https:\/\/radiorevelacionfm.cl\/index.php?rest_route=\/wp\/v2\/posts"}],"about":[{"href":"https:\/\/radiorevelacionfm.cl\/index.php?rest_route=\/wp\/v2\/types\/post"}],"author":[{"embeddable":true,"href":"https:\/\/radiorevelacionfm.cl\/index.php?rest_route=\/wp\/v2\/users\/1"}],"replies":[{"embeddable":true,"href":"https:\/\/radiorevelacionfm.cl\/index.php?rest_route=%2Fwp%2Fv2%2Fcomments&post=4478"}],"version-history":[{"count":1,"href":"https:\/\/radiorevelacionfm.cl\/index.php?rest_route=\/wp\/v2\/posts\/4478\/revisions"}],"predecessor-version":[{"id":4480,"href":"https:\/\/radiorevelacionfm.cl\/index.php?rest_route=\/wp\/v2\/posts\/4478\/revisions\/4480"}],"wp:attachment":[{"href":"https:\/\/radiorevelacionfm.cl\/index.php?rest_route=%2Fwp%2Fv2%2Fmedia&parent=4478"}],"wp:term":[{"taxonomy":"category","embeddable":true,"href":"https:\/\/radiorevelacionfm.cl\/index.php?rest_route=%2Fwp%2Fv2%2Fcategories&post=4478"},{"taxonomy":"post_tag","embeddable":true,"href":"https:\/\/radiorevelacionfm.cl\/index.php?rest_route=%2Fwp%2Fv2%2Ftags&post=4478"}],"curies":[{"name":"wp","href":"https:\/\/api.w.org\/{rel}","templated":true}]}}