{"id":44777,"date":"2024-08-02T21:03:09","date_gmt":"2024-08-03T00:03:09","guid":{"rendered":"https:\/\/radiorevelacionfm.cl\/?p=44777"},"modified":"2024-08-02T21:04:29","modified_gmt":"2024-08-03T00:04:29","slug":"violencia-intrafamiliar-formalizan-a-imputado-por-3-amenazas-de-muerte-en-contra-de-su-ex-pareja-e-incendio-tentado-de-su-casa","status":"publish","type":"post","link":"https:\/\/radiorevelacionfm.cl\/?p=44777","title":{"rendered":"Violencia intrafamiliar: Formalizan a imputado por 3 amenazas de muerte en contra de su ex pareja e incendio tentado de su casa"},"content":{"rendered":"<div class=\"flex_column av_one_full  flex_column_div av-zero-column-padding first  avia-builder-el-0  el_before_av_one_full  avia-builder-el-first  \" style='border-radius:0px; '><div  class='avia-image-container  av-styling-    avia-builder-el-1  avia-builder-el-no-sibling  avia-align-center '  itemprop=\"image\" itemscope=\"itemscope\" itemtype=\"https:\/\/schema.org\/ImageObject\"  ><div class='avia-image-container-inner'><div class='avia-image-overlay-wrap'><img decoding=\"async\" class='wp-image-44778 avia-img-lazy-loading-not-44778 avia_image' src=\"https:\/\/radiorevelacionfm.cl\/wp-content\/uploads\/2024\/08\/Detenido-generica-1-1.jpg\" alt='' title='Detenido-generica (1) (1)' height=\"600\" width=\"922\"  itemprop=\"thumbnailUrl\" srcset=\"https:\/\/radiorevelacionfm.cl\/wp-content\/uploads\/2024\/08\/Detenido-generica-1-1.jpg 922w, https:\/\/radiorevelacionfm.cl\/wp-content\/uploads\/2024\/08\/Detenido-generica-1-1-300x195.jpg 300w, https:\/\/radiorevelacionfm.cl\/wp-content\/uploads\/2024\/08\/Detenido-generica-1-1-768x500.jpg 768w, https:\/\/radiorevelacionfm.cl\/wp-content\/uploads\/2024\/08\/Detenido-generica-1-1-705x459.jpg 705w, https:\/\/radiorevelacionfm.cl\/wp-content\/uploads\/2024\/08\/Detenido-generica-1-1-450x293.jpg 450w, https:\/\/radiorevelacionfm.cl\/wp-content\/uploads\/2024\/08\/Detenido-generica-1-1-600x390.jpg 600w\" sizes=\"(max-width: 922px) 100vw, 922px\" \/><\/div><\/div><\/div><\/div><div class=\"flex_column av_one_full  flex_column_div av-zero-column-padding first  avia-builder-el-2  el_after_av_one_full  el_before_av_one_full  column-top-margin\" style='border-radius:0px; '><section class=\"av_textblock_section \"  itemscope=\"itemscope\" itemtype=\"https:\/\/schema.org\/BlogPosting\" itemprop=\"blogPost\" ><div class='avia_textblock  '   itemprop=\"text\" ><p style=\"text-align: center;\"><strong><span style=\"font-size: 18pt;\">Violencia intrafamiliar: Formalizan a imputado por 3 amenazas de muerte en contra de su ex pareja e incendio tentado de su casa<\/span><\/strong><\/p>\n<div id=\"gtx-trans\" style=\"position: absolute; left: -50px; top: 4.31534px;\">\n<div class=\"gtx-trans-icon\"><\/div>\n<\/div>\n<\/div><\/section><\/div><div class=\"flex_column av_one_full  flex_column_div av-zero-column-padding first  avia-builder-el-4  el_after_av_one_full  el_before_av_hr  column-top-margin\" style='border-radius:0px; '><section class=\"av_textblock_section \"  itemscope=\"itemscope\" itemtype=\"https:\/\/schema.org\/BlogPosting\" itemprop=\"blogPost\" ><div class='avia_textblock  '   itemprop=\"text\" ><p style=\"font-weight: 400; text-align: justify;\"><em>\u201cLa Fiscal\u00eda solicit\u00f3 al Tribunal la medida cautelar de prisi\u00f3n preventiva, medida que fue acogida por estimar que la libertad del imputado constituye un peligro real y serio para la seguridad de la v\u00edctima\u201d, explic\u00f3 el fiscal Jaime Rojas.<\/em><\/p>\n<p style=\"font-weight: 400; text-align: justify;\">La Fiscal\u00eda formaliz\u00f3 hoy investigaci\u00f3n en contra de un sujeto de 45 a\u00f1os como autor de diversos delitos cometidos en el contexto de violencia intrafamiliar, hechos ocurridos en Coyhaique entre el 28 al 31 de julio del presente a\u00f1o y que afectaron a una misma v\u00edctima, la cual tiene una relaci\u00f3n de ex convivencia con el imputado, seg\u00fan explic\u00f3 el fiscal de Coyhaique, Jaime Rojas.<\/p>\n<p style=\"font-weight: 400; text-align: justify;\">Seg\u00fan explic\u00f3 el fiscal del Ministerio P\u00fablico, la primera amenaza ocurri\u00f3 el domingo 28 de julio en horas de la tarde en la v\u00eda p\u00fablica. El segundo delito denunciado, tuvo lugar el martes 30 de julio cerca de las 20.00 horas, ocasi\u00f3n en que el sujeto, con un fierro en la mano, la intercept\u00f3 en la v\u00eda p\u00fablica, amenazando con matarla.<\/p>\n<p style=\"font-weight: 400; text-align: justify;\">Adem\u00e1s, la v\u00edctima denunci\u00f3 que el mi\u00e9rcoles 31 de julio, cerca de las 02.30 horas aproximadamente, su ex pareja lanz\u00f3 piedras a su casa e intent\u00f3 incendiar la propiedad utilizando un l\u00edquido acelerante.<\/p>\n<p style=\"font-weight: 400; text-align: justify;\">El mismo 31 de julio, la v\u00edctima se\u00f1al\u00f3 al personal policial que el imputado hab\u00eda subido un video a una red social con nuevas amenazas de muerte en su contra. El sujeto fue posteriormente aprehendido por Carabineros en las inmediaciones del lugar de trabajo de la afectada.<\/p>\n<p style=\"font-weight: 400; text-align: justify;\">PRISI\u00d3N PREVENTIVA<\/p>\n<p style=\"font-weight: 400; text-align: justify;\">\u201cConforme a los antecedentes que fue posible reunir, se formaliz\u00f3 investigaci\u00f3n por delitos de amenazas y tambi\u00e9n por un delito de incendio tentado. A ra\u00edz de lo anterior, la Fiscal\u00eda solicit\u00f3 al Tribunal la medida cautelar de prisi\u00f3n preventiva, medida que fue acogida por estimar que la libertad del imputado constituye un peligro real y serio para la seguridad de la v\u00edctima, fij\u00e1ndose un plazo de investigaci\u00f3n de 60 d\u00edas\u201d, explic\u00f3 el fiscal Jaime Rojas.<\/p>\n<p style=\"font-weight: 400; text-align: justify;\">La audiencia de formalizaci\u00f3n de la investigaci\u00f3n se efectu\u00f3 este viernes despu\u00e9s de que la Fiscal\u00eda solicitara ampliar la detenci\u00f3n del imputado en 48 horas.<\/p>\n<p style=\"font-weight: 400; text-align: justify;\">Las diligencias investigativas de este caso son efectuadas, a solicitud del Ministerio P\u00fablico, por personal de Carabineros de la Primera Comisar\u00eda, SIP y Labocar.<\/p>\n<\/div><\/section><\/div><div  style='height:50px' class='hr hr-invisible   avia-builder-el-6  el_after_av_one_full  el_before_av_social_share '><span class='hr-inner ' ><span class='hr-inner-style'><\/span><\/span><\/div><\/p>\n<div  class='av-social-sharing-box  avia-builder-el-7  el_after_av_hr  el_before_av_hr  '><div class='av-share-box'><h5 class='av-share-link-description av-no-toc '>Compartir esta noticia<\/h5><ul class='av-share-box-list noLightbox'><li class='av-share-link av-social-link-facebook' ><a target=\"_blank\" aria-label=\"Compartir en Facebook\" href='https:\/\/www.facebook.com\/sharer.php?u=https:\/\/radiorevelacionfm.cl\/?p=44777&#038;t=Violencia%20intrafamiliar%3A%20Formalizan%20a%20imputado%20por%203%20amenazas%20de%20muerte%20en%20contra%20de%20su%20ex%20pareja%20e%20incendio%20tentado%20de%20su%20casa' aria-hidden='false' data-av_icon='\ue8f3' data-av_iconfont='entypo-fontello' title='' data-avia-related-tooltip='Compartir en Facebook' rel=\"noopener\"><span class='avia_hidden_link_text'>Compartir en Facebook<\/span><\/a><\/li><li class='av-share-link av-social-link-twitter' ><a target=\"_blank\" aria-label=\"Compartir en Twitter\" href='https:\/\/twitter.com\/share?text=Violencia%20intrafamiliar%3A%20Formalizan%20a%20imputado%20por%203%20amenazas%20de%20muerte%20en%20contra%20de%20su%20ex%20pareja%20e%20incendio%20tentado%20de%20su%20casa&#038;url=https:\/\/radiorevelacionfm.cl\/?p=44777' aria-hidden='false' data-av_icon='\ue8f1' data-av_iconfont='entypo-fontello' title='' data-avia-related-tooltip='Compartir en Twitter' rel=\"noopener\"><span class='avia_hidden_link_text'>Compartir en Twitter<\/span><\/a><\/li><li class='av-share-link av-social-link-whatsapp' ><a target=\"_blank\" aria-label=\"Compartir en Whatsapp\" href='https:\/\/api.whatsapp.com\/send?text=https:\/\/radiorevelacionfm.cl\/?p=44777' aria-hidden='false' data-av_icon='\uf232' data-av_iconfont='entypo-fontello' title='' data-avia-related-tooltip='Compartir en Whatsapp' rel=\"noopener\"><span class='avia_hidden_link_text'>Compartir en Whatsapp<\/span><\/a><\/li><li class='av-share-link av-social-link-linkedin' ><a target=\"_blank\" aria-label=\"Compartir en LinkedIn\" href='https:\/\/linkedin.com\/shareArticle?mini=true&#038;title=Violencia%20intrafamiliar%3A%20Formalizan%20a%20imputado%20por%203%20amenazas%20de%20muerte%20en%20contra%20de%20su%20ex%20pareja%20e%20incendio%20tentado%20de%20su%20casa&#038;url=https:\/\/radiorevelacionfm.cl\/?p=44777' aria-hidden='false' data-av_icon='\ue8fc' data-av_iconfont='entypo-fontello' title='' data-avia-related-tooltip='Compartir en LinkedIn' rel=\"noopener\"><span class='avia_hidden_link_text'>Compartir en LinkedIn<\/span><\/a><\/li><li class='av-share-link av-social-link-mail' ><a  aria-label=\"Compartir por correo\" href='mailto:?subject=Violencia%20intrafamiliar%3A%20Formalizan%20a%20imputado%20por%203%20amenazas%20de%20muerte%20en%20contra%20de%20su%20ex%20pareja%20e%20incendio%20tentado%20de%20su%20casa&#038;body=https:\/\/radiorevelacionfm.cl\/?p=44777' aria-hidden='false' data-av_icon='\ue805' data-av_iconfont='entypo-fontello' title='' data-avia-related-tooltip='Compartir por correo'><span class='avia_hidden_link_text'>Compartir por correo<\/span><\/a><\/li><\/ul><\/div><\/div>\n<div  style='height:50px' class='hr hr-invisible   avia-builder-el-8  el_after_av_social_share  el_before_av_comments_list '><span class='hr-inner ' ><span class='hr-inner-style'><\/span><\/span><\/div>\n<div  class='av-buildercomment  av-blog-meta-html-info-disabled av-blog-meta-tag-disabled  '><\/div>\n","protected":false},"excerpt":{"rendered":"","protected":false},"author":1,"featured_media":44778,"comment_status":"open","ping_status":"open","sticky":false,"template":"","format":"standard","meta":{"footnotes":""},"categories":[36],"tags":[],"class_list":["post-44777","post","type-post","status-publish","format-standard","has-post-thumbnail","hentry","category-policial"],"jetpack_featured_media_url":"https:\/\/radiorevelacionfm.cl\/wp-content\/uploads\/2024\/08\/Detenido-generica-1-1.jpg","_links":{"self":[{"href":"https:\/\/radiorevelacionfm.cl\/index.php?rest_route=\/wp\/v2\/posts\/44777","targetHints":{"allow":["GET"]}}],"collection":[{"href":"https:\/\/radiorevelacionfm.cl\/index.php?rest_route=\/wp\/v2\/posts"}],"about":[{"href":"https:\/\/radiorevelacionfm.cl\/index.php?rest_route=\/wp\/v2\/types\/post"}],"author":[{"embeddable":true,"href":"https:\/\/radiorevelacionfm.cl\/index.php?rest_route=\/wp\/v2\/users\/1"}],"replies":[{"embeddable":true,"href":"https:\/\/radiorevelacionfm.cl\/index.php?rest_route=%2Fwp%2Fv2%2Fcomments&post=44777"}],"version-history":[{"count":1,"href":"https:\/\/radiorevelacionfm.cl\/index.php?rest_route=\/wp\/v2\/posts\/44777\/revisions"}],"predecessor-version":[{"id":44779,"href":"https:\/\/radiorevelacionfm.cl\/index.php?rest_route=\/wp\/v2\/posts\/44777\/revisions\/44779"}],"wp:featuredmedia":[{"embeddable":true,"href":"https:\/\/radiorevelacionfm.cl\/index.php?rest_route=\/wp\/v2\/media\/44778"}],"wp:attachment":[{"href":"https:\/\/radiorevelacionfm.cl\/index.php?rest_route=%2Fwp%2Fv2%2Fmedia&parent=44777"}],"wp:term":[{"taxonomy":"category","embeddable":true,"href":"https:\/\/radiorevelacionfm.cl\/index.php?rest_route=%2Fwp%2Fv2%2Fcategories&post=44777"},{"taxonomy":"post_tag","embeddable":true,"href":"https:\/\/radiorevelacionfm.cl\/index.php?rest_route=%2Fwp%2Fv2%2Ftags&post=44777"}],"curies":[{"name":"wp","href":"https:\/\/api.w.org\/{rel}","templated":true}]}}