{"id":44766,"date":"2024-08-02T22:35:23","date_gmt":"2024-08-03T01:35:23","guid":{"rendered":"https:\/\/radiorevelacionfm.cl\/?p=44766"},"modified":"2024-08-02T22:35:23","modified_gmt":"2024-08-03T01:35:23","slug":"servicio-de-salud-aysen-reconocio-a-funcionarios-y-funcionarias-en-su-aniversario-45","status":"publish","type":"post","link":"https:\/\/radiorevelacionfm.cl\/?p=44766","title":{"rendered":"Servicio de Salud Ays\u00e9n reconoci\u00f3 a funcionarios y funcionarias en su Aniversario 45"},"content":{"rendered":"<div class=\"flex_column av_one_full  flex_column_div av-zero-column-padding first  avia-builder-el-0  el_before_av_one_full  avia-builder-el-first  \" style='border-radius:0px; '><div  class='avia-image-container  av-styling-    avia-builder-el-1  avia-builder-el-no-sibling  avia-align-center '  itemprop=\"image\" itemscope=\"itemscope\" itemtype=\"https:\/\/schema.org\/ImageObject\"  ><div class='avia-image-container-inner'><div class='avia-image-overlay-wrap'><img decoding=\"async\" class='wp-image-44767 avia-img-lazy-loading-not-44767 avia_image' src=\"https:\/\/radiorevelacionfm.cl\/wp-content\/uploads\/2024\/08\/aniversario-1-1-1.jpg\" alt='' title='aniversario 1 (1) (1)' height=\"600\" width=\"956\"  itemprop=\"thumbnailUrl\" srcset=\"https:\/\/radiorevelacionfm.cl\/wp-content\/uploads\/2024\/08\/aniversario-1-1-1.jpg 956w, https:\/\/radiorevelacionfm.cl\/wp-content\/uploads\/2024\/08\/aniversario-1-1-1-300x188.jpg 300w, https:\/\/radiorevelacionfm.cl\/wp-content\/uploads\/2024\/08\/aniversario-1-1-1-768x482.jpg 768w, https:\/\/radiorevelacionfm.cl\/wp-content\/uploads\/2024\/08\/aniversario-1-1-1-705x442.jpg 705w, https:\/\/radiorevelacionfm.cl\/wp-content\/uploads\/2024\/08\/aniversario-1-1-1-450x282.jpg 450w, https:\/\/radiorevelacionfm.cl\/wp-content\/uploads\/2024\/08\/aniversario-1-1-1-600x377.jpg 600w\" sizes=\"(max-width: 956px) 100vw, 956px\" \/><\/div><\/div><\/div><\/div><div class=\"flex_column av_one_full  flex_column_div av-zero-column-padding first  avia-builder-el-2  el_after_av_one_full  el_before_av_one_full  column-top-margin\" style='border-radius:0px; '><section class=\"av_textblock_section \"  itemscope=\"itemscope\" itemtype=\"https:\/\/schema.org\/BlogPosting\" itemprop=\"blogPost\" ><div class='avia_textblock  '   itemprop=\"text\" ><p style=\"text-align: center;\"><strong><span style=\"font-size: 18pt;\">Servicio de Salud Ays\u00e9n reconoci\u00f3 a funcionarios y funcionarias en su Aniversario 45<\/span><\/strong><\/p>\n<div id=\"gtx-trans\" style=\"position: absolute; left: -50px; top: 4.31534px;\">\n<div class=\"gtx-trans-icon\"><\/div>\n<\/div>\n<\/div><\/section><\/div><div class=\"flex_column av_one_full  flex_column_div av-zero-column-padding first  avia-builder-el-4  el_after_av_one_full  el_before_av_hr  column-top-margin\" style='border-radius:0px; '><section class=\"av_textblock_section \"  itemscope=\"itemscope\" itemtype=\"https:\/\/schema.org\/BlogPosting\" itemprop=\"blogPost\" ><div class='avia_textblock  '   itemprop=\"text\" ><p class=\"v1MsoNormal\" style=\"text-align: justify;\">Diez funcionarias y funcionarios de la Red Asistencial de Ays\u00e9n fueron reconocidos por sus a\u00f1os de servicio, en el marco del aniversario n\u00famero 45 de la instituci\u00f3n y que permiti\u00f3 valorar los ciclos laborales de 25 y 30 a\u00f1os de permanencia en el Servicio de Salud Ays\u00e9n (SSA).<\/p>\n<p class=\"v1MsoNormal\" style=\"text-align: justify;\">\u00abUna ceremonia muy especial, porque uno cumple m\u00e1s de 30 a\u00f1os de servicio y este es un espacio para que reconozcan a todos los funcionarios por la labor que cumplen durante muchos a\u00f1os y, como dijo el director, va a perpetuarse para todos los funcionarios. Una excelente ceremonia, bonita. El video me emocion\u00f3 mucho, porque no sab\u00eda que estar\u00eda mi se\u00f1ora. Una bonita experiencia y muy buena ceremonia\u00bb, precis\u00f3 Cristian Robles, funcionario con 30 a\u00f1os de servicio.<\/p>\n<p class=\"v1MsoNormal\" style=\"text-align: justify;\">Una ceremonia marcada por las emociones y la sobriedad, donde los distintos gremios del sector salud tambi\u00e9n aprovecharon de sumarse a la ceremonia con presentes, galvanos y regalos a sus representados.<\/p>\n<p class=\"v1MsoNormal\" style=\"text-align: justify;\">\u00abMuy emocionada porque llevo m\u00e1s de 30 a\u00f1os de servicio. Comenc\u00e9 a honorarios trabajando en la direcci\u00f3n de atenci\u00f3n primaria y orgullosa de lo que he hecho, porque he dado harto por el servicio con cari\u00f1o y todo lo que he dado ha sido con emotividad, con mucho esfuerzo. He trabajado d\u00eda a d\u00eda y lo hago con mucho amor\u00bb, expres\u00f3 Marina G\u00f3mez, quien cumpli\u00f3 tres d\u00e9cadas en sus funciones.<\/p>\n<p class=\"v1MsoNormal\" style=\"text-align: justify;\">El director del SSA, Juan Pablo Bravo Quintana, tambi\u00e9n tuvo conmovedoras palabras para quienes han ejercido su labor durante tantos a\u00f1os en una instituci\u00f3n que crece d\u00eda a d\u00eda, en materia tecnol\u00f3gica, de infraestructura, pero donde lo m\u00e1s importante contin\u00faa siendo el recurso humano.<\/p>\n<p class=\"v1MsoNormal\" style=\"text-align: justify;\">\u00abDestacar a las y los funcionarios que permiten nuestra labor que tiene que ver con entregar una salud p\u00fablica de calidad, digna a nuestros usuarios y a toda la poblaci\u00f3n regional y es a ellos que estamos celebrando, destacando su trayectoria, compromiso y el profesionalismo con que ellos permiten el funcionamiento de todos nuestros dispositivos y establecimientos a lo largo de nuestra red asistencial en la regi\u00f3n. As\u00ed que este d\u00eda es para ellas y ellos y sabemos que como Red tenemos desaf\u00edos que cumplir\u00bb, subray\u00f3 Nicol\u00e1s Meier, sub director de gesti\u00f3n y desarrollo de las personas del SSA.<\/p>\n<p class=\"v1MsoNormal\" style=\"text-align: justify;\">A los homenajeados se les entreg\u00f3 un galvano que representa las altas cumbres y monta\u00f1as de la Patagonia, con un acr\u00edlico que simboliza el agua cristalina y los hielos eternos de Ays\u00e9n.<\/p>\n<p class=\"v1MsoNormal\" style=\"text-align: justify;\">Tambi\u00e9n se les regalaron \u00e1rboles nativos, una se\u00f1al que busca promover la reforestaci\u00f3n para preservar las especies que son fundamentales para la flora y fauna regional, conservar la biodiversidad y fomentar la educaci\u00f3n y sensibilidad ambiental.<\/p>\n<div style=\"text-align: justify;\"><\/div>\n<\/div><\/section><\/div><div  style='height:50px' class='hr hr-invisible   avia-builder-el-6  el_after_av_one_full  el_before_av_social_share '><span class='hr-inner ' ><span class='hr-inner-style'><\/span><\/span><\/div><\/p>\n<div  class='av-social-sharing-box  avia-builder-el-7  el_after_av_hr  el_before_av_hr  '><div class='av-share-box'><h5 class='av-share-link-description av-no-toc '>Compartir esta noticia<\/h5><ul class='av-share-box-list noLightbox'><li class='av-share-link av-social-link-facebook' ><a target=\"_blank\" aria-label=\"Compartir en Facebook\" href='https:\/\/www.facebook.com\/sharer.php?u=https:\/\/radiorevelacionfm.cl\/?p=44766&#038;t=Servicio%20de%20Salud%20Ays%C3%A9n%20reconoci%C3%B3%20a%20funcionarios%20y%20funcionarias%20en%20su%20Aniversario%2045' aria-hidden='false' data-av_icon='\ue8f3' data-av_iconfont='entypo-fontello' title='' data-avia-related-tooltip='Compartir en Facebook' rel=\"noopener\"><span class='avia_hidden_link_text'>Compartir en Facebook<\/span><\/a><\/li><li class='av-share-link av-social-link-twitter' ><a target=\"_blank\" aria-label=\"Compartir en Twitter\" href='https:\/\/twitter.com\/share?text=Servicio%20de%20Salud%20Ays%C3%A9n%20reconoci%C3%B3%20a%20funcionarios%20y%20funcionarias%20en%20su%20Aniversario%2045&#038;url=https:\/\/radiorevelacionfm.cl\/?p=44766' aria-hidden='false' data-av_icon='\ue8f1' data-av_iconfont='entypo-fontello' title='' data-avia-related-tooltip='Compartir en Twitter' rel=\"noopener\"><span class='avia_hidden_link_text'>Compartir en Twitter<\/span><\/a><\/li><li class='av-share-link av-social-link-whatsapp' ><a target=\"_blank\" aria-label=\"Compartir en Whatsapp\" href='https:\/\/api.whatsapp.com\/send?text=https:\/\/radiorevelacionfm.cl\/?p=44766' aria-hidden='false' data-av_icon='\uf232' data-av_iconfont='entypo-fontello' title='' data-avia-related-tooltip='Compartir en Whatsapp' rel=\"noopener\"><span class='avia_hidden_link_text'>Compartir en Whatsapp<\/span><\/a><\/li><li class='av-share-link av-social-link-linkedin' ><a target=\"_blank\" aria-label=\"Compartir en LinkedIn\" href='https:\/\/linkedin.com\/shareArticle?mini=true&#038;title=Servicio%20de%20Salud%20Ays%C3%A9n%20reconoci%C3%B3%20a%20funcionarios%20y%20funcionarias%20en%20su%20Aniversario%2045&#038;url=https:\/\/radiorevelacionfm.cl\/?p=44766' aria-hidden='false' data-av_icon='\ue8fc' data-av_iconfont='entypo-fontello' title='' data-avia-related-tooltip='Compartir en LinkedIn' rel=\"noopener\"><span class='avia_hidden_link_text'>Compartir en LinkedIn<\/span><\/a><\/li><li class='av-share-link av-social-link-mail' ><a  aria-label=\"Compartir por correo\" href='mailto:?subject=Servicio%20de%20Salud%20Ays%C3%A9n%20reconoci%C3%B3%20a%20funcionarios%20y%20funcionarias%20en%20su%20Aniversario%2045&#038;body=https:\/\/radiorevelacionfm.cl\/?p=44766' aria-hidden='false' data-av_icon='\ue805' data-av_iconfont='entypo-fontello' title='' data-avia-related-tooltip='Compartir por correo'><span class='avia_hidden_link_text'>Compartir por correo<\/span><\/a><\/li><\/ul><\/div><\/div>\n<div  style='height:50px' class='hr hr-invisible   avia-builder-el-8  el_after_av_social_share  el_before_av_comments_list '><span class='hr-inner ' ><span class='hr-inner-style'><\/span><\/span><\/div>\n<div  class='av-buildercomment  av-blog-meta-html-info-disabled av-blog-meta-tag-disabled  '><\/div>\n","protected":false},"excerpt":{"rendered":"","protected":false},"author":1,"featured_media":44767,"comment_status":"open","ping_status":"open","sticky":false,"template":"","format":"standard","meta":{"footnotes":""},"categories":[46],"tags":[],"class_list":["post-44766","post","type-post","status-publish","format-standard","has-post-thumbnail","hentry","category-salud"],"jetpack_featured_media_url":"https:\/\/radiorevelacionfm.cl\/wp-content\/uploads\/2024\/08\/aniversario-1-1-1.jpg","_links":{"self":[{"href":"https:\/\/radiorevelacionfm.cl\/index.php?rest_route=\/wp\/v2\/posts\/44766","targetHints":{"allow":["GET"]}}],"collection":[{"href":"https:\/\/radiorevelacionfm.cl\/index.php?rest_route=\/wp\/v2\/posts"}],"about":[{"href":"https:\/\/radiorevelacionfm.cl\/index.php?rest_route=\/wp\/v2\/types\/post"}],"author":[{"embeddable":true,"href":"https:\/\/radiorevelacionfm.cl\/index.php?rest_route=\/wp\/v2\/users\/1"}],"replies":[{"embeddable":true,"href":"https:\/\/radiorevelacionfm.cl\/index.php?rest_route=%2Fwp%2Fv2%2Fcomments&post=44766"}],"version-history":[{"count":1,"href":"https:\/\/radiorevelacionfm.cl\/index.php?rest_route=\/wp\/v2\/posts\/44766\/revisions"}],"predecessor-version":[{"id":44768,"href":"https:\/\/radiorevelacionfm.cl\/index.php?rest_route=\/wp\/v2\/posts\/44766\/revisions\/44768"}],"wp:featuredmedia":[{"embeddable":true,"href":"https:\/\/radiorevelacionfm.cl\/index.php?rest_route=\/wp\/v2\/media\/44767"}],"wp:attachment":[{"href":"https:\/\/radiorevelacionfm.cl\/index.php?rest_route=%2Fwp%2Fv2%2Fmedia&parent=44766"}],"wp:term":[{"taxonomy":"category","embeddable":true,"href":"https:\/\/radiorevelacionfm.cl\/index.php?rest_route=%2Fwp%2Fv2%2Fcategories&post=44766"},{"taxonomy":"post_tag","embeddable":true,"href":"https:\/\/radiorevelacionfm.cl\/index.php?rest_route=%2Fwp%2Fv2%2Ftags&post=44766"}],"curies":[{"name":"wp","href":"https:\/\/api.w.org\/{rel}","templated":true}]}}