{"id":44764,"date":"2024-08-02T16:01:11","date_gmt":"2024-08-02T19:01:11","guid":{"rendered":"https:\/\/radiorevelacionfm.cl\/?p=44764"},"modified":"2024-08-02T16:01:11","modified_gmt":"2024-08-02T19:01:11","slug":"pdi-detiene-a-profugo-de-la-justicia-por-abusos-sexuales-contra-menores-de-edad","status":"publish","type":"post","link":"https:\/\/radiorevelacionfm.cl\/?p=44764","title":{"rendered":"PDI detiene a pr\u00f3fugo de la justicia por abusos sexuales contra menores de edad"},"content":{"rendered":"<div class=\"flex_column av_one_full  flex_column_div av-zero-column-padding first  avia-builder-el-0  el_before_av_one_full  avia-builder-el-first  \" style='border-radius:0px; '><div  class='avia-image-container  av-styling-    avia-builder-el-1  avia-builder-el-no-sibling  avia-align-center '  itemprop=\"image\" itemscope=\"itemscope\" itemtype=\"https:\/\/schema.org\/ImageObject\"  ><div class='avia-image-container-inner'><div class='avia-image-overlay-wrap'><img decoding=\"async\" class='wp-image-35723 avia-img-lazy-loading-not-35723 avia_image' src=\"https:\/\/radiorevelacionfm.cl\/wp-content\/uploads\/2023\/10\/Referencial-detenido-PDI-004-2-1-1.jpg\" alt='' title='Referencial detenido PDI 004 (2) (1) (1)' height=\"600\" width=\"900\"  itemprop=\"thumbnailUrl\" srcset=\"https:\/\/radiorevelacionfm.cl\/wp-content\/uploads\/2023\/10\/Referencial-detenido-PDI-004-2-1-1.jpg 900w, https:\/\/radiorevelacionfm.cl\/wp-content\/uploads\/2023\/10\/Referencial-detenido-PDI-004-2-1-1-300x200.jpg 300w, https:\/\/radiorevelacionfm.cl\/wp-content\/uploads\/2023\/10\/Referencial-detenido-PDI-004-2-1-1-768x512.jpg 768w, https:\/\/radiorevelacionfm.cl\/wp-content\/uploads\/2023\/10\/Referencial-detenido-PDI-004-2-1-1-705x470.jpg 705w, https:\/\/radiorevelacionfm.cl\/wp-content\/uploads\/2023\/10\/Referencial-detenido-PDI-004-2-1-1-450x300.jpg 450w, https:\/\/radiorevelacionfm.cl\/wp-content\/uploads\/2023\/10\/Referencial-detenido-PDI-004-2-1-1-600x400.jpg 600w\" sizes=\"(max-width: 900px) 100vw, 900px\" \/><\/div><\/div><\/div><\/div><div class=\"flex_column av_one_full  flex_column_div av-zero-column-padding first  avia-builder-el-2  el_after_av_one_full  el_before_av_one_full  column-top-margin\" style='border-radius:0px; '><section class=\"av_textblock_section \"  itemscope=\"itemscope\" itemtype=\"https:\/\/schema.org\/BlogPosting\" itemprop=\"blogPost\" ><div class='avia_textblock  '   itemprop=\"text\" ><p style=\"text-align: center;\"><strong><span style=\"font-size: 18pt;\">PDI detiene a pr\u00f3fugo de la justicia por abusos sexuales contra menores de edad<\/span><\/strong><\/p>\n<div id=\"gtx-trans\" style=\"position: absolute; left: -50px; top: 4.31534px;\">\n<div class=\"gtx-trans-icon\"><\/div>\n<\/div>\n<\/div><\/section><\/div><div class=\"flex_column av_one_full  flex_column_div av-zero-column-padding first  avia-builder-el-4  el_after_av_one_full  el_before_av_hr  column-top-margin\" style='border-radius:0px; '><section class=\"av_textblock_section \"  itemscope=\"itemscope\" itemtype=\"https:\/\/schema.org\/BlogPosting\" itemprop=\"blogPost\" ><div class='avia_textblock  '   itemprop=\"text\" ><p style=\"text-align: justify;\">Durante la tarde del jueves, detectives de la Brigada Investigadora de Delitos Sexuales (BRISEX) Coyhaique detuvieron a un hombre de 52 a\u00f1os, condenado por diversos delitos sexuales contra cuatro v\u00edctimas menores de edad, hechos que habr\u00edan sido reiterativos durante un determinado periodo de tiempo.<\/p>\n<p style=\"text-align: justify;\">Al respecto, el comisario Fernando Alvarez, jefe de la BRISEX Coyhaique, se\u00f1al\u00f3 que \u201ca ra\u00edz de una serie de diligencias investigativas llevadas a cabo por funcionarios de la Polic\u00eda de Investigaciones de Chile, se detuvo un sujeto de sexo masculino de nacionalidad chilena, de 52 a\u00f1os de edad, por registrar en su contra dos \u00f3rdenes de detenci\u00f3n pendientes por los delitos de abuso sexual de menor de 14 a\u00f1os, ambas emanadas del Juzgado de Garant\u00eda de esta ciudad\u201d.<\/p>\n<p style=\"text-align: justify;\">El jefe de la unidad especializada manifest\u00f3 que \u201cel detenido se encontraba en calidad de imputado en dos investigaciones que fueron debidamente diligenciadas por la Brigada Delitos Sexuales de esta regi\u00f3n, pudiendo establecer su autor\u00eda en los abusos sexuales hacia cuatro menores de edad\u201d.<\/p>\n<p style=\"text-align: justify;\">Sobre las investigaciones que permitieron esclarecer los delitos, el oficial policial indic\u00f3 que \u201cla primera de ellas por los hechos ocurridos entre los a\u00f1os 2013 al 2016, donde se establece su participaci\u00f3n en calidad de autor de abuso sexual en contra de tres menores de edad todas familiares directas de la pareja que ten\u00eda en ese tiempo\u201d.<\/p>\n<p style=\"text-align: justify;\">En cuanto a la segunda causa, \u201clos hechos se originaron entre los a\u00f1os 2017 al 2019 donde conviv\u00eda con otra pareja, pudiendo establecer su participaci\u00f3n en calidad de autor de los abusos ejercidos en contra de la hija de su conviviente\u201d, sostuvo el comisario \u00c1lvarez.<\/p>\n<p style=\"text-align: justify;\">De acuerdo a la indicado por oficiales de la unidad especializada, \u201cen ambas investigaciones el imputado ten\u00eda un modo de actuar similar, donde esperaba la ausencia de sus parejas en el domicilio para concretar los abusos hacia las menores de edad\u201d.<\/p>\n<p style=\"text-align: justify;\">Gracias a un arduo trabajo en conjunto con el Ministerio P\u00fablico, en el mes de marzo el presente a\u00f1o, \u201cel Tribunal Oral en lo Penal de esta comuna decret\u00f3 su condena por su participaci\u00f3n en calidad de autor de los mismos, raz\u00f3n por la cual, y desde esa fecha el detenido se encontraba pr\u00f3fugo de la justicia, ocult\u00e1ndose en diversos domicilios de esta comuna a fin de evadir el actuar policial\u201d.<\/p>\n<p style=\"text-align: justify;\">Finalmente, el detenido fue puesto a disposici\u00f3n del Centro de Cumplimiento Penitenciario de Coyhaique a fin de cumplir su respectiva condena de ocho a\u00f1os de presidio.<\/p>\n<\/div><\/section><\/div><div  style='height:50px' class='hr hr-invisible   avia-builder-el-6  el_after_av_one_full  el_before_av_social_share '><span class='hr-inner ' ><span class='hr-inner-style'><\/span><\/span><\/div><\/p>\n<div  class='av-social-sharing-box  avia-builder-el-7  el_after_av_hr  el_before_av_hr  '><div class='av-share-box'><h5 class='av-share-link-description av-no-toc '>Compartir esta noticia<\/h5><ul class='av-share-box-list noLightbox'><li class='av-share-link av-social-link-facebook' ><a target=\"_blank\" aria-label=\"Compartir en Facebook\" href='https:\/\/www.facebook.com\/sharer.php?u=https:\/\/radiorevelacionfm.cl\/?p=44764&#038;t=PDI%20detiene%20a%20pr%C3%B3fugo%20de%20la%20justicia%20por%20abusos%20sexuales%20contra%20menores%20de%20edad' aria-hidden='false' data-av_icon='\ue8f3' data-av_iconfont='entypo-fontello' title='' data-avia-related-tooltip='Compartir en Facebook' rel=\"noopener\"><span class='avia_hidden_link_text'>Compartir en Facebook<\/span><\/a><\/li><li class='av-share-link av-social-link-twitter' ><a target=\"_blank\" aria-label=\"Compartir en Twitter\" href='https:\/\/twitter.com\/share?text=PDI%20detiene%20a%20pr%C3%B3fugo%20de%20la%20justicia%20por%20abusos%20sexuales%20contra%20menores%20de%20edad&#038;url=https:\/\/radiorevelacionfm.cl\/?p=44764' aria-hidden='false' data-av_icon='\ue8f1' data-av_iconfont='entypo-fontello' title='' data-avia-related-tooltip='Compartir en Twitter' rel=\"noopener\"><span class='avia_hidden_link_text'>Compartir en Twitter<\/span><\/a><\/li><li class='av-share-link av-social-link-whatsapp' ><a target=\"_blank\" aria-label=\"Compartir en Whatsapp\" href='https:\/\/api.whatsapp.com\/send?text=https:\/\/radiorevelacionfm.cl\/?p=44764' aria-hidden='false' data-av_icon='\uf232' data-av_iconfont='entypo-fontello' title='' data-avia-related-tooltip='Compartir en Whatsapp' rel=\"noopener\"><span class='avia_hidden_link_text'>Compartir en Whatsapp<\/span><\/a><\/li><li class='av-share-link av-social-link-linkedin' ><a target=\"_blank\" aria-label=\"Compartir en LinkedIn\" href='https:\/\/linkedin.com\/shareArticle?mini=true&#038;title=PDI%20detiene%20a%20pr%C3%B3fugo%20de%20la%20justicia%20por%20abusos%20sexuales%20contra%20menores%20de%20edad&#038;url=https:\/\/radiorevelacionfm.cl\/?p=44764' aria-hidden='false' data-av_icon='\ue8fc' data-av_iconfont='entypo-fontello' title='' data-avia-related-tooltip='Compartir en LinkedIn' rel=\"noopener\"><span class='avia_hidden_link_text'>Compartir en LinkedIn<\/span><\/a><\/li><li class='av-share-link av-social-link-mail' ><a  aria-label=\"Compartir por correo\" href='mailto:?subject=PDI%20detiene%20a%20pr%C3%B3fugo%20de%20la%20justicia%20por%20abusos%20sexuales%20contra%20menores%20de%20edad&#038;body=https:\/\/radiorevelacionfm.cl\/?p=44764' aria-hidden='false' data-av_icon='\ue805' data-av_iconfont='entypo-fontello' title='' data-avia-related-tooltip='Compartir por correo'><span class='avia_hidden_link_text'>Compartir por correo<\/span><\/a><\/li><\/ul><\/div><\/div>\n<div  style='height:50px' class='hr hr-invisible   avia-builder-el-8  el_after_av_social_share  el_before_av_comments_list '><span class='hr-inner ' ><span class='hr-inner-style'><\/span><\/span><\/div>\n<div  class='av-buildercomment  av-blog-meta-html-info-disabled av-blog-meta-tag-disabled  '><\/div>\n","protected":false},"excerpt":{"rendered":"","protected":false},"author":1,"featured_media":35723,"comment_status":"open","ping_status":"open","sticky":false,"template":"","format":"standard","meta":{"footnotes":""},"categories":[36],"tags":[],"class_list":["post-44764","post","type-post","status-publish","format-standard","has-post-thumbnail","hentry","category-policial"],"jetpack_featured_media_url":"https:\/\/radiorevelacionfm.cl\/wp-content\/uploads\/2023\/10\/Referencial-detenido-PDI-004-2-1-1.jpg","_links":{"self":[{"href":"https:\/\/radiorevelacionfm.cl\/index.php?rest_route=\/wp\/v2\/posts\/44764","targetHints":{"allow":["GET"]}}],"collection":[{"href":"https:\/\/radiorevelacionfm.cl\/index.php?rest_route=\/wp\/v2\/posts"}],"about":[{"href":"https:\/\/radiorevelacionfm.cl\/index.php?rest_route=\/wp\/v2\/types\/post"}],"author":[{"embeddable":true,"href":"https:\/\/radiorevelacionfm.cl\/index.php?rest_route=\/wp\/v2\/users\/1"}],"replies":[{"embeddable":true,"href":"https:\/\/radiorevelacionfm.cl\/index.php?rest_route=%2Fwp%2Fv2%2Fcomments&post=44764"}],"version-history":[{"count":1,"href":"https:\/\/radiorevelacionfm.cl\/index.php?rest_route=\/wp\/v2\/posts\/44764\/revisions"}],"predecessor-version":[{"id":44765,"href":"https:\/\/radiorevelacionfm.cl\/index.php?rest_route=\/wp\/v2\/posts\/44764\/revisions\/44765"}],"wp:featuredmedia":[{"embeddable":true,"href":"https:\/\/radiorevelacionfm.cl\/index.php?rest_route=\/wp\/v2\/media\/35723"}],"wp:attachment":[{"href":"https:\/\/radiorevelacionfm.cl\/index.php?rest_route=%2Fwp%2Fv2%2Fmedia&parent=44764"}],"wp:term":[{"taxonomy":"category","embeddable":true,"href":"https:\/\/radiorevelacionfm.cl\/index.php?rest_route=%2Fwp%2Fv2%2Fcategories&post=44764"},{"taxonomy":"post_tag","embeddable":true,"href":"https:\/\/radiorevelacionfm.cl\/index.php?rest_route=%2Fwp%2Fv2%2Ftags&post=44764"}],"curies":[{"name":"wp","href":"https:\/\/api.w.org\/{rel}","templated":true}]}}