{"id":44760,"date":"2024-08-02T17:25:12","date_gmt":"2024-08-02T20:25:12","guid":{"rendered":"https:\/\/radiorevelacionfm.cl\/?p=44760"},"modified":"2024-08-02T17:25:12","modified_gmt":"2024-08-02T20:25:12","slug":"museo-de-islas-huichas-se-adjudica-fondo-para-el-mejoramiento-integral-de-museos","status":"publish","type":"post","link":"https:\/\/radiorevelacionfm.cl\/?p=44760","title":{"rendered":"Museo de Islas Huichas se adjudica Fondo para el Mejoramiento Integral de Museos"},"content":{"rendered":"<div class=\"flex_column av_one_full  flex_column_div av-zero-column-padding first  avia-builder-el-0  el_before_av_one_full  avia-builder-el-first  \" style='border-radius:0px; '><div  class='avia-image-container  av-styling-    avia-builder-el-1  avia-builder-el-no-sibling  avia-align-center '  itemprop=\"image\" itemscope=\"itemscope\" itemtype=\"https:\/\/schema.org\/ImageObject\"  ><div class='avia-image-container-inner'><div class='avia-image-overlay-wrap'><img decoding=\"async\" class='wp-image-44762 avia-img-lazy-loading-not-44762 avia_image' src=\"https:\/\/radiorevelacionfm.cl\/wp-content\/uploads\/2024\/08\/museo-huichas-2-1.jpg\" alt='' title='museo huichas (2) (1)' height=\"600\" width=\"1105\"  itemprop=\"thumbnailUrl\" srcset=\"https:\/\/radiorevelacionfm.cl\/wp-content\/uploads\/2024\/08\/museo-huichas-2-1.jpg 1105w, https:\/\/radiorevelacionfm.cl\/wp-content\/uploads\/2024\/08\/museo-huichas-2-1-300x163.jpg 300w, https:\/\/radiorevelacionfm.cl\/wp-content\/uploads\/2024\/08\/museo-huichas-2-1-1030x559.jpg 1030w, https:\/\/radiorevelacionfm.cl\/wp-content\/uploads\/2024\/08\/museo-huichas-2-1-768x417.jpg 768w, https:\/\/radiorevelacionfm.cl\/wp-content\/uploads\/2024\/08\/museo-huichas-2-1-705x383.jpg 705w, https:\/\/radiorevelacionfm.cl\/wp-content\/uploads\/2024\/08\/museo-huichas-2-1-450x244.jpg 450w, https:\/\/radiorevelacionfm.cl\/wp-content\/uploads\/2024\/08\/museo-huichas-2-1-600x326.jpg 600w\" sizes=\"(max-width: 1105px) 100vw, 1105px\" \/><\/div><\/div><\/div><\/div><div class=\"flex_column av_one_full  flex_column_div av-zero-column-padding first  avia-builder-el-2  el_after_av_one_full  el_before_av_one_full  column-top-margin\" style='border-radius:0px; '><section class=\"av_textblock_section \"  itemscope=\"itemscope\" itemtype=\"https:\/\/schema.org\/BlogPosting\" itemprop=\"blogPost\" ><div class='avia_textblock  '   itemprop=\"text\" ><div style=\"text-align: center;\"><span style=\"font-size: 18pt;\"><b>Museo de Islas Huichas se adjudica Fondo para el Mejoramiento Integral de Museos<\/b><\/span><\/div>\n<div id=\"gtx-trans\" style=\"position: absolute; left: -50px; top: 4.31534px;\">\n<div class=\"gtx-trans-icon\"><\/div>\n<\/div>\n<\/div><\/section><\/div><div class=\"flex_column av_one_full  flex_column_div av-zero-column-padding first  avia-builder-el-4  el_after_av_one_full  el_before_av_hr  column-top-margin\" style='border-radius:0px; '><section class=\"av_textblock_section \"  itemscope=\"itemscope\" itemtype=\"https:\/\/schema.org\/BlogPosting\" itemprop=\"blogPost\" ><div class='avia_textblock  '   itemprop=\"text\" ><p style=\"text-align: justify;\">Paolo Mattissine ten\u00eda 8 a\u00f1os cuando a orillas del mar que ba\u00f1a las islas Huichas encontr\u00f3 un hueso de ballena y asegura que desde esa \u00e9poca so\u00f1\u00f3 con que en su lugar de origen hubiese un museo. Hoy, en medio del canal Moraleda, lo dirige.<\/p>\n<p style=\"text-align: justify;\">Su anhelo su cumpli\u00f3 en 2019 y este 2024 trajo excelentes noticias: se adjudic\u00f3 casi 20 millones de pesos del Fondo de Mejoramiento Integral de Museos, convocatoria de la Subdirecci\u00f3n Nacional de Museos del Servicio Nacional del Patrimonio Cultural\u00a0que repartir\u00e1 m\u00e1s de 1.200 millones de pesos en 47 museos de todo el pa\u00eds.<\/p>\n<p style=\"text-align: justify;\">Todas las iniciativas ganadoras destinar\u00e1n los recursos a mejorar las condiciones generales, el equipamiento y las colecciones de estos espacios.<\/p>\n<p style=\"text-align: justify;\">En el caso de islas Huichas, Pablo Matissine cuenta que \u00abrecibimos esta noticia con harta alegr\u00eda; fue una verdadera sorpresa cuando vimos el correo y no lo pod\u00edamos creer porque es la primera postulaci\u00f3n que hacemos a este fondo. Apenas recibimos la noticia tuve que viajar de noche a Ays\u00e9n y hacer los tr\u00e1mites necesarios para la firma del convenio\u00bb.<\/p>\n<p style=\"text-align: justify;\">Acerca de las inversiones que har\u00e1n en el espacio patrimonial de Caleta Andrade, Pablo dice que \u00abestos recursos nos van a servir para inventariar la colecci\u00f3n del museo y hacerlos embalajes y protecciones necesarias porque est\u00e1 carente de vitrinas, por ejemplo, para exponer las piezas y resguardarlas. Y otras piezas est\u00e1n en bodega y no se han visibilizado porque no hay forma de protegerlas. Ahora vamos a poder tener un museo un poquito m\u00e1s bonito, m\u00e1s grande, con m\u00e1s cositas para mostrar, vamos a poder abrirnos a la opci\u00f3n de que lleguen donaciones y vamos a poder tener un cat\u00e1logo completo abierto a la comunidad para que nadie quede fuera cuando tenga que preguntar por su historia\u00bb.<\/p>\n<p style=\"text-align: justify;\">Para el seremi de Culturas Ays\u00e9n, Felipe Quiroz, se trata de un excelente noticia \u00abque habla del gran trabajo que est\u00e1n desempe\u00f1ando los territorios, los equipos locales de las comunidades que muchas veces desde espacios aislados y precarios concursan en nuestras convocatorias y se adjudican recursos que benefician a toda la comunidad, en este caso, a las islas Huichas y su museo que resguarda su historia y patrimonio\u00bb.<\/p>\n<p style=\"text-align: justify;\">Ver\u00f3nica Calzado, directora (s) de Patrimonio Regional, comenta que \u00abeste fondo est\u00e1 pensado para museos que no reciben financiamiento directo del Estado. Nos llena de orgullo y satisfacci\u00f3n saber que una comunidad tan peque\u00f1a cuenta con un museo y que adem\u00e1s se ha organizado y ha sido capaz de presentar un proyecto y adjudic\u00e1rselo, de manera que van a mejorar las condiciones f\u00edsicas y t\u00e9cnicas que van a impactar positivamente en todo el entorno local y regional. La invitaci\u00f3n queda abierta para el resto de los museos de la Regi\u00f3n de Ays\u00e9n a las siguientes convocatorias\u00bb.<\/p>\n<\/div><\/section><\/div><div  style='height:50px' class='hr hr-invisible   avia-builder-el-6  el_after_av_one_full  el_before_av_social_share '><span class='hr-inner ' ><span class='hr-inner-style'><\/span><\/span><\/div><\/p>\n<div  class='av-social-sharing-box  avia-builder-el-7  el_after_av_hr  el_before_av_hr  '><div class='av-share-box'><h5 class='av-share-link-description av-no-toc '>Compartir esta noticia<\/h5><ul class='av-share-box-list noLightbox'><li class='av-share-link av-social-link-facebook' ><a target=\"_blank\" aria-label=\"Compartir en Facebook\" href='https:\/\/www.facebook.com\/sharer.php?u=https:\/\/radiorevelacionfm.cl\/?p=44760&#038;t=Museo%20de%20Islas%20Huichas%20se%20adjudica%20Fondo%20para%20el%20Mejoramiento%20Integral%20de%20Museos' aria-hidden='false' data-av_icon='\ue8f3' data-av_iconfont='entypo-fontello' title='' data-avia-related-tooltip='Compartir en Facebook' rel=\"noopener\"><span class='avia_hidden_link_text'>Compartir en Facebook<\/span><\/a><\/li><li class='av-share-link av-social-link-twitter' ><a target=\"_blank\" aria-label=\"Compartir en Twitter\" href='https:\/\/twitter.com\/share?text=Museo%20de%20Islas%20Huichas%20se%20adjudica%20Fondo%20para%20el%20Mejoramiento%20Integral%20de%20Museos&#038;url=https:\/\/radiorevelacionfm.cl\/?p=44760' aria-hidden='false' data-av_icon='\ue8f1' data-av_iconfont='entypo-fontello' title='' data-avia-related-tooltip='Compartir en Twitter' rel=\"noopener\"><span class='avia_hidden_link_text'>Compartir en Twitter<\/span><\/a><\/li><li class='av-share-link av-social-link-whatsapp' ><a target=\"_blank\" aria-label=\"Compartir en Whatsapp\" href='https:\/\/api.whatsapp.com\/send?text=https:\/\/radiorevelacionfm.cl\/?p=44760' aria-hidden='false' data-av_icon='\uf232' data-av_iconfont='entypo-fontello' title='' data-avia-related-tooltip='Compartir en Whatsapp' rel=\"noopener\"><span class='avia_hidden_link_text'>Compartir en Whatsapp<\/span><\/a><\/li><li class='av-share-link av-social-link-linkedin' ><a target=\"_blank\" aria-label=\"Compartir en LinkedIn\" href='https:\/\/linkedin.com\/shareArticle?mini=true&#038;title=Museo%20de%20Islas%20Huichas%20se%20adjudica%20Fondo%20para%20el%20Mejoramiento%20Integral%20de%20Museos&#038;url=https:\/\/radiorevelacionfm.cl\/?p=44760' aria-hidden='false' data-av_icon='\ue8fc' data-av_iconfont='entypo-fontello' title='' data-avia-related-tooltip='Compartir en LinkedIn' rel=\"noopener\"><span class='avia_hidden_link_text'>Compartir en LinkedIn<\/span><\/a><\/li><li class='av-share-link av-social-link-mail' ><a  aria-label=\"Compartir por correo\" href='mailto:?subject=Museo%20de%20Islas%20Huichas%20se%20adjudica%20Fondo%20para%20el%20Mejoramiento%20Integral%20de%20Museos&#038;body=https:\/\/radiorevelacionfm.cl\/?p=44760' aria-hidden='false' data-av_icon='\ue805' data-av_iconfont='entypo-fontello' title='' data-avia-related-tooltip='Compartir por correo'><span class='avia_hidden_link_text'>Compartir por correo<\/span><\/a><\/li><\/ul><\/div><\/div>\n<div  style='height:50px' class='hr hr-invisible   avia-builder-el-8  el_after_av_social_share  el_before_av_comments_list '><span class='hr-inner ' ><span class='hr-inner-style'><\/span><\/span><\/div>\n<div  class='av-buildercomment  av-blog-meta-html-info-disabled av-blog-meta-tag-disabled  '><\/div>\n","protected":false},"excerpt":{"rendered":"","protected":false},"author":1,"featured_media":44762,"comment_status":"open","ping_status":"open","sticky":false,"template":"","format":"standard","meta":{"footnotes":""},"categories":[52],"tags":[],"class_list":["post-44760","post","type-post","status-publish","format-standard","has-post-thumbnail","hentry","category-cultura"],"jetpack_featured_media_url":"https:\/\/radiorevelacionfm.cl\/wp-content\/uploads\/2024\/08\/museo-huichas-2-1.jpg","_links":{"self":[{"href":"https:\/\/radiorevelacionfm.cl\/index.php?rest_route=\/wp\/v2\/posts\/44760","targetHints":{"allow":["GET"]}}],"collection":[{"href":"https:\/\/radiorevelacionfm.cl\/index.php?rest_route=\/wp\/v2\/posts"}],"about":[{"href":"https:\/\/radiorevelacionfm.cl\/index.php?rest_route=\/wp\/v2\/types\/post"}],"author":[{"embeddable":true,"href":"https:\/\/radiorevelacionfm.cl\/index.php?rest_route=\/wp\/v2\/users\/1"}],"replies":[{"embeddable":true,"href":"https:\/\/radiorevelacionfm.cl\/index.php?rest_route=%2Fwp%2Fv2%2Fcomments&post=44760"}],"version-history":[{"count":1,"href":"https:\/\/radiorevelacionfm.cl\/index.php?rest_route=\/wp\/v2\/posts\/44760\/revisions"}],"predecessor-version":[{"id":44763,"href":"https:\/\/radiorevelacionfm.cl\/index.php?rest_route=\/wp\/v2\/posts\/44760\/revisions\/44763"}],"wp:featuredmedia":[{"embeddable":true,"href":"https:\/\/radiorevelacionfm.cl\/index.php?rest_route=\/wp\/v2\/media\/44762"}],"wp:attachment":[{"href":"https:\/\/radiorevelacionfm.cl\/index.php?rest_route=%2Fwp%2Fv2%2Fmedia&parent=44760"}],"wp:term":[{"taxonomy":"category","embeddable":true,"href":"https:\/\/radiorevelacionfm.cl\/index.php?rest_route=%2Fwp%2Fv2%2Fcategories&post=44760"},{"taxonomy":"post_tag","embeddable":true,"href":"https:\/\/radiorevelacionfm.cl\/index.php?rest_route=%2Fwp%2Fv2%2Ftags&post=44760"}],"curies":[{"name":"wp","href":"https:\/\/api.w.org\/{rel}","templated":true}]}}