{"id":4475,"date":"2021-05-24T22:34:40","date_gmt":"2021-05-25T01:34:40","guid":{"rendered":"https:\/\/radiorevelacionfm.cl\/?p=4475"},"modified":"2021-05-24T22:34:40","modified_gmt":"2021-05-25T01:34:40","slug":"pase-de-movilidad-conoce-los-requisitos-beneficios-y-como-se-obtiene-el-pase","status":"publish","type":"post","link":"https:\/\/radiorevelacionfm.cl\/?p=4475","title":{"rendered":"Pase de Movilidad: Conoce los requisitos, beneficios y c\u00f3mo se obtiene el Pase"},"content":{"rendered":"<div class=\"flex_column av_one_full  flex_column_div av-zero-column-padding first  avia-builder-el-0  el_before_av_one_full  avia-builder-el-first  \" style='border-radius:0px; '><div  class='avia-image-container  av-styling-    avia-builder-el-1  avia-builder-el-no-sibling  avia-align-center '  itemprop=\"image\" itemscope=\"itemscope\" itemtype=\"https:\/\/schema.org\/ImageObject\"  ><div class='avia-image-container-inner'><div class='avia-image-overlay-wrap'><img decoding=\"async\" class='wp-image-4476 avia-img-lazy-loading-not-4476 avia_image' src=\"https:\/\/radiorevelacionfm.cl\/wp-content\/uploads\/2021\/05\/Pase-de-Movilidad-1.jpeg\" alt='' title='Pase-de-Movilidad (1)' height=\"600\" width=\"800\"  itemprop=\"thumbnailUrl\" srcset=\"https:\/\/radiorevelacionfm.cl\/wp-content\/uploads\/2021\/05\/Pase-de-Movilidad-1.jpeg 800w, https:\/\/radiorevelacionfm.cl\/wp-content\/uploads\/2021\/05\/Pase-de-Movilidad-1-300x225.jpeg 300w, https:\/\/radiorevelacionfm.cl\/wp-content\/uploads\/2021\/05\/Pase-de-Movilidad-1-768x576.jpeg 768w, https:\/\/radiorevelacionfm.cl\/wp-content\/uploads\/2021\/05\/Pase-de-Movilidad-1-705x529.jpeg 705w, https:\/\/radiorevelacionfm.cl\/wp-content\/uploads\/2021\/05\/Pase-de-Movilidad-1-600x450.jpeg 600w\" sizes=\"(max-width: 800px) 100vw, 800px\" \/><\/div><\/div><\/div><\/div><div class=\"flex_column av_one_full  flex_column_div av-zero-column-padding first  avia-builder-el-2  el_after_av_one_full  el_before_av_one_full  column-top-margin\" style='border-radius:0px; '><section class=\"av_textblock_section \"  itemscope=\"itemscope\" itemtype=\"https:\/\/schema.org\/BlogPosting\" itemprop=\"blogPost\" ><div class='avia_textblock  '   itemprop=\"text\" ><p style=\"text-align: center;\"><strong><span style=\"font-size: 18pt;\">Pase de Movilidad: Conoce los requisitos, beneficios y c\u00f3mo se obtiene el Pase<\/span><\/strong><\/p>\n<div id=\"gtx-trans\" style=\"position: absolute; left: -50px; top: 4.31534px;\">\n<div class=\"gtx-trans-icon\"><\/div>\n<\/div>\n<\/div><\/section><\/div><div class=\"flex_column av_one_full  flex_column_div av-zero-column-padding first  avia-builder-el-4  el_after_av_one_full  el_before_av_hr  column-top-margin\" style='border-radius:0px; '><section class=\"av_textblock_section \"  itemscope=\"itemscope\" itemtype=\"https:\/\/schema.org\/BlogPosting\" itemprop=\"blogPost\" ><div class='avia_textblock  '   itemprop=\"text\" ><p style=\"font-weight: 400; text-align: justify;\"><strong>\u00bfQu\u00e9 es?<\/strong><\/p>\n<p style=\"font-weight: 400; text-align: justify;\">Certificado din\u00e1mico entregado por el Ministerio de Salud que acredita que el portador ha completado su proceso de vacunaci\u00f3n contra el Coronavirus y que adem\u00e1s est\u00e9 libre de cualquier per\u00edodo de aislamiento obligatorio.<\/p>\n<p style=\"text-align: justify;\"><strong>\u00bfQu\u00e9\u00a0permite?<\/strong>\u00a0Este\u00a0Pase\u00a0de\u00a0Movilidad\u00a0permitir\u00e1:<\/p>\n<p style=\"font-weight: 400; text-align: justify;\">&#8211; Desplazarse libremente en una comuna en Cuarentena o Transici\u00f3n (fines de semana y festivos), respetando todas las regulaciones y restricciones del Plan Paso a Paso.<\/p>\n<p style=\"font-weight: 400; text-align: justify;\">&#8211; Realizar viajes interregionales entre comunas que est\u00e9n al menos en Paso 2 (Transici\u00f3n), respetando las restricciones de actividades asociadas al lugar en que se encuentra.<\/p>\n<p style=\"text-align: justify;\"><strong>\u00bfCu\u00e1ndo\u00a0entrar\u00e1\u00a0en\u00a0vigencia<\/strong>?\u00a0Desde\u00a0el\u00a0mi\u00e9rcoles\u00a026\u00a0de\u00a0mayo\u00a0de\u00a02021.<\/p>\n<p style=\"text-align: justify;\"><strong>\u00bfC\u00f3mo obtenerlo? <\/strong>A trav\u00e9s de un c\u00f3digo QR que se encuentra en un comprobante de vacunaci\u00f3n. Este documento podr\u00e1 ser presentado de forma digital o f\u00edsica y obtenerse en el sitio <u>mevacuno.gob.c<\/u>l (mediante correo electr\u00f3nico o con clave \u00fanica) o bien, pedir una copia impresa en consultorios o puntos de vacunaci\u00f3n.<\/p>\n<p style=\"font-weight: 400; text-align: justify;\">Los mayores de 70 a\u00f1os podr\u00e1n usar como alternativa a este comprobante su \u201cTarjeta de vacunaci\u00f3n\u201d junto a su documento de identidad.<\/p>\n<p style=\"font-weight: 400; text-align: justify;\">Importante: el c\u00f3digo QR es \u00fanico y personal y al ser escaneado informar\u00e1 si en ese momento el Pase de Movilidad est\u00e1 habilitado o no habilitado.<\/p>\n<p style=\"text-align: justify;\"><strong>\u00bfQui\u00e9nes\u00a0podr\u00e1n\u00a0acceder\u00a0a\u00a0este\u00a0Pase\u00a0de\u00a0Movilidad?<\/strong> Mayores de 18 a\u00f1os que tengan cumplidos 14 d\u00edas desde la inoculaci\u00f3n de la segunda dosis de las vacunas Pfizer \u2013 Biontech, Sinovac y AstraZeneca; y 14 d\u00edas desde la inoculaci\u00f3n de la \u00fanica dosis de la vacuna CanSino. Los menores de 18 a\u00f1os podr\u00e1n acceder a las libertades entregadas en el Pase de Movilidad siempre que est\u00e9n acompa\u00f1ados por su madre, padre o tutor.<\/p>\n<p style=\"text-align: justify;\"><strong>El\u00a0Pase\u00a0de\u00a0Movilidad\u00a0NO\u00a0modificar\u00e1:<\/strong><\/p>\n<p style=\"font-weight: 400; text-align: justify;\">&#8211;\u00a0\u00a0Aforos para reuniones sociales y la prohibici\u00f3n de participar en ellas en Cuarentena y Transici\u00f3n (fines de semana y festivos).<\/p>\n<p style=\"font-weight: 400; text-align: justify;\">&#8211;\u00a0\u00a0Cumplimiento\u00a0del\u00a0toque\u00a0de\u00a0queda.<\/p>\n<p style=\"font-weight: 400; text-align: justify;\">&#8211;\u00a0\u00a0Aforos\u00a0y\u00a0restricciones\u00a0de\u00a0operaci\u00f3n\u00a0y\u00a0actividades\u00a0restringidas\u00a0del\u00a0plan\u00a0Paso\u00a0a\u00a0Paso.<\/p>\n<p style=\"font-weight: 400; text-align: justify;\">&#8211;\u00a0\u00a0Prohibici\u00f3n\u00a0del\u00a0trabajo\u00a0presencial\u00a0para\u00a0los\u00a0trabajadores\u00a0que\u00a0no\u00a0tengan\u00a0permiso\u00a0para\u00a0ello.<\/p>\n<p style=\"text-align: justify;\"><strong>Podr\u00e1n\u00a0pedir\u00a0la\u00a0lectura\u00a0del\u00a0Pase\u00a0de\u00a0Movilidad:<\/strong> La autoridad sanitaria o fiscalizadora al controlar la movilidad en una comuna en Cuarentena; personal que controla el acceso y porte de permisos de desplazamiento en lugares que pueden funcionar en Cuarentena y empresas operadoras de transporte; autoridad sanitaria o fiscalizadora en controles de aduanas o cordones sanitarios.<\/p>\n<p style=\"text-align: justify;\"><strong>Importante:<\/strong>\u00a0Se deber\u00e1n mantener las medidas individuales de autocuidado: uso de mascarilla, distanciamiento f\u00edsico, lavado de manos y ventilaci\u00f3n de espacios.<\/p>\n<\/div><\/section><\/div><div  style='height:50px' class='hr hr-invisible   avia-builder-el-6  el_after_av_one_full  el_before_av_social_share '><span class='hr-inner ' ><span class='hr-inner-style'><\/span><\/span><\/div><\/p>\n<div  class='av-social-sharing-box  avia-builder-el-7  el_after_av_hr  el_before_av_hr  '><div class='av-share-box'><h5 class='av-share-link-description av-no-toc '>Compartir esta noticia<\/h5><ul class='av-share-box-list noLightbox'><li class='av-share-link av-social-link-facebook' ><a target=\"_blank\" aria-label=\"Compartir en Facebook\" href='https:\/\/www.facebook.com\/sharer.php?u=https:\/\/radiorevelacionfm.cl\/?p=4475&#038;t=Pase%20de%20Movilidad%3A%20Conoce%20los%20requisitos%2C%20beneficios%20y%20c%C3%B3mo%20se%20obtiene%20el%20Pase' aria-hidden='false' data-av_icon='\ue8f3' data-av_iconfont='entypo-fontello' title='' data-avia-related-tooltip='Compartir en Facebook' rel=\"noopener\"><span class='avia_hidden_link_text'>Compartir en Facebook<\/span><\/a><\/li><li class='av-share-link av-social-link-twitter' ><a target=\"_blank\" aria-label=\"Compartir en Twitter\" href='https:\/\/twitter.com\/share?text=Pase%20de%20Movilidad%3A%20Conoce%20los%20requisitos%2C%20beneficios%20y%20c%C3%B3mo%20se%20obtiene%20el%20Pase&#038;url=https:\/\/radiorevelacionfm.cl\/?p=4475' aria-hidden='false' data-av_icon='\ue8f1' data-av_iconfont='entypo-fontello' title='' data-avia-related-tooltip='Compartir en Twitter' rel=\"noopener\"><span class='avia_hidden_link_text'>Compartir en Twitter<\/span><\/a><\/li><li class='av-share-link av-social-link-whatsapp' ><a target=\"_blank\" aria-label=\"Compartir en Whatsapp\" href='https:\/\/api.whatsapp.com\/send?text=https:\/\/radiorevelacionfm.cl\/?p=4475' aria-hidden='false' data-av_icon='\uf232' data-av_iconfont='entypo-fontello' title='' data-avia-related-tooltip='Compartir en Whatsapp' rel=\"noopener\"><span class='avia_hidden_link_text'>Compartir en Whatsapp<\/span><\/a><\/li><li class='av-share-link av-social-link-linkedin' ><a target=\"_blank\" aria-label=\"Compartir en LinkedIn\" href='https:\/\/linkedin.com\/shareArticle?mini=true&#038;title=Pase%20de%20Movilidad%3A%20Conoce%20los%20requisitos%2C%20beneficios%20y%20c%C3%B3mo%20se%20obtiene%20el%20Pase&#038;url=https:\/\/radiorevelacionfm.cl\/?p=4475' aria-hidden='false' data-av_icon='\ue8fc' data-av_iconfont='entypo-fontello' title='' data-avia-related-tooltip='Compartir en LinkedIn' rel=\"noopener\"><span class='avia_hidden_link_text'>Compartir en LinkedIn<\/span><\/a><\/li><li class='av-share-link av-social-link-mail' ><a  aria-label=\"Compartir por correo\" href='mailto:?subject=Pase%20de%20Movilidad%3A%20Conoce%20los%20requisitos%2C%20beneficios%20y%20c%C3%B3mo%20se%20obtiene%20el%20Pase&#038;body=https:\/\/radiorevelacionfm.cl\/?p=4475' aria-hidden='false' data-av_icon='\ue805' data-av_iconfont='entypo-fontello' title='' data-avia-related-tooltip='Compartir por correo'><span class='avia_hidden_link_text'>Compartir por correo<\/span><\/a><\/li><\/ul><\/div><\/div>\n<div  style='height:50px' class='hr hr-invisible   avia-builder-el-8  el_after_av_social_share  el_before_av_comments_list '><span class='hr-inner ' ><span class='hr-inner-style'><\/span><\/span><\/div>\n<div  class='av-buildercomment  av-blog-meta-html-info-disabled av-blog-meta-tag-disabled  '><\/div>\n","protected":false},"excerpt":{"rendered":"","protected":false},"author":1,"featured_media":4476,"comment_status":"open","ping_status":"open","sticky":false,"template":"","format":"standard","meta":{"footnotes":""},"categories":[46],"tags":[],"class_list":["post-4475","post","type-post","status-publish","format-standard","has-post-thumbnail","hentry","category-salud"],"jetpack_featured_media_url":"https:\/\/radiorevelacionfm.cl\/wp-content\/uploads\/2021\/05\/Pase-de-Movilidad-1.jpeg","_links":{"self":[{"href":"https:\/\/radiorevelacionfm.cl\/index.php?rest_route=\/wp\/v2\/posts\/4475","targetHints":{"allow":["GET"]}}],"collection":[{"href":"https:\/\/radiorevelacionfm.cl\/index.php?rest_route=\/wp\/v2\/posts"}],"about":[{"href":"https:\/\/radiorevelacionfm.cl\/index.php?rest_route=\/wp\/v2\/types\/post"}],"author":[{"embeddable":true,"href":"https:\/\/radiorevelacionfm.cl\/index.php?rest_route=\/wp\/v2\/users\/1"}],"replies":[{"embeddable":true,"href":"https:\/\/radiorevelacionfm.cl\/index.php?rest_route=%2Fwp%2Fv2%2Fcomments&post=4475"}],"version-history":[{"count":1,"href":"https:\/\/radiorevelacionfm.cl\/index.php?rest_route=\/wp\/v2\/posts\/4475\/revisions"}],"predecessor-version":[{"id":4477,"href":"https:\/\/radiorevelacionfm.cl\/index.php?rest_route=\/wp\/v2\/posts\/4475\/revisions\/4477"}],"wp:featuredmedia":[{"embeddable":true,"href":"https:\/\/radiorevelacionfm.cl\/index.php?rest_route=\/wp\/v2\/media\/4476"}],"wp:attachment":[{"href":"https:\/\/radiorevelacionfm.cl\/index.php?rest_route=%2Fwp%2Fv2%2Fmedia&parent=4475"}],"wp:term":[{"taxonomy":"category","embeddable":true,"href":"https:\/\/radiorevelacionfm.cl\/index.php?rest_route=%2Fwp%2Fv2%2Fcategories&post=4475"},{"taxonomy":"post_tag","embeddable":true,"href":"https:\/\/radiorevelacionfm.cl\/index.php?rest_route=%2Fwp%2Fv2%2Ftags&post=4475"}],"curies":[{"name":"wp","href":"https:\/\/api.w.org\/{rel}","templated":true}]}}