{"id":44740,"date":"2024-08-03T21:50:09","date_gmt":"2024-08-04T00:50:09","guid":{"rendered":"https:\/\/radiorevelacionfm.cl\/?p=44740"},"modified":"2024-08-03T21:55:53","modified_gmt":"2024-08-04T00:55:53","slug":"mas-de-70-mil-estudiantes-seran-encuestados-sobre-factores-asociados-al-consumo-de-alcohol-y-otras-drogas","status":"publish","type":"post","link":"https:\/\/radiorevelacionfm.cl\/?p=44740","title":{"rendered":"M\u00e1s de 70 mil estudiantes ser\u00e1n encuestados sobre factores asociados al consumo de alcohol y otras drogas"},"content":{"rendered":"<div class=\"flex_column av_one_full  flex_column_div av-zero-column-padding first  avia-builder-el-0  el_before_av_one_full  avia-builder-el-first  \" style='border-radius:0px; '><div  class='avia-image-container  av-styling-    avia-builder-el-1  avia-builder-el-no-sibling  avia-align-center '  itemprop=\"image\" itemscope=\"itemscope\" itemtype=\"https:\/\/schema.org\/ImageObject\"  ><div class='avia-image-container-inner'><div class='avia-image-overlay-wrap'><img decoding=\"async\" class='wp-image-44793 avia-img-lazy-loading-not-44793 avia_image' src=\"https:\/\/radiorevelacionfm.cl\/wp-content\/uploads\/2024\/08\/Foto03-1-1.jpg\" alt='' title='Foto03 (1) (1)' height=\"600\" width=\"900\"  itemprop=\"thumbnailUrl\" srcset=\"https:\/\/radiorevelacionfm.cl\/wp-content\/uploads\/2024\/08\/Foto03-1-1.jpg 900w, https:\/\/radiorevelacionfm.cl\/wp-content\/uploads\/2024\/08\/Foto03-1-1-300x200.jpg 300w, https:\/\/radiorevelacionfm.cl\/wp-content\/uploads\/2024\/08\/Foto03-1-1-768x512.jpg 768w, https:\/\/radiorevelacionfm.cl\/wp-content\/uploads\/2024\/08\/Foto03-1-1-705x470.jpg 705w, https:\/\/radiorevelacionfm.cl\/wp-content\/uploads\/2024\/08\/Foto03-1-1-450x300.jpg 450w, https:\/\/radiorevelacionfm.cl\/wp-content\/uploads\/2024\/08\/Foto03-1-1-600x400.jpg 600w\" sizes=\"(max-width: 900px) 100vw, 900px\" \/><\/div><\/div><\/div><\/div><div class=\"flex_column av_one_full  flex_column_div av-zero-column-padding first  avia-builder-el-2  el_after_av_one_full  el_before_av_one_full  column-top-margin\" style='border-radius:0px; '><section class=\"av_textblock_section \"  itemscope=\"itemscope\" itemtype=\"https:\/\/schema.org\/BlogPosting\" itemprop=\"blogPost\" ><div class='avia_textblock  '   itemprop=\"text\" ><p style=\"text-align: center;\"><strong><span style=\"font-size: 18pt;\">M\u00e1s de 70 mil estudiantes ser\u00e1n encuestados sobre factores asociados al consumo de alcohol y otras drogas<\/span><\/strong><\/p>\n<div id=\"gtx-trans\" style=\"position: absolute; left: -50px; top: 4.31534px;\">\n<div class=\"gtx-trans-icon\"><\/div>\n<\/div>\n<\/div><\/section><\/div><\/p>\n<div class=\"flex_column av_one_full  flex_column_div av-zero-column-padding first  avia-builder-el-4  el_after_av_one_full  el_before_av_hr  column-top-margin\" style='border-radius:0px; '><section class=\"av_textblock_section \"  itemscope=\"itemscope\" itemtype=\"https:\/\/schema.org\/BlogPosting\" itemprop=\"blogPost\" ><div class='avia_textblock  '   itemprop=\"text\" ><p style=\"text-align: justify;\">M\u00e1s de 70.000 estudiantes de 2\u00b0 medio de 3.000 establecimientos educacionales del pa\u00eds participar\u00e1n en la Encuesta de Juventud y Bienestar 2024, que mide situaciones de riesgo y de protecci\u00f3n asociados al consumo de alcohol y otras drogas en la poblaci\u00f3n adolescente.<\/p>\n<p style=\"text-align: justify;\">La puesta en marcha de la medici\u00f3n a nivel nacional fue encabezada por la ministra del Interior y Seguridad P\u00fablica, Carolina Toh\u00e1, y el titular de Educaci\u00f3n, Nicol\u00e1s Cataldo, en el Liceo Santiago Bueras y Avaria de Maip\u00fa, oportunidad en la que dialogaron con un grupo de estudiantes que participaci\u00f3n de la encuesta.<\/p>\n<p style=\"text-align: justify;\">Acompa\u00f1ados por la directora de SENDA, Natalia Riffo, y el alcalde de Maip\u00fa, Tom\u00e1s Vodanovic, las autoridades resaltaron que este instrumento permite generar diagn\u00f3sticos precisos y desarrollar planes de acci\u00f3n espec\u00edficos tanto para las comunas como para los establecimientos educacionales participantes.<\/p>\n<p style=\"text-align: justify;\">La Encuesta de Juventud y Bienestar identifica factores protectores y de riesgo asociados al consumo de alcohol y otras drogas, como la influencia de grupos de pares, la ansiedad, y la salud f\u00edsica y mental, estructurando sus preguntas en torno a dimensiones fundamentales como la familia, la escuela, los grupos de pares y el uso del tiempo libre.<\/p>\n<p style=\"text-align: justify;\">\u201cEste instrumento es muy importante para tener buenas pol\u00edticas p\u00fablicas. Si las pol\u00edticas p\u00fablicas no conocen la problem\u00e1tica y no tienen informaci\u00f3n certera de la realidad no van a tener resultados, especialmente en esta tem\u00e1tica tan sensible como la juventud y las drogas, donde es muy importante tener un diagn\u00f3stico muy preciso\u201d, explic\u00f3 la Ministra del Interior y Seguridad P\u00fablica, Carolina Toh\u00e1.<\/p>\n<p style=\"text-align: justify;\">La secretaria de Estado hizo un llamado a las comunidades escolares a responder esta encuesta y colaborar en este esfuerzo de Estado. \u201cEl mensaje hoy d\u00eda es que tengan confianza en que la encuesta va a ser reservada, no se van a conocer sus respuestas. Esta encuesta no busca mirar el caso de cada joven, sino tener un panorama del pa\u00eds y con eso tomar decisiones. Y en segundo lugar, darles la seguridad que -en base a instrumentos de este tipo- hemos logrado desarrollar pol\u00edticas que han tenido resultados en a\u00f1os anteriores\u201d, se\u00f1al\u00f3 la titular de Interior.<\/p>\n<p style=\"text-align: justify;\">En tanto, el ministro Cataldo resalt\u00f3 que \u201cel a\u00f1o 2022 la Encuesta de Juventud y Bienestar lleg\u00f3 a un poco m\u00e1s de 980 establecimientos educativos del pa\u00eds, y es una tremenda noticia que a partir de este a\u00f1o, se ampl\u00eda la cobertura de aplicaci\u00f3n de esta encuesta\u201d.<\/p>\n<p style=\"text-align: justify;\">\u201cDesde el Ministerio de Educaci\u00f3n estamos profundamente comprometidos con el desaf\u00edo de este Plan de Acci\u00f3n 2024-2030 que lidera SENDA, porque entendemos que el problema del consumo de drogas debe abordarse a trav\u00e9s de pol\u00edticas integrales y multisectoriales\u201d, afirm\u00f3 resalt\u00f3 el titular de Educaci\u00f3n.<\/p>\n<p style=\"text-align: justify;\">La Encuesta de Juventud y Bienestar, aplicada desde 2019, es parte de los esfuerzos de SENDA para abordar y prevenir el consumo de sustancias entre j\u00f3venes. \u201cEsta herramienta nos permite comprender las necesidades y desaf\u00edos que enfrenta la juventud. Los resultados nos permitir\u00e1n dise\u00f1ar pol\u00edticas y programas m\u00e1s efectivos para mejorar su bienestar y prevenir el consumo de sustancias\u201d, destac\u00f3 la directora de SENDA.<\/p>\n<p style=\"text-align: justify;\">La encuesta pregunta sobre caracter\u00edsticas de las y los adolescentes, v\u00ednculo familiar y con amistades, involucramiento parental, salud f\u00edsica y mental, violencia, apego a la norma, percepci\u00f3n del entorno y uso de sustancias. Las respuestas son 100% an\u00f3nimas y confidenciales, por lo que ning\u00fan dato personal ser\u00e1 asociado al estudiante.<\/p>\n<p style=\"text-align: justify;\">M\u00e1s informaci\u00f3n est\u00e1 disponible en <a href=\"https:\/\/www.senda.gob.cl\/encuesta-juventud-y-bienestar-2024\/\">https:\/\/www.senda.gob.cl\/encuesta-juventud-y-bienestar-2024\/<\/a><\/p>\n<p style=\"text-align: justify;\"><strong>\u00a0<\/strong><\/p>\n<\/div><\/section><\/div>\n<div  style='height:50px' class='hr hr-invisible   avia-builder-el-6  el_after_av_one_full  el_before_av_social_share '><span class='hr-inner ' ><span class='hr-inner-style'><\/span><\/span><\/div>\n<div  class='av-social-sharing-box  avia-builder-el-7  el_after_av_hr  el_before_av_hr  '><div class='av-share-box'><h5 class='av-share-link-description av-no-toc '>Compartir esta noticia<\/h5><ul class='av-share-box-list noLightbox'><li class='av-share-link av-social-link-facebook' ><a target=\"_blank\" aria-label=\"Compartir en Facebook\" href='https:\/\/www.facebook.com\/sharer.php?u=https:\/\/radiorevelacionfm.cl\/?p=44740&#038;t=M%C3%A1s%20de%2070%20mil%20estudiantes%20ser%C3%A1n%20encuestados%20sobre%20factores%20asociados%20al%20consumo%20de%20alcohol%20y%20otras%20drogas' aria-hidden='false' data-av_icon='\ue8f3' data-av_iconfont='entypo-fontello' title='' data-avia-related-tooltip='Compartir en Facebook' rel=\"noopener\"><span class='avia_hidden_link_text'>Compartir en Facebook<\/span><\/a><\/li><li class='av-share-link av-social-link-twitter' ><a target=\"_blank\" aria-label=\"Compartir en Twitter\" href='https:\/\/twitter.com\/share?text=M%C3%A1s%20de%2070%20mil%20estudiantes%20ser%C3%A1n%20encuestados%20sobre%20factores%20asociados%20al%20consumo%20de%20alcohol%20y%20otras%20drogas&#038;url=https:\/\/radiorevelacionfm.cl\/?p=44740' aria-hidden='false' data-av_icon='\ue8f1' data-av_iconfont='entypo-fontello' title='' data-avia-related-tooltip='Compartir en Twitter' rel=\"noopener\"><span class='avia_hidden_link_text'>Compartir en Twitter<\/span><\/a><\/li><li class='av-share-link av-social-link-whatsapp' ><a target=\"_blank\" aria-label=\"Compartir en Whatsapp\" href='https:\/\/api.whatsapp.com\/send?text=https:\/\/radiorevelacionfm.cl\/?p=44740' aria-hidden='false' data-av_icon='\uf232' data-av_iconfont='entypo-fontello' title='' data-avia-related-tooltip='Compartir en Whatsapp' rel=\"noopener\"><span class='avia_hidden_link_text'>Compartir en Whatsapp<\/span><\/a><\/li><li class='av-share-link av-social-link-linkedin' ><a target=\"_blank\" aria-label=\"Compartir en LinkedIn\" href='https:\/\/linkedin.com\/shareArticle?mini=true&#038;title=M%C3%A1s%20de%2070%20mil%20estudiantes%20ser%C3%A1n%20encuestados%20sobre%20factores%20asociados%20al%20consumo%20de%20alcohol%20y%20otras%20drogas&#038;url=https:\/\/radiorevelacionfm.cl\/?p=44740' aria-hidden='false' data-av_icon='\ue8fc' data-av_iconfont='entypo-fontello' title='' data-avia-related-tooltip='Compartir en LinkedIn' rel=\"noopener\"><span class='avia_hidden_link_text'>Compartir en LinkedIn<\/span><\/a><\/li><li class='av-share-link av-social-link-mail' ><a  aria-label=\"Compartir por correo\" href='mailto:?subject=M%C3%A1s%20de%2070%20mil%20estudiantes%20ser%C3%A1n%20encuestados%20sobre%20factores%20asociados%20al%20consumo%20de%20alcohol%20y%20otras%20drogas&#038;body=https:\/\/radiorevelacionfm.cl\/?p=44740' aria-hidden='false' data-av_icon='\ue805' data-av_iconfont='entypo-fontello' title='' data-avia-related-tooltip='Compartir por correo'><span class='avia_hidden_link_text'>Compartir por correo<\/span><\/a><\/li><\/ul><\/div><\/div>\n<div  style='height:50px' class='hr hr-invisible   avia-builder-el-8  el_after_av_social_share  el_before_av_comments_list '><span class='hr-inner ' ><span class='hr-inner-style'><\/span><\/span><\/div>\n<div  class='av-buildercomment  av-blog-meta-html-info-disabled av-blog-meta-tag-disabled  '><\/div>\n","protected":false},"excerpt":{"rendered":"","protected":false},"author":1,"featured_media":44793,"comment_status":"open","ping_status":"open","sticky":false,"template":"","format":"standard","meta":{"footnotes":""},"categories":[61],"tags":[],"class_list":["post-44740","post","type-post","status-publish","format-standard","has-post-thumbnail","hentry","category-nacional"],"jetpack_featured_media_url":"https:\/\/radiorevelacionfm.cl\/wp-content\/uploads\/2024\/08\/Foto03-1-1.jpg","_links":{"self":[{"href":"https:\/\/radiorevelacionfm.cl\/index.php?rest_route=\/wp\/v2\/posts\/44740","targetHints":{"allow":["GET"]}}],"collection":[{"href":"https:\/\/radiorevelacionfm.cl\/index.php?rest_route=\/wp\/v2\/posts"}],"about":[{"href":"https:\/\/radiorevelacionfm.cl\/index.php?rest_route=\/wp\/v2\/types\/post"}],"author":[{"embeddable":true,"href":"https:\/\/radiorevelacionfm.cl\/index.php?rest_route=\/wp\/v2\/users\/1"}],"replies":[{"embeddable":true,"href":"https:\/\/radiorevelacionfm.cl\/index.php?rest_route=%2Fwp%2Fv2%2Fcomments&post=44740"}],"version-history":[{"count":2,"href":"https:\/\/radiorevelacionfm.cl\/index.php?rest_route=\/wp\/v2\/posts\/44740\/revisions"}],"predecessor-version":[{"id":44794,"href":"https:\/\/radiorevelacionfm.cl\/index.php?rest_route=\/wp\/v2\/posts\/44740\/revisions\/44794"}],"wp:featuredmedia":[{"embeddable":true,"href":"https:\/\/radiorevelacionfm.cl\/index.php?rest_route=\/wp\/v2\/media\/44793"}],"wp:attachment":[{"href":"https:\/\/radiorevelacionfm.cl\/index.php?rest_route=%2Fwp%2Fv2%2Fmedia&parent=44740"}],"wp:term":[{"taxonomy":"category","embeddable":true,"href":"https:\/\/radiorevelacionfm.cl\/index.php?rest_route=%2Fwp%2Fv2%2Fcategories&post=44740"},{"taxonomy":"post_tag","embeddable":true,"href":"https:\/\/radiorevelacionfm.cl\/index.php?rest_route=%2Fwp%2Fv2%2Ftags&post=44740"}],"curies":[{"name":"wp","href":"https:\/\/api.w.org\/{rel}","templated":true}]}}