{"id":44737,"date":"2024-08-01T21:07:31","date_gmt":"2024-08-02T00:07:31","guid":{"rendered":"https:\/\/radiorevelacionfm.cl\/?p=44737"},"modified":"2024-08-01T21:07:31","modified_gmt":"2024-08-02T00:07:31","slug":"senda-inicia-diagnostico-organizacional-con-empresa-rimalco-para-fortalecer-culturas-preventivas","status":"publish","type":"post","link":"https:\/\/radiorevelacionfm.cl\/?p=44737","title":{"rendered":"Senda inicia diagn\u00f3stico organizacional con empresa Rimalco para fortalecer culturas preventivas"},"content":{"rendered":"<div class=\"flex_column av_one_full  flex_column_div av-zero-column-padding first  avia-builder-el-0  el_before_av_one_full  avia-builder-el-first  \" style='border-radius:0px; '><div  class='avia-image-container  av-styling-    avia-builder-el-1  avia-builder-el-no-sibling  avia-align-center '  itemprop=\"image\" itemscope=\"itemscope\" itemtype=\"https:\/\/schema.org\/ImageObject\"  ><div class='avia-image-container-inner'><div class='avia-image-overlay-wrap'><img decoding=\"async\" class='wp-image-44738 avia-img-lazy-loading-not-44738 avia_image' src=\"https:\/\/radiorevelacionfm.cl\/wp-content\/uploads\/2024\/08\/TCV2-1-1.jpeg\" alt='' title='TCV2 (1) (1)' height=\"600\" width=\"900\"  itemprop=\"thumbnailUrl\" srcset=\"https:\/\/radiorevelacionfm.cl\/wp-content\/uploads\/2024\/08\/TCV2-1-1.jpeg 900w, https:\/\/radiorevelacionfm.cl\/wp-content\/uploads\/2024\/08\/TCV2-1-1-300x200.jpeg 300w, https:\/\/radiorevelacionfm.cl\/wp-content\/uploads\/2024\/08\/TCV2-1-1-768x512.jpeg 768w, https:\/\/radiorevelacionfm.cl\/wp-content\/uploads\/2024\/08\/TCV2-1-1-705x470.jpeg 705w, https:\/\/radiorevelacionfm.cl\/wp-content\/uploads\/2024\/08\/TCV2-1-1-450x300.jpeg 450w, https:\/\/radiorevelacionfm.cl\/wp-content\/uploads\/2024\/08\/TCV2-1-1-600x400.jpeg 600w\" sizes=\"(max-width: 900px) 100vw, 900px\" \/><\/div><\/div><\/div><\/div><div class=\"flex_column av_one_full  flex_column_div av-zero-column-padding first  avia-builder-el-2  el_after_av_one_full  el_before_av_one_full  column-top-margin\" style='border-radius:0px; '><section class=\"av_textblock_section \"  itemscope=\"itemscope\" itemtype=\"https:\/\/schema.org\/BlogPosting\" itemprop=\"blogPost\" ><div class='avia_textblock  '   itemprop=\"text\" ><p style=\"text-align: center;\"><strong><span style=\"font-size: 18pt;\">Senda inicia diagn\u00f3stico organizacional con empresa Rimalco para fortalecer culturas preventivas<\/span><\/strong><\/p>\n<div id=\"gtx-trans\" style=\"position: absolute; left: -50px; top: 4.31534px;\">\n<div class=\"gtx-trans-icon\"><\/div>\n<\/div>\n<\/div><\/section><\/div><div class=\"flex_column av_one_full  flex_column_div av-zero-column-padding first  avia-builder-el-4  el_after_av_one_full  el_before_av_hr  column-top-margin\" style='border-radius:0px; '><section class=\"av_textblock_section \"  itemscope=\"itemscope\" itemtype=\"https:\/\/schema.org\/BlogPosting\" itemprop=\"blogPost\" ><div class='avia_textblock  '   itemprop=\"text\" ><p style=\"text-align: justify;\"><em>Esta colaboraci\u00f3n refuerza el compromiso de la empresa y SENDA en fomentar la participaci\u00f3n activa de la comunidad en la prevenci\u00f3n del consumo de sustancias, mejorando el bienestar integral de sus trabajadores.<\/em><\/p>\n<p style=\"text-align: justify;\">En el marco del Programa Trabajar con Calidad de Vida que desarrolla el equipo SENDA Previene de la Ilustre Municipalidad de Coyhaique y el Servicio Nacional para la Prevenci\u00f3n y Rehabilitaci\u00f3n del Consumo de Drogas y Alcohol (SENDA), se implement\u00f3 un diagn\u00f3stico organizacional a trabajadores y trabajadoras de la empresa Rimalco.<\/p>\n<p style=\"text-align: justify;\">Esta iniciativa proporciona a las organizaciones laborales estrategias para fortalecer una cultura de prevenci\u00f3n del consumo de alcohol y otras drogas, promoviendo un ambiente de trabajo saludable y protector que aborda el bienestar integral de los trabajadores, mejorando su calidad de vida y el equilibrio entre el trabajo y la vida personal.<\/p>\n<p style=\"text-align: justify;\">Catalina G\u00f3mez, coordinadora de SENDA Previene en Coyhaique, destac\u00f3 la actividad que convoc\u00f3 a m\u00e1s de 30 trabajadores y trabajadoras de la empresa \u201cen esta primera jornada nos encontramos trabajando con la empresa Rimalco, con quienes realizamos el diagn\u00f3stico a todos los colaboradores para la construcci\u00f3n de la pol\u00edtica de prevenci\u00f3n de alcohol y drogas y un futuro Plan de Acci\u00f3n con el que vamos a trabajar durante el a\u00f1o 2024-2025\u201d.<\/p>\n<p style=\"text-align: justify;\">El diagn\u00f3stico tiene por objetivo realizar una autoevaluaci\u00f3n inicial para conocer los factores que puedan incidir en la calidad de vida laboral y en el uso de sustancias para determinar las necesidades de intervenci\u00f3n.<\/p>\n<p style=\"text-align: justify;\">Diego Hern\u00e1ndez, encargado de prevenci\u00f3n de riesgos de la empresa en la comuna de Coyhaique manifest\u00f3 la relevancia que tiene trabajar con SENDA, agregando que \u201ces una excelente instancia para poder determinar las posibles acciones que debemos tomar en nuestra poblaci\u00f3n de trabajadores que tenemos en las distintas \u00e1reas de distribuci\u00f3n del grupo SAESA para poder ayudar a nuestros trabajadores a tener una mejor calidad de vida en cuanto al consumo de alcohol y drogas en el ambiente laboral\u201d.<\/p>\n<p style=\"text-align: justify;\">El diagn\u00f3stico tiene como objetivo realizar una autoevaluaci\u00f3n inicial para identificar factores que puedan incidir en la calidad de vida laboral y el uso de sustancias, determinando as\u00ed las necesidades de intervenci\u00f3n.<\/p>\n<p style=\"text-align: justify;\">En esta misma l\u00ednea, la Directora Regional de SENDA, Mar\u00eda Victoria Contreras, reforz\u00f3 la implementaci\u00f3n de esta iniciativa, \u201cqueremos reconocer el compromiso y trabajo que estamos desarrollando con la empresa Rimalco, quienes en la comuna de Coyhaique se encuentran implementando el programa Trabajar con Calidad de Vida para poder fortalecer todas aquellas relaciones en los espacios laborales que nos van a permitir poder instalar culturas preventivas\u201d.<\/p>\n<p style=\"text-align: justify;\">Cabe destacar que, luego de esta autoevaluaci\u00f3n, se proceder\u00e1 al dise\u00f1o del Plan de Acci\u00f3n, el cual contemplar\u00e1 actividades de prevenci\u00f3n y promoci\u00f3n de la salud. Estas acciones tienen como objetivo fomentar la participaci\u00f3n activa de los miembros de la comunidad en la prevenci\u00f3n del consumo de sustancias.<\/p>\n<p style=\"text-align: justify;\">Cabe destacar que el programa Trabajar con Calidad de Vida se implementa en las comunas de Coyhaique y Ays\u00e9n.<\/p>\n<\/div><\/section><\/div><div  style='height:50px' class='hr hr-invisible   avia-builder-el-6  el_after_av_one_full  el_before_av_social_share '><span class='hr-inner ' ><span class='hr-inner-style'><\/span><\/span><\/div><\/p>\n<div  class='av-social-sharing-box  avia-builder-el-7  el_after_av_hr  el_before_av_hr  '><div class='av-share-box'><h5 class='av-share-link-description av-no-toc '>Compartir esta noticia<\/h5><ul class='av-share-box-list noLightbox'><li class='av-share-link av-social-link-facebook' ><a target=\"_blank\" aria-label=\"Compartir en Facebook\" href='https:\/\/www.facebook.com\/sharer.php?u=https:\/\/radiorevelacionfm.cl\/?p=44737&#038;t=Senda%20inicia%20diagn%C3%B3stico%20organizacional%20con%20empresa%20Rimalco%20para%20fortalecer%20culturas%20preventivas' aria-hidden='false' data-av_icon='\ue8f3' data-av_iconfont='entypo-fontello' title='' data-avia-related-tooltip='Compartir en Facebook' rel=\"noopener\"><span class='avia_hidden_link_text'>Compartir en Facebook<\/span><\/a><\/li><li class='av-share-link av-social-link-twitter' ><a target=\"_blank\" aria-label=\"Compartir en Twitter\" href='https:\/\/twitter.com\/share?text=Senda%20inicia%20diagn%C3%B3stico%20organizacional%20con%20empresa%20Rimalco%20para%20fortalecer%20culturas%20preventivas&#038;url=https:\/\/radiorevelacionfm.cl\/?p=44737' aria-hidden='false' data-av_icon='\ue8f1' data-av_iconfont='entypo-fontello' title='' data-avia-related-tooltip='Compartir en Twitter' rel=\"noopener\"><span class='avia_hidden_link_text'>Compartir en Twitter<\/span><\/a><\/li><li class='av-share-link av-social-link-whatsapp' ><a target=\"_blank\" aria-label=\"Compartir en Whatsapp\" href='https:\/\/api.whatsapp.com\/send?text=https:\/\/radiorevelacionfm.cl\/?p=44737' aria-hidden='false' data-av_icon='\uf232' data-av_iconfont='entypo-fontello' title='' data-avia-related-tooltip='Compartir en Whatsapp' rel=\"noopener\"><span class='avia_hidden_link_text'>Compartir en Whatsapp<\/span><\/a><\/li><li class='av-share-link av-social-link-linkedin' ><a target=\"_blank\" aria-label=\"Compartir en LinkedIn\" href='https:\/\/linkedin.com\/shareArticle?mini=true&#038;title=Senda%20inicia%20diagn%C3%B3stico%20organizacional%20con%20empresa%20Rimalco%20para%20fortalecer%20culturas%20preventivas&#038;url=https:\/\/radiorevelacionfm.cl\/?p=44737' aria-hidden='false' data-av_icon='\ue8fc' data-av_iconfont='entypo-fontello' title='' data-avia-related-tooltip='Compartir en LinkedIn' rel=\"noopener\"><span class='avia_hidden_link_text'>Compartir en LinkedIn<\/span><\/a><\/li><li class='av-share-link av-social-link-mail' ><a  aria-label=\"Compartir por correo\" href='mailto:?subject=Senda%20inicia%20diagn%C3%B3stico%20organizacional%20con%20empresa%20Rimalco%20para%20fortalecer%20culturas%20preventivas&#038;body=https:\/\/radiorevelacionfm.cl\/?p=44737' aria-hidden='false' data-av_icon='\ue805' data-av_iconfont='entypo-fontello' title='' data-avia-related-tooltip='Compartir por correo'><span class='avia_hidden_link_text'>Compartir por correo<\/span><\/a><\/li><\/ul><\/div><\/div>\n<div  style='height:50px' class='hr hr-invisible   avia-builder-el-8  el_after_av_social_share  el_before_av_comments_list '><span class='hr-inner ' ><span class='hr-inner-style'><\/span><\/span><\/div>\n<div  class='av-buildercomment  av-blog-meta-html-info-disabled av-blog-meta-tag-disabled  '><\/div>\n","protected":false},"excerpt":{"rendered":"","protected":false},"author":1,"featured_media":44738,"comment_status":"open","ping_status":"open","sticky":false,"template":"","format":"standard","meta":{"footnotes":""},"categories":[38],"tags":[],"class_list":["post-44737","post","type-post","status-publish","format-standard","has-post-thumbnail","hentry","category-regional"],"jetpack_featured_media_url":"https:\/\/radiorevelacionfm.cl\/wp-content\/uploads\/2024\/08\/TCV2-1-1.jpeg","_links":{"self":[{"href":"https:\/\/radiorevelacionfm.cl\/index.php?rest_route=\/wp\/v2\/posts\/44737","targetHints":{"allow":["GET"]}}],"collection":[{"href":"https:\/\/radiorevelacionfm.cl\/index.php?rest_route=\/wp\/v2\/posts"}],"about":[{"href":"https:\/\/radiorevelacionfm.cl\/index.php?rest_route=\/wp\/v2\/types\/post"}],"author":[{"embeddable":true,"href":"https:\/\/radiorevelacionfm.cl\/index.php?rest_route=\/wp\/v2\/users\/1"}],"replies":[{"embeddable":true,"href":"https:\/\/radiorevelacionfm.cl\/index.php?rest_route=%2Fwp%2Fv2%2Fcomments&post=44737"}],"version-history":[{"count":1,"href":"https:\/\/radiorevelacionfm.cl\/index.php?rest_route=\/wp\/v2\/posts\/44737\/revisions"}],"predecessor-version":[{"id":44739,"href":"https:\/\/radiorevelacionfm.cl\/index.php?rest_route=\/wp\/v2\/posts\/44737\/revisions\/44739"}],"wp:featuredmedia":[{"embeddable":true,"href":"https:\/\/radiorevelacionfm.cl\/index.php?rest_route=\/wp\/v2\/media\/44738"}],"wp:attachment":[{"href":"https:\/\/radiorevelacionfm.cl\/index.php?rest_route=%2Fwp%2Fv2%2Fmedia&parent=44737"}],"wp:term":[{"taxonomy":"category","embeddable":true,"href":"https:\/\/radiorevelacionfm.cl\/index.php?rest_route=%2Fwp%2Fv2%2Fcategories&post=44737"},{"taxonomy":"post_tag","embeddable":true,"href":"https:\/\/radiorevelacionfm.cl\/index.php?rest_route=%2Fwp%2Fv2%2Ftags&post=44737"}],"curies":[{"name":"wp","href":"https:\/\/api.w.org\/{rel}","templated":true}]}}