{"id":44711,"date":"2024-08-01T12:31:34","date_gmt":"2024-08-01T15:31:34","guid":{"rendered":"https:\/\/radiorevelacionfm.cl\/?p=44711"},"modified":"2024-08-01T12:31:34","modified_gmt":"2024-08-01T15:31:34","slug":"entrega-de-becas-de-excelencia-aquachile-municipalidad-de-guaitecas-un-homenaje-a-la-dedicacion-y-esfuerzo","status":"publish","type":"post","link":"https:\/\/radiorevelacionfm.cl\/?p=44711","title":{"rendered":"Entrega de becas de excelencia AquaChile-Municipalidad de Guaitecas: un homenaje a la dedicaci\u00f3n y esfuerzo"},"content":{"rendered":"<div class=\"flex_column av_one_full  flex_column_div av-zero-column-padding first  avia-builder-el-0  el_before_av_one_full  avia-builder-el-first  \" style='border-radius:0px; '><div  class='avia-image-container  av-styling-    avia-builder-el-1  avia-builder-el-no-sibling  avia-align-center '  itemprop=\"image\" itemscope=\"itemscope\" itemtype=\"https:\/\/schema.org\/ImageObject\"  ><div class='avia-image-container-inner'><div class='avia-image-overlay-wrap'><img decoding=\"async\" class='wp-image-44712 avia-img-lazy-loading-not-44712 avia_image' src=\"https:\/\/radiorevelacionfm.cl\/wp-content\/uploads\/2024\/08\/becas-aquachile-2-1_optimized.jpeg\" alt='' title='becas-aquachile-2-(1)_optimized' height=\"600\" width=\"934\"  itemprop=\"thumbnailUrl\" srcset=\"https:\/\/radiorevelacionfm.cl\/wp-content\/uploads\/2024\/08\/becas-aquachile-2-1_optimized.jpeg 934w, https:\/\/radiorevelacionfm.cl\/wp-content\/uploads\/2024\/08\/becas-aquachile-2-1_optimized-300x193.jpeg 300w, https:\/\/radiorevelacionfm.cl\/wp-content\/uploads\/2024\/08\/becas-aquachile-2-1_optimized-768x493.jpeg 768w, https:\/\/radiorevelacionfm.cl\/wp-content\/uploads\/2024\/08\/becas-aquachile-2-1_optimized-705x453.jpeg 705w, https:\/\/radiorevelacionfm.cl\/wp-content\/uploads\/2024\/08\/becas-aquachile-2-1_optimized-450x289.jpeg 450w, https:\/\/radiorevelacionfm.cl\/wp-content\/uploads\/2024\/08\/becas-aquachile-2-1_optimized-600x385.jpeg 600w\" sizes=\"(max-width: 934px) 100vw, 934px\" \/><\/div><\/div><\/div><\/div><div class=\"flex_column av_one_full  flex_column_div av-zero-column-padding first  avia-builder-el-2  el_after_av_one_full  el_before_av_one_full  column-top-margin\" style='border-radius:0px; '><section class=\"av_textblock_section \"  itemscope=\"itemscope\" itemtype=\"https:\/\/schema.org\/BlogPosting\" itemprop=\"blogPost\" ><div class='avia_textblock  '   itemprop=\"text\" ><p style=\"text-align: center;\"><strong><span style=\"font-size: 18pt;\">Entrega de becas de excelencia AquaChile-Municipalidad de Guaitecas: un homenaje a la dedicaci\u00f3n y esfuerzo<\/span><\/strong><\/p>\n<div id=\"gtx-trans\" style=\"position: absolute; left: -50px; top: 4.31534px;\">\n<div class=\"gtx-trans-icon\"><\/div>\n<\/div>\n<\/div><\/section><\/div><div class=\"flex_column av_one_full  flex_column_div av-zero-column-padding first  avia-builder-el-4  el_after_av_one_full  el_before_av_hr  column-top-margin\" style='border-radius:0px; '><section class=\"av_textblock_section \"  itemscope=\"itemscope\" itemtype=\"https:\/\/schema.org\/BlogPosting\" itemprop=\"blogPost\" ><div class='avia_textblock  '   itemprop=\"text\" ><p class=\"v1MsoNormal\" style=\"text-align: justify;\"><span lang=\"ES\">En un emotivo evento realizado en Melinka, se llev\u00f3 a cabo la cuarta versi\u00f3n de la ceremonia de entrega de Becas de Excelencia AquaChile-Municipalidad de Guaitecas 2024. Esta ceremonia tuvo como protagonistas a los estudiantes de educaci\u00f3n superior de la comuna de Guaitecas y sus familias, quienes fueron seleccionados por su destacado desempe\u00f1o acad\u00e9mico y su dedicaci\u00f3n al estudio.<\/span><\/p>\n<p class=\"v1MsoNormal\" style=\"text-align: justify;\"><span lang=\"ES\">Desde su inicio en 2021, se ha otorgado un total de 52 becas de este programa, consolid\u00e1ndose como una iniciativa de gran ayuda para el desarrollo acad\u00e9mico de los j\u00f3venes de Guaitecas. Este aporte, que consiste en una suma de dinero de libre disposici\u00f3n permite a los estudiantes cubrir diversas necesidades que facilitan su formaci\u00f3n acad\u00e9mica y personal.<\/span><\/p>\n<p class=\"v1MsoNormal\" style=\"text-align: justify;\"><span lang=\"ES\">La ceremonia cont\u00f3 con la presencia de autoridades locales, representantes de AquaChile, y las familias de los premiados, todos unidos para celebrar los logros de estos j\u00f3venes talentosos. Representantes de la municipalidad y de AquaChile se dirigieron a los asistentes, subrayando la importancia de la educaci\u00f3n como una herramienta fundamental para el desarrollo personal y comunitario. Se destac\u00f3 el compromiso de ambas instituciones para continuar apoyando a los j\u00f3venes de la comuna, fomentando as\u00ed una sociedad m\u00e1s equitativa y con mayores oportunidades para todos.<\/span><\/p>\n<p class=\"v1MsoNormal\" style=\"text-align: justify;\"><span lang=\"ES\">Durante el evento, cada uno de los estudiantes recibi\u00f3 un diploma de reconocimiento, simbolizando no solo su excelencia acad\u00e9mica, sino tambi\u00e9n su capacidad de superaci\u00f3n y esfuerzo constante. Los rostros emocionados de los estudiantes y sus familiares reflejaron el impacto positivo que estas becas tienen en sus vidas.<\/span><\/p>\n<p class=\"v1MsoNormal\" style=\"text-align: justify;\"><span lang=\"ES\">\u00abLa beca es un tremendo aporte para la familia, es s\u00faper importante que una empresa privada tenga tanta conciencia empresarial como para seguir aportando a la isla de diferentes formas. Nosotros como estudiantes que salimos de nuestro hogar necesitamos estos aportes para poder financiar nuestra educaci\u00f3n\u00bb, dijo Delfiria Chiguay, una de las estudiantes becadas.<\/span><\/p>\n<p class=\"v1MsoNormal\" style=\"text-align: justify;\"><span lang=\"ES\">Cecilia Quintallana, madre de una de las estudiantes becadas, afirm\u00f3: \u00abEstoy muy feliz que la empresa AquaChile sea quien este a\u00f1o nuevamente haya aportado para el bien de la comunidad porque atr\u00e1s de cada alumno y alumna becada hay una familia. En lo personal, quiero agradecer a la empresa acu\u00edcola ya que mi hija es una de las becadas, es su \u00faltimo a\u00f1o de la carrera de Psicolog\u00eda y ha sido de una gran ayuda\u00bb.<\/span><\/p>\n<p class=\"v1MsoNormal\" style=\"text-align: justify;\"><span lang=\"ES\">\u00abPara nosotros como municipalidad es s\u00faper importante participar en estas instancias donde se reconoce el esfuerzo de las familias, se reconoce el esfuerzo de los estudiantes y el esfuerzo mancomunado de quienes pertenecemos a este territorio tanto del mundo privado como el mundo p\u00fablico\u00bb, destac\u00f3 Sandra Maldonado, Administradora Municipal.<\/span><\/p>\n<p class=\"v1MsoNormal\" style=\"text-align: justify;\"><span lang=\"ES\">En tanto, Francisco Sandoval, gerente de comunidades AquaChile, coment\u00f3: \u00abA trav\u00e9s de este programa buscamos premiar y reconocer el esfuerzo de los j\u00f3venes de Melinka que con mucho sacrificio deben necesariamente salir de la isla y alejarse de sus familias para cursar sus estudios superiores. Nos enorgullece contribuir al bienestar de estas familias y al capital humano de la comuna de Guaitecas y de la regi\u00f3n de Ays\u00e9n.<\/span><\/p>\n<p class=\"v1MsoNormal\" style=\"text-align: justify;\">AquaChile es el primer actor en la industria nacional del salm\u00f3n, elabora productos de la m\u00e1s alta calidad, y lo hace de la mano de una producci\u00f3n responsable con el medio ambiente y cercana con las comunidades vecinas.<\/p>\n<\/div><\/section><\/div><div  style='height:50px' class='hr hr-invisible   avia-builder-el-6  el_after_av_one_full  el_before_av_social_share '><span class='hr-inner ' ><span class='hr-inner-style'><\/span><\/span><\/div><\/p>\n<div  class='av-social-sharing-box  avia-builder-el-7  el_after_av_hr  el_before_av_hr  '><div class='av-share-box'><h5 class='av-share-link-description av-no-toc '>Compartir esta noticia<\/h5><ul class='av-share-box-list noLightbox'><li class='av-share-link av-social-link-facebook' ><a target=\"_blank\" aria-label=\"Compartir en Facebook\" href='https:\/\/www.facebook.com\/sharer.php?u=https:\/\/radiorevelacionfm.cl\/?p=44711&#038;t=Entrega%20de%20becas%20de%20excelencia%20AquaChile-Municipalidad%20de%20Guaitecas%3A%20un%20homenaje%20a%20la%20dedicaci%C3%B3n%20y%20esfuerzo' aria-hidden='false' data-av_icon='\ue8f3' data-av_iconfont='entypo-fontello' title='' data-avia-related-tooltip='Compartir en Facebook' rel=\"noopener\"><span class='avia_hidden_link_text'>Compartir en Facebook<\/span><\/a><\/li><li class='av-share-link av-social-link-twitter' ><a target=\"_blank\" aria-label=\"Compartir en Twitter\" href='https:\/\/twitter.com\/share?text=Entrega%20de%20becas%20de%20excelencia%20AquaChile-Municipalidad%20de%20Guaitecas%3A%20un%20homenaje%20a%20la%20dedicaci%C3%B3n%20y%20esfuerzo&#038;url=https:\/\/radiorevelacionfm.cl\/?p=44711' aria-hidden='false' data-av_icon='\ue8f1' data-av_iconfont='entypo-fontello' title='' data-avia-related-tooltip='Compartir en Twitter' rel=\"noopener\"><span class='avia_hidden_link_text'>Compartir en Twitter<\/span><\/a><\/li><li class='av-share-link av-social-link-whatsapp' ><a target=\"_blank\" aria-label=\"Compartir en Whatsapp\" href='https:\/\/api.whatsapp.com\/send?text=https:\/\/radiorevelacionfm.cl\/?p=44711' aria-hidden='false' data-av_icon='\uf232' data-av_iconfont='entypo-fontello' title='' data-avia-related-tooltip='Compartir en Whatsapp' rel=\"noopener\"><span class='avia_hidden_link_text'>Compartir en Whatsapp<\/span><\/a><\/li><li class='av-share-link av-social-link-linkedin' ><a target=\"_blank\" aria-label=\"Compartir en LinkedIn\" href='https:\/\/linkedin.com\/shareArticle?mini=true&#038;title=Entrega%20de%20becas%20de%20excelencia%20AquaChile-Municipalidad%20de%20Guaitecas%3A%20un%20homenaje%20a%20la%20dedicaci%C3%B3n%20y%20esfuerzo&#038;url=https:\/\/radiorevelacionfm.cl\/?p=44711' aria-hidden='false' data-av_icon='\ue8fc' data-av_iconfont='entypo-fontello' title='' data-avia-related-tooltip='Compartir en LinkedIn' rel=\"noopener\"><span class='avia_hidden_link_text'>Compartir en LinkedIn<\/span><\/a><\/li><li class='av-share-link av-social-link-mail' ><a  aria-label=\"Compartir por correo\" href='mailto:?subject=Entrega%20de%20becas%20de%20excelencia%20AquaChile-Municipalidad%20de%20Guaitecas%3A%20un%20homenaje%20a%20la%20dedicaci%C3%B3n%20y%20esfuerzo&#038;body=https:\/\/radiorevelacionfm.cl\/?p=44711' aria-hidden='false' data-av_icon='\ue805' data-av_iconfont='entypo-fontello' title='' data-avia-related-tooltip='Compartir por correo'><span class='avia_hidden_link_text'>Compartir por correo<\/span><\/a><\/li><\/ul><\/div><\/div>\n<div  style='height:50px' class='hr hr-invisible   avia-builder-el-8  el_after_av_social_share  el_before_av_comments_list '><span class='hr-inner ' ><span class='hr-inner-style'><\/span><\/span><\/div>\n<div  class='av-buildercomment  av-blog-meta-html-info-disabled av-blog-meta-tag-disabled  '><\/div>\n","protected":false},"excerpt":{"rendered":"","protected":false},"author":1,"featured_media":44712,"comment_status":"open","ping_status":"open","sticky":false,"template":"","format":"standard","meta":{"footnotes":""},"categories":[38],"tags":[],"class_list":["post-44711","post","type-post","status-publish","format-standard","has-post-thumbnail","hentry","category-regional"],"jetpack_featured_media_url":"https:\/\/radiorevelacionfm.cl\/wp-content\/uploads\/2024\/08\/becas-aquachile-2-1_optimized.jpeg","_links":{"self":[{"href":"https:\/\/radiorevelacionfm.cl\/index.php?rest_route=\/wp\/v2\/posts\/44711","targetHints":{"allow":["GET"]}}],"collection":[{"href":"https:\/\/radiorevelacionfm.cl\/index.php?rest_route=\/wp\/v2\/posts"}],"about":[{"href":"https:\/\/radiorevelacionfm.cl\/index.php?rest_route=\/wp\/v2\/types\/post"}],"author":[{"embeddable":true,"href":"https:\/\/radiorevelacionfm.cl\/index.php?rest_route=\/wp\/v2\/users\/1"}],"replies":[{"embeddable":true,"href":"https:\/\/radiorevelacionfm.cl\/index.php?rest_route=%2Fwp%2Fv2%2Fcomments&post=44711"}],"version-history":[{"count":1,"href":"https:\/\/radiorevelacionfm.cl\/index.php?rest_route=\/wp\/v2\/posts\/44711\/revisions"}],"predecessor-version":[{"id":44713,"href":"https:\/\/radiorevelacionfm.cl\/index.php?rest_route=\/wp\/v2\/posts\/44711\/revisions\/44713"}],"wp:featuredmedia":[{"embeddable":true,"href":"https:\/\/radiorevelacionfm.cl\/index.php?rest_route=\/wp\/v2\/media\/44712"}],"wp:attachment":[{"href":"https:\/\/radiorevelacionfm.cl\/index.php?rest_route=%2Fwp%2Fv2%2Fmedia&parent=44711"}],"wp:term":[{"taxonomy":"category","embeddable":true,"href":"https:\/\/radiorevelacionfm.cl\/index.php?rest_route=%2Fwp%2Fv2%2Fcategories&post=44711"},{"taxonomy":"post_tag","embeddable":true,"href":"https:\/\/radiorevelacionfm.cl\/index.php?rest_route=%2Fwp%2Fv2%2Ftags&post=44711"}],"curies":[{"name":"wp","href":"https:\/\/api.w.org\/{rel}","templated":true}]}}