{"id":44708,"date":"2024-08-01T11:33:45","date_gmt":"2024-08-01T14:33:45","guid":{"rendered":"https:\/\/radiorevelacionfm.cl\/?p=44708"},"modified":"2024-08-01T11:33:45","modified_gmt":"2024-08-01T14:33:45","slug":"fondo-de-medios-2024-consejo-regional-de-aysen-aprobo-nomina-de-proyectos-priorizados-y-en-lista-de-espera","status":"publish","type":"post","link":"https:\/\/radiorevelacionfm.cl\/?p=44708","title":{"rendered":"Fondo de Medios 2024: Consejo Regional de Ays\u00e9n aprob\u00f3 n\u00f3mina de proyectos priorizados y en lista de espera"},"content":{"rendered":"<div class=\"flex_column av_one_full  flex_column_div av-zero-column-padding first  avia-builder-el-0  el_before_av_one_full  avia-builder-el-first  \" style='border-radius:0px; '><div  class='avia-image-container  av-styling-    avia-builder-el-1  avia-builder-el-no-sibling  avia-align-center '  itemprop=\"image\" itemscope=\"itemscope\" itemtype=\"https:\/\/schema.org\/ImageObject\"  ><div class='avia-image-container-inner'><div class='avia-image-overlay-wrap'><img decoding=\"async\" class='wp-image-44709 avia-img-lazy-loading-not-44709 avia_image' src=\"https:\/\/radiorevelacionfm.cl\/wp-content\/uploads\/2024\/08\/Fondo-de-medios-foto-3-1-1.jpeg\" alt='' title='Fondo de medios foto 3 (1) (1)' height=\"600\" width=\"820\"  itemprop=\"thumbnailUrl\" srcset=\"https:\/\/radiorevelacionfm.cl\/wp-content\/uploads\/2024\/08\/Fondo-de-medios-foto-3-1-1.jpeg 820w, https:\/\/radiorevelacionfm.cl\/wp-content\/uploads\/2024\/08\/Fondo-de-medios-foto-3-1-1-300x220.jpeg 300w, https:\/\/radiorevelacionfm.cl\/wp-content\/uploads\/2024\/08\/Fondo-de-medios-foto-3-1-1-768x562.jpeg 768w, https:\/\/radiorevelacionfm.cl\/wp-content\/uploads\/2024\/08\/Fondo-de-medios-foto-3-1-1-705x516.jpeg 705w, https:\/\/radiorevelacionfm.cl\/wp-content\/uploads\/2024\/08\/Fondo-de-medios-foto-3-1-1-450x329.jpeg 450w, https:\/\/radiorevelacionfm.cl\/wp-content\/uploads\/2024\/08\/Fondo-de-medios-foto-3-1-1-600x439.jpeg 600w\" sizes=\"(max-width: 820px) 100vw, 820px\" \/><\/div><\/div><\/div><\/div><div class=\"flex_column av_one_full  flex_column_div av-zero-column-padding first  avia-builder-el-2  el_after_av_one_full  el_before_av_one_full  column-top-margin\" style='border-radius:0px; '><section class=\"av_textblock_section \"  itemscope=\"itemscope\" itemtype=\"https:\/\/schema.org\/BlogPosting\" itemprop=\"blogPost\" ><div class='avia_textblock  '   itemprop=\"text\" ><p style=\"text-align: center;\"><span style=\"font-size: 18pt;\"><strong>Fondo de Medios 2024: <\/strong><strong>Consejo Regional de Ays\u00e9n aprob\u00f3 n\u00f3mina de proyectos priorizados y en lista de espera <\/strong><\/span><\/p>\n<div id=\"gtx-trans\" style=\"position: absolute; left: -50px; top: 4.31534px;\">\n<div class=\"gtx-trans-icon\"><\/div>\n<\/div>\n<\/div><\/section><\/div><div class=\"flex_column av_one_full  flex_column_div av-zero-column-padding first  avia-builder-el-4  el_after_av_one_full  el_before_av_hr  column-top-margin\" style='border-radius:0px; '><section class=\"av_textblock_section \"  itemscope=\"itemscope\" itemtype=\"https:\/\/schema.org\/BlogPosting\" itemprop=\"blogPost\" ><div class='avia_textblock  '   itemprop=\"text\" ><p style=\"text-align: justify;\">Este mi\u00e9rcoles 31 de julio, el plenario del Consejo Regional de Ays\u00e9n, encabezado por la Gobernadora Andrea Mac\u00edas, aprob\u00f3 la n\u00f3mina de proyectos priorizados y en lista de espera del Fondo de Fomento de Medios de Comunicaci\u00f3n Social, Regionales Provinciales y Comunales del a\u00f1o 2024.<\/p>\n<p style=\"text-align: justify;\">De acuerdo a los antecedentes proporcionados por la Unidad de Fondos Concursables de la Seremi de Gobierno de Ays\u00e9n, el monto total a repartir asciende a $103.878.797, los que ser\u00e1n distribuidos entre 26 propuestas, 18 proyectos de radiodifusi\u00f3n y 8 de TV y digitales, que corresponden a la categor\u00eda \u201cotros medios\u201d.<\/p>\n<p style=\"text-align: justify;\">De esta manera, el monto total asignado este a\u00f1o para la regi\u00f3n de Ays\u00e9n, se desglosa en $46.269.940 para propuestas con car\u00e1cter de territorialidad, vale decir medios con alcance provincial (Ays\u00e9n, General Carrera, Capit\u00e1n Prat y Coyhaique); $41.505.163 para los proyectos de radio difusi\u00f3n sonora, y $16.103.694 para televisi\u00f3n y medios digitales.<\/p>\n<p style=\"text-align: justify;\">Al respecto, el Seremi de Gobierno subrogante, Tom\u00e1s Laibe, manifest\u00f3: \u201cTenemos buenas noticias para los medios de comunicaci\u00f3n de nuestra regi\u00f3n. El Consejo Regional aprob\u00f3 nuestra propuesta para adjudicar a 26 medios de nuestra regi\u00f3n el Fondo de Medios del Ministerio Secretar\u00eda General de Gobierno, con lo cual vamos a poder apoyar proyectos de educaci\u00f3n, econom\u00eda, de identidad regional que se desarrollan en los m\u00faltiples medios que hay en nuestra regi\u00f3n\u201d.<\/p>\n<p style=\"text-align: justify;\">Agreg\u00f3, adem\u00e1s, que: \u201cHay nueve proyectos tambi\u00e9n que est\u00e1n en lista de espera y que vamos a estar trabajando para tratar tambi\u00e9n de ir en apoyo de esas iniciativas. Lo importante es que en esta convocatoria tendremos un apoyo para los medios que est\u00e1n presentes en las cuatro provincias de la regi\u00f3n, reduciendo tambi\u00e9n y aportando a la equidad territorial en nuestra regi\u00f3n y en los medios de comunicaci\u00f3n.\u201d<\/p>\n<p style=\"text-align: justify;\">Frente a esto, la Gobernadora Regional de Ays\u00e9n, Andrea Mac\u00edas Palma, agreg\u00f3 que: \u201cel Gobierno Regional de Ays\u00e9n va a iniciar todas las acciones necesarias para poder complementar estos recursos de tal forma que todos aquellos proyectos de los medios de comunicaci\u00f3n de nuestra regi\u00f3n que quedaron susceptibles de ser financiados logren hacerlo\u201d.<\/p>\n<p style=\"text-align: justify;\">Cabe se\u00f1alar que de un total de 36 propuestas que fueron presentadas este a\u00f1o, 35 fueron consideradas admisibles, por la Comisi\u00f3n Evaluadora conformada por un representante del Colegio de Periodistas, la ARCHI, Asociaci\u00f3n Nacional de la Prensa, el CORE y Gobierno Regional, m\u00e1s las seremis de Educaci\u00f3n, Econom\u00eda y Gobierno.<\/p>\n<p style=\"text-align: justify;\">As\u00ed tambi\u00e9n, vale reiterar que el objetivo del concurso es financiar, en forma complementaria, proyectos relativos a la realizaci\u00f3n, edici\u00f3n y difusi\u00f3n de programas o suplementos de car\u00e1cter regional o local que refuercen el rol de la comunicaci\u00f3n en el desarrollo social y cultural, rescatando la identidad propia de cada regi\u00f3n, informando sobre su acontecer econ\u00f3mico, social y cultural, fortaleciendo los procesos y estrategias educacionales de cada zona.<\/p>\n<p style=\"text-align: justify;\"><strong>\u00a0<\/strong><\/p>\n<\/div><\/section><\/div><div  style='height:50px' class='hr hr-invisible   avia-builder-el-6  el_after_av_one_full  el_before_av_social_share '><span class='hr-inner ' ><span class='hr-inner-style'><\/span><\/span><\/div><\/p>\n<div  class='av-social-sharing-box  avia-builder-el-7  el_after_av_hr  el_before_av_hr  '><div class='av-share-box'><h5 class='av-share-link-description av-no-toc '>Compartir esta noticia<\/h5><ul class='av-share-box-list noLightbox'><li class='av-share-link av-social-link-facebook' ><a target=\"_blank\" aria-label=\"Compartir en Facebook\" href='https:\/\/www.facebook.com\/sharer.php?u=https:\/\/radiorevelacionfm.cl\/?p=44708&#038;t=Fondo%20de%20Medios%202024%3A%20Consejo%20Regional%20de%20Ays%C3%A9n%20aprob%C3%B3%20n%C3%B3mina%20de%20proyectos%20priorizados%20y%20en%20lista%20de%20espera' aria-hidden='false' data-av_icon='\ue8f3' data-av_iconfont='entypo-fontello' title='' data-avia-related-tooltip='Compartir en Facebook' rel=\"noopener\"><span class='avia_hidden_link_text'>Compartir en Facebook<\/span><\/a><\/li><li class='av-share-link av-social-link-twitter' ><a target=\"_blank\" aria-label=\"Compartir en Twitter\" href='https:\/\/twitter.com\/share?text=Fondo%20de%20Medios%202024%3A%20Consejo%20Regional%20de%20Ays%C3%A9n%20aprob%C3%B3%20n%C3%B3mina%20de%20proyectos%20priorizados%20y%20en%20lista%20de%20espera&#038;url=https:\/\/radiorevelacionfm.cl\/?p=44708' aria-hidden='false' data-av_icon='\ue8f1' data-av_iconfont='entypo-fontello' title='' data-avia-related-tooltip='Compartir en Twitter' rel=\"noopener\"><span class='avia_hidden_link_text'>Compartir en Twitter<\/span><\/a><\/li><li class='av-share-link av-social-link-whatsapp' ><a target=\"_blank\" aria-label=\"Compartir en Whatsapp\" href='https:\/\/api.whatsapp.com\/send?text=https:\/\/radiorevelacionfm.cl\/?p=44708' aria-hidden='false' data-av_icon='\uf232' data-av_iconfont='entypo-fontello' title='' data-avia-related-tooltip='Compartir en Whatsapp' rel=\"noopener\"><span class='avia_hidden_link_text'>Compartir en Whatsapp<\/span><\/a><\/li><li class='av-share-link av-social-link-linkedin' ><a target=\"_blank\" aria-label=\"Compartir en LinkedIn\" href='https:\/\/linkedin.com\/shareArticle?mini=true&#038;title=Fondo%20de%20Medios%202024%3A%20Consejo%20Regional%20de%20Ays%C3%A9n%20aprob%C3%B3%20n%C3%B3mina%20de%20proyectos%20priorizados%20y%20en%20lista%20de%20espera&#038;url=https:\/\/radiorevelacionfm.cl\/?p=44708' aria-hidden='false' data-av_icon='\ue8fc' data-av_iconfont='entypo-fontello' title='' data-avia-related-tooltip='Compartir en LinkedIn' rel=\"noopener\"><span class='avia_hidden_link_text'>Compartir en LinkedIn<\/span><\/a><\/li><li class='av-share-link av-social-link-mail' ><a  aria-label=\"Compartir por correo\" href='mailto:?subject=Fondo%20de%20Medios%202024%3A%20Consejo%20Regional%20de%20Ays%C3%A9n%20aprob%C3%B3%20n%C3%B3mina%20de%20proyectos%20priorizados%20y%20en%20lista%20de%20espera&#038;body=https:\/\/radiorevelacionfm.cl\/?p=44708' aria-hidden='false' data-av_icon='\ue805' data-av_iconfont='entypo-fontello' title='' data-avia-related-tooltip='Compartir por correo'><span class='avia_hidden_link_text'>Compartir por correo<\/span><\/a><\/li><\/ul><\/div><\/div>\n<div  style='height:50px' class='hr hr-invisible   avia-builder-el-8  el_after_av_social_share  el_before_av_comments_list '><span class='hr-inner ' ><span class='hr-inner-style'><\/span><\/span><\/div>\n<div  class='av-buildercomment  av-blog-meta-html-info-disabled av-blog-meta-tag-disabled  '><\/div>\n","protected":false},"excerpt":{"rendered":"","protected":false},"author":1,"featured_media":44709,"comment_status":"open","ping_status":"open","sticky":false,"template":"","format":"standard","meta":{"footnotes":""},"categories":[38],"tags":[],"class_list":["post-44708","post","type-post","status-publish","format-standard","has-post-thumbnail","hentry","category-regional"],"jetpack_featured_media_url":"https:\/\/radiorevelacionfm.cl\/wp-content\/uploads\/2024\/08\/Fondo-de-medios-foto-3-1-1.jpeg","_links":{"self":[{"href":"https:\/\/radiorevelacionfm.cl\/index.php?rest_route=\/wp\/v2\/posts\/44708","targetHints":{"allow":["GET"]}}],"collection":[{"href":"https:\/\/radiorevelacionfm.cl\/index.php?rest_route=\/wp\/v2\/posts"}],"about":[{"href":"https:\/\/radiorevelacionfm.cl\/index.php?rest_route=\/wp\/v2\/types\/post"}],"author":[{"embeddable":true,"href":"https:\/\/radiorevelacionfm.cl\/index.php?rest_route=\/wp\/v2\/users\/1"}],"replies":[{"embeddable":true,"href":"https:\/\/radiorevelacionfm.cl\/index.php?rest_route=%2Fwp%2Fv2%2Fcomments&post=44708"}],"version-history":[{"count":1,"href":"https:\/\/radiorevelacionfm.cl\/index.php?rest_route=\/wp\/v2\/posts\/44708\/revisions"}],"predecessor-version":[{"id":44710,"href":"https:\/\/radiorevelacionfm.cl\/index.php?rest_route=\/wp\/v2\/posts\/44708\/revisions\/44710"}],"wp:featuredmedia":[{"embeddable":true,"href":"https:\/\/radiorevelacionfm.cl\/index.php?rest_route=\/wp\/v2\/media\/44709"}],"wp:attachment":[{"href":"https:\/\/radiorevelacionfm.cl\/index.php?rest_route=%2Fwp%2Fv2%2Fmedia&parent=44708"}],"wp:term":[{"taxonomy":"category","embeddable":true,"href":"https:\/\/radiorevelacionfm.cl\/index.php?rest_route=%2Fwp%2Fv2%2Fcategories&post=44708"},{"taxonomy":"post_tag","embeddable":true,"href":"https:\/\/radiorevelacionfm.cl\/index.php?rest_route=%2Fwp%2Fv2%2Ftags&post=44708"}],"curies":[{"name":"wp","href":"https:\/\/api.w.org\/{rel}","templated":true}]}}