{"id":44699,"date":"2024-08-01T12:20:37","date_gmt":"2024-08-01T15:20:37","guid":{"rendered":"https:\/\/radiorevelacionfm.cl\/?p=44699"},"modified":"2024-08-01T12:20:37","modified_gmt":"2024-08-01T15:20:37","slug":"carabineros-aysen-presento-cuenta-publica-2023-4756-detenidos-195-mil-controles-y-25-mil-ordenes-judiciales-tramitadas","status":"publish","type":"post","link":"https:\/\/radiorevelacionfm.cl\/?p=44699","title":{"rendered":"Carabineros Ays\u00e9n present\u00f3 Cuenta P\u00fablica 2023: 4756 detenidos, 195 mil controles y 25 mil \u00f3rdenes judiciales tramitadas"},"content":{"rendered":"<div class=\"flex_column av_one_full  flex_column_div av-zero-column-padding first  avia-builder-el-0  el_before_av_one_full  avia-builder-el-first  \" style='border-radius:0px; '><div  class='avia-image-container  av-styling-    avia-builder-el-1  avia-builder-el-no-sibling  avia-align-center '  itemprop=\"image\" itemscope=\"itemscope\" itemtype=\"https:\/\/schema.org\/ImageObject\"  ><div class='avia-image-container-inner'><div class='avia-image-overlay-wrap'><img decoding=\"async\" class='wp-image-44700 avia-img-lazy-loading-not-44700 avia_image' src=\"https:\/\/radiorevelacionfm.cl\/wp-content\/uploads\/2024\/07\/7032c880-ccda-47e5-8a86-d8f593602c51-1-1.jpg\" alt='' title='7032c880-ccda-47e5-8a86-d8f593602c51 (1) (1)' height=\"600\" width=\"1064\"  itemprop=\"thumbnailUrl\" srcset=\"https:\/\/radiorevelacionfm.cl\/wp-content\/uploads\/2024\/07\/7032c880-ccda-47e5-8a86-d8f593602c51-1-1.jpg 1064w, https:\/\/radiorevelacionfm.cl\/wp-content\/uploads\/2024\/07\/7032c880-ccda-47e5-8a86-d8f593602c51-1-1-300x169.jpg 300w, https:\/\/radiorevelacionfm.cl\/wp-content\/uploads\/2024\/07\/7032c880-ccda-47e5-8a86-d8f593602c51-1-1-1030x581.jpg 1030w, https:\/\/radiorevelacionfm.cl\/wp-content\/uploads\/2024\/07\/7032c880-ccda-47e5-8a86-d8f593602c51-1-1-768x433.jpg 768w, https:\/\/radiorevelacionfm.cl\/wp-content\/uploads\/2024\/07\/7032c880-ccda-47e5-8a86-d8f593602c51-1-1-705x398.jpg 705w, https:\/\/radiorevelacionfm.cl\/wp-content\/uploads\/2024\/07\/7032c880-ccda-47e5-8a86-d8f593602c51-1-1-450x254.jpg 450w, https:\/\/radiorevelacionfm.cl\/wp-content\/uploads\/2024\/07\/7032c880-ccda-47e5-8a86-d8f593602c51-1-1-600x338.jpg 600w\" sizes=\"(max-width: 1064px) 100vw, 1064px\" \/><\/div><\/div><\/div><\/div><div class=\"flex_column av_one_full  flex_column_div av-zero-column-padding first  avia-builder-el-2  el_after_av_one_full  el_before_av_one_full  column-top-margin\" style='border-radius:0px; '><section class=\"av_textblock_section \"  itemscope=\"itemscope\" itemtype=\"https:\/\/schema.org\/BlogPosting\" itemprop=\"blogPost\" ><div class='avia_textblock  '   itemprop=\"text\" ><p style=\"text-align: center;\"><strong><span style=\"font-size: 18pt;\">Carabineros Ays\u00e9n present\u00f3 Cuenta P\u00fablica 2023: 4756 detenidos, 195 mil controles y 25 mil \u00f3rdenes judiciales tramitadas<\/span><\/strong><\/p>\n<div id=\"gtx-trans\" style=\"position: absolute; left: -50px; top: 4.31534px;\">\n<div class=\"gtx-trans-icon\"><\/div>\n<\/div>\n<\/div><\/section><\/div><div class=\"flex_column av_one_full  flex_column_div av-zero-column-padding first  avia-builder-el-4  el_after_av_one_full  el_before_av_hr  column-top-margin\" style='border-radius:0px; '><section class=\"av_textblock_section \"  itemscope=\"itemscope\" itemtype=\"https:\/\/schema.org\/BlogPosting\" itemprop=\"blogPost\" ><div class='avia_textblock  '   itemprop=\"text\" ><div>\n<p class=\"v1MsoNormal\" style=\"text-align: justify;\"><span lang=\"ES-MX\">Con un minuto de silencio en honor a los m\u00e1rtires institucionales, el Jefe de Zona de Carabineros Ays\u00e9n, General Patricio Santos Poblete, present\u00f3 en la Casa de la Cultura -ante las autoridades y la comunidad- la cuenta p\u00fablica 2023, dando cuenta del desarrollo de la gesti\u00f3n operativa en el territorio.<\/span><\/p>\n<p class=\"v1MsoNormal\" style=\"text-align: justify;\"><span lang=\"ES-MX\">\u00abLos principales desaf\u00edos que tiene la pol\u00edtica p\u00fablica, es generar las condiciones para que las personas puedan tener un desarrollo humano adecuado, al que nos convoca nuestra constituci\u00f3n pol\u00edtica. Carabineros previene controlando en el territorio y estamos ah\u00ed para pesquisar cualquier tipo de desviaci\u00f3n y poner a las personas responsables a disposici\u00f3n de los \u00f3rganos jurisdiccionales. En ese contexto, vamos a potenciar las capacidades para poder tener lugares donde las personas puedan concurrir\u00bb, indic\u00f3 el Jefe de Zona de Carabineros Ays\u00e9n, General Patricio Santos Poblete.<\/span><\/p>\n<p class=\"v1MsoNormal\" style=\"text-align: justify;\"><span lang=\"ES-MX\">Durante el periodo analizado, Carabineros atendi\u00f3 m\u00e1s de 65 mil llamados al nivel 133, de los cuales el 26% (17 mil llamados) dieron origen a procedimiento, en tanto que el 66% (43 mil) eran emergencias, de los cuales 11 mil corresponden a bromas.<\/span><\/p>\n<p class=\"v1MsoNormal\" style=\"text-align: justify;\"><span lang=\"ES-MX\">Asimismo, Carabineros adopt\u00f3 214 mil procedimientos en la regi\u00f3n, un 36% m\u00e1s que el a\u00f1o 2022, lo que equivale a 17 mil procedimientos mensuales, 586 diarios y 24,4 procedimientos por hora.<\/span><\/p>\n<p class=\"v1MsoNormal\" style=\"text-align: justify;\"><span lang=\"ES-MX\">Como parte de este trabajo operativo, Carabineros realiz\u00f3 195 mil controles y fiscalizaciones a peatones, conductores, as\u00ed como fiscalizaciones a locales alcoholes y entidades comerciales y bancarias. De un total de 36 mil peatones controlados, el 28% (1.357 personas) hab\u00eda sido detenido previamente o ten\u00eda antecedentes penales.<\/span><\/p>\n<p class=\"v1MsoNormal\" style=\"text-align: justify;\"><span lang=\"ES-MX\">Respecto al Plan 24 Horas, Carabineros deriv\u00f3 a 980 NNA, de los cuales 738 corresponden a NNA vulnerados y 244 a NNA infractores.<\/span><\/p>\n<p class=\"v1MsoNormal\" style=\"text-align: justify;\"><span lang=\"ES-MX\">El a\u00f1o 2023 Carabineros dio cumplimiento a 25 mil \u00f3rdenes judiciales, de los cuales el 60% (15.159) corresponden a notificaciones y citaciones, en tanto que 3.362 tratan del cumplimento de verificaci\u00f3n de medidas cautelares y medidas de protecci\u00f3n.<\/span><\/p>\n<p class=\"v1MsoNormal\" style=\"text-align: justify;\"><b><span lang=\"ES-MX\">Delitos de mayor connotaci\u00f3n<\/span><\/b><\/p>\n<p class=\"v1MsoNormal\" style=\"text-align: justify;\"><span lang=\"ES-MX\">Durante el a\u00f1o 2023, Carabineros detuvo a 4.756 personas en la regi\u00f3n de Ays\u00e9n, de los cuales el 98% (4.679) eran chilenos. Del total de detenidos, 639 fueron aprehendidos por delitos de mayor connotaci\u00f3n social, donde el 58% de estos registra dos o m\u00e1s reiteraciones previas, entre las que destacan robos, amenazas, da\u00f1os, homicidios, violencia intrafamiliar, hurtos, ley de drogas, lesiones y violaci\u00f3n.<\/span><\/p>\n<p class=\"v1MsoNormal\" style=\"text-align: justify;\"><span lang=\"ES-MX\">\u00abLos delitos de violencia intrafamiliar, son los delitos m\u00e1s silenciados, las personas los comentan 5 \u00f3 10 a\u00f1os despu\u00e9s de haber sido cometidos. Es el delito de m\u00e1xima frecuencia en la regi\u00f3n, cerca de mil casos anuales se generan por esta din\u00e1mica\u00bb, expres\u00f3 el General Patricio Santos.<\/span><\/p>\n<p class=\"v1MsoNormal\" style=\"text-align: justify;\"><span lang=\"ES-MX\">Frente a la ocurrencia de este tipo de hechos, Carabineros se pone en el peor de los casos, toda vez que un delito de naturaleza continua puede terminar en un femicidio.<\/span><\/p>\n<p class=\"v1MsoNormal\" style=\"text-align: justify;\"><span lang=\"ES-MX\">El Jefe de Zona Ays\u00e9n a\u00f1adi\u00f3 que \u00abnuestro deber es alertar a la red corresponsable, de tal forma de poder hacer llegar la ayuda del Estado en el acompa\u00f1amiento y asegurar que esa persona va a tener una atenci\u00f3n adecuada y que vamos a poder capturar a las personas responsables de esa violencia\u00bb.<\/span><\/p>\n<p class=\"v1MsoNormal\" style=\"text-align: justify;\"><span lang=\"ES-MX\">\u00abEl 58% de las personas que comete delitos de connotaci\u00f3n social, ya hab\u00eda sido detenida por parte de Carabineros. Respecto a las 117 personas detenidas en 2023 por el delito de robo, el 70% hab\u00eda sido detenida previamente, pero hay algo m\u00e1s escalofriante, el 29% de ellas tiene 5 o m\u00e1s detenciones. Vamos a seguir perseverando, los vamos a detener una y mil veces cuando cometan el delito\u00bb, precis\u00f3 el Oficial General.<\/span><\/p>\n<p class=\"v1MsoNormal\" style=\"text-align: justify;\"><b><span lang=\"ES-MX\">Armas, droga y esfuerzos por m\u00e1s seguridad<\/span><\/b><\/p>\n<p class=\"v1MsoNormal\" style=\"text-align: justify;\"><span lang=\"ES-MX\">La labor desarrollada por Carabineros permiti\u00f3 sacar de circulaci\u00f3n 330 armas, de las cuales 164 son de fuego y 166 armas blancas, previniendo con ello que sean utilizadas en la comisi\u00f3n de delitos.<\/span><\/p>\n<p class=\"v1MsoNormal\" style=\"text-align: justify;\"><span lang=\"ES-MX\">En materia de drogas, Carabineros decomis\u00f3 17,2 kg de sustancias prohibidas. De estas, 24.780 corresponden a dosis de marihuana, 5.520 dosis de coca\u00edna y 5.700 dosis de pasta base.<\/span><\/p>\n<p class=\"v1MsoNormal\" style=\"text-align: justify;\"><span lang=\"ES-MX\">El a\u00f1o reci\u00e9n pasado, Carabineros elabor\u00f3 539 informes periciales, de los cuales, 102 corresponden a la SIAT y 437 a Labocar.<\/span><\/p>\n<p class=\"v1MsoNormal\" style=\"text-align: justify;\"><span lang=\"ES-MX\">Asimismo, durante el periodo analizado, Carabineros efectu\u00f3 67 allanamientos, desarticul\u00f3 75 bandas delictuales y recuper\u00f3 32 veh\u00edculos sustra\u00eddos.<\/span><\/p>\n<p class=\"v1MsoNormal\" style=\"text-align: justify;\"><span lang=\"ES-MX\">Como parte del proceso de perfeccionamiento y mejora de las competencias del recurso humano, Carabineros efectu\u00f3 procesos de retroalimentaci\u00f3n en coordinaci\u00f3n con Seremi de la Salud, Sernameg, Servicio M\u00e9dico Legal, Defensor\u00eda de la Ni\u00f1ez, Ministerio P\u00fablico, entre otras entidades p\u00fablicas.<\/span><\/p>\n<p class=\"v1MsoNormal\" style=\"text-align: justify;\"><span lang=\"ES-MX\">Como parte de un trabajo mancomunado y colaborativo orientado a brindar m\u00e1s seguridad, han sido suscritos convenios OS.14 con nueve de las diez comunas de la regi\u00f3n. \u00a0\u00a0<\/span><\/p>\n<p class=\"v1MsoNormal\" style=\"text-align: justify;\"><span lang=\"ES-MX\">En 2023 se efectu\u00f3 la reposici\u00f3n de 24 veh\u00edculos, con transferencias del GORE Ays\u00e9n de 3 mil millones en 2022, mil millones en 2023 y 8.406 millones en 2024.<\/span><\/p>\n<p class=\"v1MsoNormal\" style=\"text-align: justify;\"><span lang=\"ES-MX\">La transferencia del GORE en 2022 se ha traducido en 35 veh\u00edculos, equipos criminal\u00edsticos para Labocar, un cami\u00f3n de transporte, dos lanchas (Chile Chico y Puerto Cisnes). En cuanto a la transferencia GORE 2023, esta permitir\u00e1 la adquisici\u00f3n de 14 drones, 9 sistemas m\u00f3viles de atenci\u00f3n al p\u00fablico en cuarteles rurales fronterizos, 100 c\u00e1maras corporales y 1 bus para la banda instrumental. Respecto a la transferencia del GORE 2024 (en proceso de toma de raz\u00f3n por la Contralor\u00eda Regional de la Rep\u00fablica) se traducir\u00e1n en la adquisici\u00f3n de 77 veh\u00edculos, 9 sistemas modulares integrales fronterizos, conservaci\u00f3n de 31 cuarteles, habilitaci\u00f3n de salas de familia y 4 pol\u00edgonos de tiro virtual, como parte del proceso de modernizaci\u00f3n institucional.<\/span><\/p>\n<\/div>\n<div style=\"text-align: justify;\"><\/div>\n<\/div><\/section><\/div><div  style='height:50px' class='hr hr-invisible   avia-builder-el-6  el_after_av_one_full  el_before_av_social_share '><span class='hr-inner ' ><span class='hr-inner-style'><\/span><\/span><\/div><\/p>\n<div  class='av-social-sharing-box  avia-builder-el-7  el_after_av_hr  el_before_av_hr  '><div class='av-share-box'><h5 class='av-share-link-description av-no-toc '>Compartir esta noticia<\/h5><ul class='av-share-box-list noLightbox'><li class='av-share-link av-social-link-facebook' ><a target=\"_blank\" aria-label=\"Compartir en Facebook\" href='https:\/\/www.facebook.com\/sharer.php?u=https:\/\/radiorevelacionfm.cl\/?p=44699&#038;t=Carabineros%20Ays%C3%A9n%20present%C3%B3%20Cuenta%20P%C3%BAblica%202023%3A%204756%20detenidos%2C%20195%20mil%20controles%20y%2025%20mil%20%C3%B3rdenes%20judiciales%20tramitadas' aria-hidden='false' data-av_icon='\ue8f3' data-av_iconfont='entypo-fontello' title='' data-avia-related-tooltip='Compartir en Facebook' rel=\"noopener\"><span class='avia_hidden_link_text'>Compartir en Facebook<\/span><\/a><\/li><li class='av-share-link av-social-link-twitter' ><a target=\"_blank\" aria-label=\"Compartir en Twitter\" href='https:\/\/twitter.com\/share?text=Carabineros%20Ays%C3%A9n%20present%C3%B3%20Cuenta%20P%C3%BAblica%202023%3A%204756%20detenidos%2C%20195%20mil%20controles%20y%2025%20mil%20%C3%B3rdenes%20judiciales%20tramitadas&#038;url=https:\/\/radiorevelacionfm.cl\/?p=44699' aria-hidden='false' data-av_icon='\ue8f1' data-av_iconfont='entypo-fontello' title='' data-avia-related-tooltip='Compartir en Twitter' rel=\"noopener\"><span class='avia_hidden_link_text'>Compartir en Twitter<\/span><\/a><\/li><li class='av-share-link av-social-link-whatsapp' ><a target=\"_blank\" aria-label=\"Compartir en Whatsapp\" href='https:\/\/api.whatsapp.com\/send?text=https:\/\/radiorevelacionfm.cl\/?p=44699' aria-hidden='false' data-av_icon='\uf232' data-av_iconfont='entypo-fontello' title='' data-avia-related-tooltip='Compartir en Whatsapp' rel=\"noopener\"><span class='avia_hidden_link_text'>Compartir en Whatsapp<\/span><\/a><\/li><li class='av-share-link av-social-link-linkedin' ><a target=\"_blank\" aria-label=\"Compartir en LinkedIn\" href='https:\/\/linkedin.com\/shareArticle?mini=true&#038;title=Carabineros%20Ays%C3%A9n%20present%C3%B3%20Cuenta%20P%C3%BAblica%202023%3A%204756%20detenidos%2C%20195%20mil%20controles%20y%2025%20mil%20%C3%B3rdenes%20judiciales%20tramitadas&#038;url=https:\/\/radiorevelacionfm.cl\/?p=44699' aria-hidden='false' data-av_icon='\ue8fc' data-av_iconfont='entypo-fontello' title='' data-avia-related-tooltip='Compartir en LinkedIn' rel=\"noopener\"><span class='avia_hidden_link_text'>Compartir en LinkedIn<\/span><\/a><\/li><li class='av-share-link av-social-link-mail' ><a  aria-label=\"Compartir por correo\" href='mailto:?subject=Carabineros%20Ays%C3%A9n%20present%C3%B3%20Cuenta%20P%C3%BAblica%202023%3A%204756%20detenidos%2C%20195%20mil%20controles%20y%2025%20mil%20%C3%B3rdenes%20judiciales%20tramitadas&#038;body=https:\/\/radiorevelacionfm.cl\/?p=44699' aria-hidden='false' data-av_icon='\ue805' data-av_iconfont='entypo-fontello' title='' data-avia-related-tooltip='Compartir por correo'><span class='avia_hidden_link_text'>Compartir por correo<\/span><\/a><\/li><\/ul><\/div><\/div>\n<div  style='height:50px' class='hr hr-invisible   avia-builder-el-8  el_after_av_social_share  el_before_av_comments_list '><span class='hr-inner ' ><span class='hr-inner-style'><\/span><\/span><\/div>\n<div  class='av-buildercomment  av-blog-meta-html-info-disabled av-blog-meta-tag-disabled  '><\/div>\n","protected":false},"excerpt":{"rendered":"","protected":false},"author":1,"featured_media":44700,"comment_status":"open","ping_status":"open","sticky":false,"template":"","format":"standard","meta":{"footnotes":""},"categories":[36],"tags":[],"class_list":["post-44699","post","type-post","status-publish","format-standard","has-post-thumbnail","hentry","category-policial"],"jetpack_featured_media_url":"https:\/\/radiorevelacionfm.cl\/wp-content\/uploads\/2024\/07\/7032c880-ccda-47e5-8a86-d8f593602c51-1-1.jpg","_links":{"self":[{"href":"https:\/\/radiorevelacionfm.cl\/index.php?rest_route=\/wp\/v2\/posts\/44699","targetHints":{"allow":["GET"]}}],"collection":[{"href":"https:\/\/radiorevelacionfm.cl\/index.php?rest_route=\/wp\/v2\/posts"}],"about":[{"href":"https:\/\/radiorevelacionfm.cl\/index.php?rest_route=\/wp\/v2\/types\/post"}],"author":[{"embeddable":true,"href":"https:\/\/radiorevelacionfm.cl\/index.php?rest_route=\/wp\/v2\/users\/1"}],"replies":[{"embeddable":true,"href":"https:\/\/radiorevelacionfm.cl\/index.php?rest_route=%2Fwp%2Fv2%2Fcomments&post=44699"}],"version-history":[{"count":1,"href":"https:\/\/radiorevelacionfm.cl\/index.php?rest_route=\/wp\/v2\/posts\/44699\/revisions"}],"predecessor-version":[{"id":44701,"href":"https:\/\/radiorevelacionfm.cl\/index.php?rest_route=\/wp\/v2\/posts\/44699\/revisions\/44701"}],"wp:featuredmedia":[{"embeddable":true,"href":"https:\/\/radiorevelacionfm.cl\/index.php?rest_route=\/wp\/v2\/media\/44700"}],"wp:attachment":[{"href":"https:\/\/radiorevelacionfm.cl\/index.php?rest_route=%2Fwp%2Fv2%2Fmedia&parent=44699"}],"wp:term":[{"taxonomy":"category","embeddable":true,"href":"https:\/\/radiorevelacionfm.cl\/index.php?rest_route=%2Fwp%2Fv2%2Fcategories&post=44699"},{"taxonomy":"post_tag","embeddable":true,"href":"https:\/\/radiorevelacionfm.cl\/index.php?rest_route=%2Fwp%2Fv2%2Ftags&post=44699"}],"curies":[{"name":"wp","href":"https:\/\/api.w.org\/{rel}","templated":true}]}}