{"id":44696,"date":"2024-07-31T20:04:00","date_gmt":"2024-07-31T23:04:00","guid":{"rendered":"https:\/\/radiorevelacionfm.cl\/?p=44696"},"modified":"2024-07-31T20:04:00","modified_gmt":"2024-07-31T23:04:00","slug":"comienzan-obras-de-conservacion-en-gimnasio-regional-de-coyhaique","status":"publish","type":"post","link":"https:\/\/radiorevelacionfm.cl\/?p=44696","title":{"rendered":"Comienzan obras de conservaci\u00f3n en Gimnasio Regional de Coyhaique"},"content":{"rendered":"<div class=\"flex_column av_one_full  flex_column_div av-zero-column-padding first  avia-builder-el-0  el_before_av_one_full  avia-builder-el-first  \" style='border-radius:0px; '><div  class='avia-image-container  av-styling-    avia-builder-el-1  avia-builder-el-no-sibling  avia-align-center '  itemprop=\"image\" itemscope=\"itemscope\" itemtype=\"https:\/\/schema.org\/ImageObject\"  ><div class='avia-image-container-inner'><div class='avia-image-overlay-wrap'><img decoding=\"async\" class='wp-image-44697 avia-img-lazy-loading-not-44697 avia_image' src=\"https:\/\/radiorevelacionfm.cl\/wp-content\/uploads\/2024\/07\/6-ob-1-1.jpeg\" alt='' title='6 ob (1) (1)' height=\"600\" width=\"1052\"  itemprop=\"thumbnailUrl\" srcset=\"https:\/\/radiorevelacionfm.cl\/wp-content\/uploads\/2024\/07\/6-ob-1-1.jpeg 1052w, https:\/\/radiorevelacionfm.cl\/wp-content\/uploads\/2024\/07\/6-ob-1-1-300x171.jpeg 300w, https:\/\/radiorevelacionfm.cl\/wp-content\/uploads\/2024\/07\/6-ob-1-1-1030x587.jpeg 1030w, https:\/\/radiorevelacionfm.cl\/wp-content\/uploads\/2024\/07\/6-ob-1-1-768x438.jpeg 768w, https:\/\/radiorevelacionfm.cl\/wp-content\/uploads\/2024\/07\/6-ob-1-1-705x402.jpeg 705w, https:\/\/radiorevelacionfm.cl\/wp-content\/uploads\/2024\/07\/6-ob-1-1-450x257.jpeg 450w, https:\/\/radiorevelacionfm.cl\/wp-content\/uploads\/2024\/07\/6-ob-1-1-600x342.jpeg 600w\" sizes=\"(max-width: 1052px) 100vw, 1052px\" \/><\/div><\/div><\/div><\/div><div class=\"flex_column av_one_full  flex_column_div av-zero-column-padding first  avia-builder-el-2  el_after_av_one_full  el_before_av_one_full  column-top-margin\" style='border-radius:0px; '><section class=\"av_textblock_section \"  itemscope=\"itemscope\" itemtype=\"https:\/\/schema.org\/BlogPosting\" itemprop=\"blogPost\" ><div class='avia_textblock  '   itemprop=\"text\" ><p style=\"text-align: center;\"><span style=\"font-size: 18pt;\"><strong>Comienzan obras de conservaci\u00f3n\u00a0en Gimnasio Regional de Coyhaique\u00a0<\/strong><\/span><\/p>\n<div id=\"gtx-trans\" style=\"position: absolute; left: -50px; top: 4.31534px;\">\n<div class=\"gtx-trans-icon\"><\/div>\n<\/div>\n<\/div><\/section><\/div><div class=\"flex_column av_one_full  flex_column_div av-zero-column-padding first  avia-builder-el-4  el_after_av_one_full  el_before_av_hr  column-top-margin\" style='border-radius:0px; '><section class=\"av_textblock_section \"  itemscope=\"itemscope\" itemtype=\"https:\/\/schema.org\/BlogPosting\" itemprop=\"blogPost\" ><div class='avia_textblock  '   itemprop=\"text\" ><p style=\"text-align: justify;\"><em>El proyecto, financiando por el IND, forma parte de la habilitaci\u00f3n de recintos de cara a los Juegos Araucan\u00eda- Ays\u00e9n 2024.<\/em><\/p>\n<p style=\"text-align: justify;\"><u>Camarines e iluminaci\u00f3n<\/u><\/p>\n<p style=\"text-align: justify;\">Las obras de conservaci\u00f3n en este recinto del Instituto Nacional de Deportes y \u00a0administrado por la\u00a0Corporaci\u00f3n\u00a0Municipal de\u00a0Deporte\u00a0y Recreaci\u00f3n de\u00a0Coyhaique se extender\u00e1n por 70 d\u00edas.<\/p>\n<p style=\"text-align: justify;\">Precisamente, la empresa que se adjudic\u00f3 las obras, ya inici\u00f3 los trabajos en el revestimiento de pisos y muros de los camarines e iluminaci\u00f3n de la nave central de este gimnasio; en el que se desarrollar\u00e1n en el mes de noviembre, los Juegos Binacionales Araucan\u00eda, con competencias en las ciudades de Coyhaique, Puerto Ays\u00e9n y Magallanes.<\/p>\n<p style=\"text-align: justify;\">Al respecto, la Seremi del Deporte, Mar\u00eda Eugenia Dur\u00e1n Jara se\u00f1al\u00f3: \u201cNos encontramos en el Gimnasio Regional de IND, administrado por la Corporaci\u00f3n Municipal de Deportes de Coyhaique, dando inicio a la entrega de terreno para este proyecto de conservaci\u00f3n, que va a ser parte del legado que van a dejar los Juegos de la Araucan\u00eda en nuestra regi\u00f3n y\u00a0espec\u00edficamente\u00a0en la comuna de Coyhaique. Se va a intervenir la iluminaci\u00f3n de la nave central, as\u00ed como los camarines que se encuentran al costado la cancha. Como Ministerio del Deporte, estamos presentes junto al Instituto Nacional de Deportes, en este importante hito y esperamos, en el mes octubre, poder contarles c\u00f3mo quedaron estas obras de conservaci\u00f3n que vienen tambi\u00e9n a dar dignidad a la participaci\u00f3n de nuestras y nuestros deportistas\u201d<\/p>\n<p style=\"text-align: justify;\">\u201cComo instituci\u00f3n estamos muy contentos con los inicios de estas obras en el Gimnasio Regional, mejoramiento de las instalaciones que sin duda va a significar un avance significativo tanto para el desarrollo del deporte en la comuna de Coyhaique y sobre todo para recibir como lo merecen a los deportistas que en el mes de noviembre se dar\u00e1n cita en esta 31\u00b0 versi\u00f3n de estos Juegos Binacionales Araucan\u00eda-Ays\u00e9n 2024; la intervenci\u00f3n en los sanitarios y camarines adem\u00e1s de la iluminaci\u00f3n de la cancha, obedecen a recurso del Instituto Nacional de Deportes, por un monto aproximado de 149 millones de pesos, obras que tiene un plazo de ejecuci\u00f3n de 70 d\u00edas\u201d, precis\u00f3 Javier Medina Mella, director regional (s) IND.<\/p>\n<p style=\"text-align: justify;\">Cabe se\u00f1alar que los Juegos Binacionales de la Araucan\u00eda son un conjunto de competencias deportivas que re\u00fanen a j\u00f3venes procedentes de las regiones del sur de Chile y de las provincias patag\u00f3nicas de Argentina, cuya primera edici\u00f3n el a\u00f1o 1992, fue en la Regi\u00f3n de La Araucan\u00eda.<\/p>\n<\/div><\/section><\/div><div  style='height:50px' class='hr hr-invisible   avia-builder-el-6  el_after_av_one_full  el_before_av_social_share '><span class='hr-inner ' ><span class='hr-inner-style'><\/span><\/span><\/div><\/p>\n<div  class='av-social-sharing-box  avia-builder-el-7  el_after_av_hr  el_before_av_hr  '><div class='av-share-box'><h5 class='av-share-link-description av-no-toc '>Compartir esta noticia<\/h5><ul class='av-share-box-list noLightbox'><li class='av-share-link av-social-link-facebook' ><a target=\"_blank\" aria-label=\"Compartir en Facebook\" href='https:\/\/www.facebook.com\/sharer.php?u=https:\/\/radiorevelacionfm.cl\/?p=44696&#038;t=Comienzan%20obras%20de%20conservaci%C3%B3n%20en%20Gimnasio%20Regional%20de%20Coyhaique' aria-hidden='false' data-av_icon='\ue8f3' data-av_iconfont='entypo-fontello' title='' data-avia-related-tooltip='Compartir en Facebook' rel=\"noopener\"><span class='avia_hidden_link_text'>Compartir en Facebook<\/span><\/a><\/li><li class='av-share-link av-social-link-twitter' ><a target=\"_blank\" aria-label=\"Compartir en Twitter\" href='https:\/\/twitter.com\/share?text=Comienzan%20obras%20de%20conservaci%C3%B3n%20en%20Gimnasio%20Regional%20de%20Coyhaique&#038;url=https:\/\/radiorevelacionfm.cl\/?p=44696' aria-hidden='false' data-av_icon='\ue8f1' data-av_iconfont='entypo-fontello' title='' data-avia-related-tooltip='Compartir en Twitter' rel=\"noopener\"><span class='avia_hidden_link_text'>Compartir en Twitter<\/span><\/a><\/li><li class='av-share-link av-social-link-whatsapp' ><a target=\"_blank\" aria-label=\"Compartir en Whatsapp\" href='https:\/\/api.whatsapp.com\/send?text=https:\/\/radiorevelacionfm.cl\/?p=44696' aria-hidden='false' data-av_icon='\uf232' data-av_iconfont='entypo-fontello' title='' data-avia-related-tooltip='Compartir en Whatsapp' rel=\"noopener\"><span class='avia_hidden_link_text'>Compartir en Whatsapp<\/span><\/a><\/li><li class='av-share-link av-social-link-linkedin' ><a target=\"_blank\" aria-label=\"Compartir en LinkedIn\" href='https:\/\/linkedin.com\/shareArticle?mini=true&#038;title=Comienzan%20obras%20de%20conservaci%C3%B3n%20en%20Gimnasio%20Regional%20de%20Coyhaique&#038;url=https:\/\/radiorevelacionfm.cl\/?p=44696' aria-hidden='false' data-av_icon='\ue8fc' data-av_iconfont='entypo-fontello' title='' data-avia-related-tooltip='Compartir en LinkedIn' rel=\"noopener\"><span class='avia_hidden_link_text'>Compartir en LinkedIn<\/span><\/a><\/li><li class='av-share-link av-social-link-mail' ><a  aria-label=\"Compartir por correo\" href='mailto:?subject=Comienzan%20obras%20de%20conservaci%C3%B3n%20en%20Gimnasio%20Regional%20de%20Coyhaique&#038;body=https:\/\/radiorevelacionfm.cl\/?p=44696' aria-hidden='false' data-av_icon='\ue805' data-av_iconfont='entypo-fontello' title='' data-avia-related-tooltip='Compartir por correo'><span class='avia_hidden_link_text'>Compartir por correo<\/span><\/a><\/li><\/ul><\/div><\/div>\n<div  style='height:50px' class='hr hr-invisible   avia-builder-el-8  el_after_av_social_share  el_before_av_comments_list '><span class='hr-inner ' ><span class='hr-inner-style'><\/span><\/span><\/div>\n<div  class='av-buildercomment  av-blog-meta-html-info-disabled av-blog-meta-tag-disabled  '><\/div>\n","protected":false},"excerpt":{"rendered":"","protected":false},"author":1,"featured_media":44697,"comment_status":"open","ping_status":"open","sticky":false,"template":"","format":"standard","meta":{"footnotes":""},"categories":[40],"tags":[],"class_list":["post-44696","post","type-post","status-publish","format-standard","has-post-thumbnail","hentry","category-deportes"],"jetpack_featured_media_url":"https:\/\/radiorevelacionfm.cl\/wp-content\/uploads\/2024\/07\/6-ob-1-1.jpeg","_links":{"self":[{"href":"https:\/\/radiorevelacionfm.cl\/index.php?rest_route=\/wp\/v2\/posts\/44696","targetHints":{"allow":["GET"]}}],"collection":[{"href":"https:\/\/radiorevelacionfm.cl\/index.php?rest_route=\/wp\/v2\/posts"}],"about":[{"href":"https:\/\/radiorevelacionfm.cl\/index.php?rest_route=\/wp\/v2\/types\/post"}],"author":[{"embeddable":true,"href":"https:\/\/radiorevelacionfm.cl\/index.php?rest_route=\/wp\/v2\/users\/1"}],"replies":[{"embeddable":true,"href":"https:\/\/radiorevelacionfm.cl\/index.php?rest_route=%2Fwp%2Fv2%2Fcomments&post=44696"}],"version-history":[{"count":1,"href":"https:\/\/radiorevelacionfm.cl\/index.php?rest_route=\/wp\/v2\/posts\/44696\/revisions"}],"predecessor-version":[{"id":44698,"href":"https:\/\/radiorevelacionfm.cl\/index.php?rest_route=\/wp\/v2\/posts\/44696\/revisions\/44698"}],"wp:featuredmedia":[{"embeddable":true,"href":"https:\/\/radiorevelacionfm.cl\/index.php?rest_route=\/wp\/v2\/media\/44697"}],"wp:attachment":[{"href":"https:\/\/radiorevelacionfm.cl\/index.php?rest_route=%2Fwp%2Fv2%2Fmedia&parent=44696"}],"wp:term":[{"taxonomy":"category","embeddable":true,"href":"https:\/\/radiorevelacionfm.cl\/index.php?rest_route=%2Fwp%2Fv2%2Fcategories&post=44696"},{"taxonomy":"post_tag","embeddable":true,"href":"https:\/\/radiorevelacionfm.cl\/index.php?rest_route=%2Fwp%2Fv2%2Ftags&post=44696"}],"curies":[{"name":"wp","href":"https:\/\/api.w.org\/{rel}","templated":true}]}}