{"id":44693,"date":"2024-08-03T15:55:10","date_gmt":"2024-08-03T18:55:10","guid":{"rendered":"https:\/\/radiorevelacionfm.cl\/?p=44693"},"modified":"2024-08-03T15:55:10","modified_gmt":"2024-08-03T18:55:10","slug":"en-subcomision-mixta-de-presupuesto-sandoval-planteo-que-articulacion-publico-privada-es-clave-para-enfrentar-crisis-lanera-en-aysen","status":"publish","type":"post","link":"https:\/\/radiorevelacionfm.cl\/?p=44693","title":{"rendered":"En subcomisi\u00f3n mixta de Presupuesto: Sandoval plante\u00f3 que articulaci\u00f3n p\u00fablico privada es clave para enfrentar crisis lanera en Ays\u00e9n"},"content":{"rendered":"<div class=\"flex_column av_one_full  flex_column_div av-zero-column-padding first  avia-builder-el-0  el_before_av_one_full  avia-builder-el-first  \" style='border-radius:0px; '><div  class='avia-image-container  av-styling-    avia-builder-el-1  avia-builder-el-no-sibling  avia-align-center '  itemprop=\"image\" itemscope=\"itemscope\" itemtype=\"https:\/\/schema.org\/ImageObject\"  ><div class='avia-image-container-inner'><div class='avia-image-overlay-wrap'><img decoding=\"async\" class='wp-image-44694 avia-img-lazy-loading-not-44694 avia_image' src=\"https:\/\/radiorevelacionfm.cl\/wp-content\/uploads\/2024\/07\/subcomisiOn-mixta-presupuesto-1-1_optimized.jpg\" alt='' title='subcomisi\u00d3n-mixta-presupuesto--(1)-(1)_optimized' height=\"600\" width=\"800\"  itemprop=\"thumbnailUrl\" srcset=\"https:\/\/radiorevelacionfm.cl\/wp-content\/uploads\/2024\/07\/subcomisiOn-mixta-presupuesto-1-1_optimized.jpg 800w, https:\/\/radiorevelacionfm.cl\/wp-content\/uploads\/2024\/07\/subcomisiOn-mixta-presupuesto-1-1_optimized-300x225.jpg 300w, https:\/\/radiorevelacionfm.cl\/wp-content\/uploads\/2024\/07\/subcomisiOn-mixta-presupuesto-1-1_optimized-768x576.jpg 768w, https:\/\/radiorevelacionfm.cl\/wp-content\/uploads\/2024\/07\/subcomisiOn-mixta-presupuesto-1-1_optimized-705x529.jpg 705w, https:\/\/radiorevelacionfm.cl\/wp-content\/uploads\/2024\/07\/subcomisiOn-mixta-presupuesto-1-1_optimized-450x338.jpg 450w, https:\/\/radiorevelacionfm.cl\/wp-content\/uploads\/2024\/07\/subcomisiOn-mixta-presupuesto-1-1_optimized-600x450.jpg 600w\" sizes=\"(max-width: 800px) 100vw, 800px\" \/><\/div><\/div><\/div><\/div><div class=\"flex_column av_one_full  flex_column_div av-zero-column-padding first  avia-builder-el-2  el_after_av_one_full  el_before_av_one_full  column-top-margin\" style='border-radius:0px; '><section class=\"av_textblock_section \"  itemscope=\"itemscope\" itemtype=\"https:\/\/schema.org\/BlogPosting\" itemprop=\"blogPost\" ><div class='avia_textblock  '   itemprop=\"text\" ><p style=\"text-align: center;\"><strong><span style=\"font-size: 18pt;\">En subcomisi\u00f3n mixta de Presupuesto: Sandoval plante\u00f3 que articulaci\u00f3n p\u00fablico privada es clave para enfrentar crisis lanera en Ays\u00e9n <\/span><\/strong><\/p>\n<div id=\"gtx-trans\" style=\"position: absolute; left: -50px; top: 4.31534px;\">\n<div class=\"gtx-trans-icon\"><\/div>\n<\/div>\n<\/div><\/section><\/div><div class=\"flex_column av_one_full  flex_column_div av-zero-column-padding first  avia-builder-el-4  el_after_av_one_full  el_before_av_hr  column-top-margin\" style='border-radius:0px; '><section class=\"av_textblock_section \"  itemscope=\"itemscope\" itemtype=\"https:\/\/schema.org\/BlogPosting\" itemprop=\"blogPost\" ><div class='avia_textblock  '   itemprop=\"text\" ><p style=\"text-align: justify;\"><em>Ministro de Agricultura, Esteban Valenzuela, acogi\u00f3 el llamado y dijo que est\u00e1n disponibles para buscar alternativas que permitan abordar el problema <\/em><\/p>\n<p style=\"text-align: justify;\">Esta semana, en el Senado, continu\u00f3 debati\u00e9ndose la crisis lanera que afecta a la regi\u00f3n de Ays\u00e9n, esta vez en la subcomisi\u00f3n mixta de presupuesto donde se verific\u00f3 el avance de la ejecuci\u00f3n de recursos por parte del Ministerio de Agricultura.<\/p>\n<p style=\"text-align: justify;\">En ese contexto es que el senador David Sandoval, reiter\u00f3 su preocupaci\u00f3n por el estado actual del sector a nivel regional, recordando que hay varias iniciativas enfocadas en el uso de este producto, tema que considera es una v\u00eda para abordar la crisis, entre ellas lo que est\u00e1 haciendo el municipio de Lago Verde o la empresa Lanar, entre otras. \u201cLanarq, que es una empresa privada peque\u00f1a, tiene certificado el panel SIP (utilizando lana) cumpliendo todas las exigencias, pero en este minuto est\u00e1 radicada en Esquel, porque la regi\u00f3n no tiene las capacidades que se necesitan\u201d, indic\u00f3.<\/p>\n<p style=\"text-align: justify;\">El parlamentario reiter\u00f3 que existe la mesa lanar como instancia para abordar esta problem\u00e1tica, la cual qued\u00f3 plasmada en el protocolo de acuerdo suscrito junto al Presupuesto 2024. \u201cLa mesa no puede ser un mero t\u00edtulo donde se hacen algunas reuniones y la gente queda entrampada en el mismo lugar\u201d, recalc\u00f3.<\/p>\n<p style=\"text-align: justify;\">Por ello, insisti\u00f3 que la clave es \u201carticular al MINAGRI, MINVU, CORFO y las asociaciones gremiales para avanzar en estos temas\u201d, considerando que los problemas que se tienen est\u00e1n relacionados, entre otros, con las capacidades t\u00e9cnicas. \u201cEn la regi\u00f3n, un lavadero de lana produce 200 o 300 kilos al mes, usando casi una lavadora dom\u00e9stica y no s\u00e9 cu\u00e1nto m\u00e1s caro saldr\u00e1 una lavadora un poco m\u00e1s industrial para proceso mayor cantidad de lana\u201d, agreg\u00f3.<\/p>\n<p style=\"text-align: justify;\">Por lo tanto, dijo, el MINAGRI debe articular un trabajo \u201ccon menos ret\u00f3rica y m\u00e1s acci\u00f3n concreta\u201d, considerando que estamos pr\u00f3ximos a una nueva temporada para los productores laneros de la regi\u00f3n.<\/p>\n<p style=\"text-align: justify;\">En tanto, el ministerio de Agricultura, Esteban Valenzuela, afirm\u00f3 que, si bien es leg\u00edtimo el reclamo del senador Sandoval, \u201chemos estado preocupados y ocupados\u201d del problema, agregando que \u201ccomo dimos cuenta (en la subcomisi\u00f3n) ha habido inversi\u00f3n tanto de Indap como de Corfo, en el lavado de lana tambi\u00e9n en el tema de c\u00e1maras de fr\u00edo, aparte del trabajo de INIA de mejora gen\u00e9tica. Pero tambi\u00e9n proyectos CORFO en cuanto a pellet de lana\u201d.<\/p>\n<p style=\"text-align: justify;\">Pero donde Valenzuela hizo mayor hincapi\u00e9 fue en la importancia del trabajo conjunto con el Ministerio de Vivienda \u201cen el cual nos vamos a enfocar de lograr que se ocupe en la zona austral la lana como climatizador de los hogares\u201d, agregando que \u201ceso puede ser una alternativa de escalamiento y de industria sustentable, muy potente para los productores de lana y tambi\u00e9n de un uso eficiente de la energ\u00eda. Esto es muy com\u00fan en Europa del norte y eso hay que apoyarlo con todo como el senador pide\u201d.<\/p>\n<\/div><\/section><\/div><div  style='height:50px' class='hr hr-invisible   avia-builder-el-6  el_after_av_one_full  el_before_av_social_share '><span class='hr-inner ' ><span class='hr-inner-style'><\/span><\/span><\/div><\/p>\n<div  class='av-social-sharing-box  avia-builder-el-7  el_after_av_hr  el_before_av_hr  '><div class='av-share-box'><h5 class='av-share-link-description av-no-toc '>Compartir esta noticia<\/h5><ul class='av-share-box-list noLightbox'><li class='av-share-link av-social-link-facebook' ><a target=\"_blank\" aria-label=\"Compartir en Facebook\" href='https:\/\/www.facebook.com\/sharer.php?u=https:\/\/radiorevelacionfm.cl\/?p=44693&#038;t=En%20subcomisi%C3%B3n%20mixta%20de%20Presupuesto%3A%20Sandoval%20plante%C3%B3%20que%20articulaci%C3%B3n%20p%C3%BAblico%20privada%20es%20clave%20para%20enfrentar%20crisis%20lanera%20en%20Ays%C3%A9n' aria-hidden='false' data-av_icon='\ue8f3' data-av_iconfont='entypo-fontello' title='' data-avia-related-tooltip='Compartir en Facebook' rel=\"noopener\"><span class='avia_hidden_link_text'>Compartir en Facebook<\/span><\/a><\/li><li class='av-share-link av-social-link-twitter' ><a target=\"_blank\" aria-label=\"Compartir en Twitter\" href='https:\/\/twitter.com\/share?text=En%20subcomisi%C3%B3n%20mixta%20de%20Presupuesto%3A%20Sandoval%20plante%C3%B3%20que%20articulaci%C3%B3n%20p%C3%BAblico%20privada%20es%20clave%20para%20enfrentar%20crisis%20lanera%20en%20Ays%C3%A9n&#038;url=https:\/\/radiorevelacionfm.cl\/?p=44693' aria-hidden='false' data-av_icon='\ue8f1' data-av_iconfont='entypo-fontello' title='' data-avia-related-tooltip='Compartir en Twitter' rel=\"noopener\"><span class='avia_hidden_link_text'>Compartir en Twitter<\/span><\/a><\/li><li class='av-share-link av-social-link-whatsapp' ><a target=\"_blank\" aria-label=\"Compartir en Whatsapp\" href='https:\/\/api.whatsapp.com\/send?text=https:\/\/radiorevelacionfm.cl\/?p=44693' aria-hidden='false' data-av_icon='\uf232' data-av_iconfont='entypo-fontello' title='' data-avia-related-tooltip='Compartir en Whatsapp' rel=\"noopener\"><span class='avia_hidden_link_text'>Compartir en Whatsapp<\/span><\/a><\/li><li class='av-share-link av-social-link-linkedin' ><a target=\"_blank\" aria-label=\"Compartir en LinkedIn\" href='https:\/\/linkedin.com\/shareArticle?mini=true&#038;title=En%20subcomisi%C3%B3n%20mixta%20de%20Presupuesto%3A%20Sandoval%20plante%C3%B3%20que%20articulaci%C3%B3n%20p%C3%BAblico%20privada%20es%20clave%20para%20enfrentar%20crisis%20lanera%20en%20Ays%C3%A9n&#038;url=https:\/\/radiorevelacionfm.cl\/?p=44693' aria-hidden='false' data-av_icon='\ue8fc' data-av_iconfont='entypo-fontello' title='' data-avia-related-tooltip='Compartir en LinkedIn' rel=\"noopener\"><span class='avia_hidden_link_text'>Compartir en LinkedIn<\/span><\/a><\/li><li class='av-share-link av-social-link-mail' ><a  aria-label=\"Compartir por correo\" href='mailto:?subject=En%20subcomisi%C3%B3n%20mixta%20de%20Presupuesto%3A%20Sandoval%20plante%C3%B3%20que%20articulaci%C3%B3n%20p%C3%BAblico%20privada%20es%20clave%20para%20enfrentar%20crisis%20lanera%20en%20Ays%C3%A9n&#038;body=https:\/\/radiorevelacionfm.cl\/?p=44693' aria-hidden='false' data-av_icon='\ue805' data-av_iconfont='entypo-fontello' title='' data-avia-related-tooltip='Compartir por correo'><span class='avia_hidden_link_text'>Compartir por correo<\/span><\/a><\/li><\/ul><\/div><\/div>\n<div  style='height:50px' class='hr hr-invisible   avia-builder-el-8  el_after_av_social_share  el_before_av_comments_list '><span class='hr-inner ' ><span class='hr-inner-style'><\/span><\/span><\/div>\n<div  class='av-buildercomment  av-blog-meta-html-info-disabled av-blog-meta-tag-disabled  '><\/div>\n","protected":false},"excerpt":{"rendered":"","protected":false},"author":1,"featured_media":44694,"comment_status":"open","ping_status":"open","sticky":false,"template":"","format":"standard","meta":{"footnotes":""},"categories":[35],"tags":[],"class_list":["post-44693","post","type-post","status-publish","format-standard","has-post-thumbnail","hentry","category-politica"],"jetpack_featured_media_url":"https:\/\/radiorevelacionfm.cl\/wp-content\/uploads\/2024\/07\/subcomisiOn-mixta-presupuesto-1-1_optimized.jpg","_links":{"self":[{"href":"https:\/\/radiorevelacionfm.cl\/index.php?rest_route=\/wp\/v2\/posts\/44693","targetHints":{"allow":["GET"]}}],"collection":[{"href":"https:\/\/radiorevelacionfm.cl\/index.php?rest_route=\/wp\/v2\/posts"}],"about":[{"href":"https:\/\/radiorevelacionfm.cl\/index.php?rest_route=\/wp\/v2\/types\/post"}],"author":[{"embeddable":true,"href":"https:\/\/radiorevelacionfm.cl\/index.php?rest_route=\/wp\/v2\/users\/1"}],"replies":[{"embeddable":true,"href":"https:\/\/radiorevelacionfm.cl\/index.php?rest_route=%2Fwp%2Fv2%2Fcomments&post=44693"}],"version-history":[{"count":1,"href":"https:\/\/radiorevelacionfm.cl\/index.php?rest_route=\/wp\/v2\/posts\/44693\/revisions"}],"predecessor-version":[{"id":44695,"href":"https:\/\/radiorevelacionfm.cl\/index.php?rest_route=\/wp\/v2\/posts\/44693\/revisions\/44695"}],"wp:featuredmedia":[{"embeddable":true,"href":"https:\/\/radiorevelacionfm.cl\/index.php?rest_route=\/wp\/v2\/media\/44694"}],"wp:attachment":[{"href":"https:\/\/radiorevelacionfm.cl\/index.php?rest_route=%2Fwp%2Fv2%2Fmedia&parent=44693"}],"wp:term":[{"taxonomy":"category","embeddable":true,"href":"https:\/\/radiorevelacionfm.cl\/index.php?rest_route=%2Fwp%2Fv2%2Fcategories&post=44693"},{"taxonomy":"post_tag","embeddable":true,"href":"https:\/\/radiorevelacionfm.cl\/index.php?rest_route=%2Fwp%2Fv2%2Ftags&post=44693"}],"curies":[{"name":"wp","href":"https:\/\/api.w.org\/{rel}","templated":true}]}}