{"id":44690,"date":"2024-08-01T11:16:04","date_gmt":"2024-08-01T14:16:04","guid":{"rendered":"https:\/\/radiorevelacionfm.cl\/?p=44690"},"modified":"2024-08-01T11:16:04","modified_gmt":"2024-08-01T14:16:04","slug":"autoridades-constatan-avances-en-la-implementacion-de-primera-planta-regional-de-pellet","status":"publish","type":"post","link":"https:\/\/radiorevelacionfm.cl\/?p=44690","title":{"rendered":"Autoridades constatan avances en la implementaci\u00f3n de primera planta regional de pellet"},"content":{"rendered":"<div class=\"flex_column av_one_full  flex_column_div av-zero-column-padding first  avia-builder-el-0  el_before_av_one_full  avia-builder-el-first  \" style='border-radius:0px; '><div  class='avia-image-container  av-styling-    avia-builder-el-1  avia-builder-el-no-sibling  avia-align-center '  itemprop=\"image\" itemscope=\"itemscope\" itemtype=\"https:\/\/schema.org\/ImageObject\"  ><div class='avia-image-container-inner'><div class='avia-image-overlay-wrap'><img decoding=\"async\" class='wp-image-44691 avia-img-lazy-loading-not-44691 avia_image' src=\"https:\/\/radiorevelacionfm.cl\/wp-content\/uploads\/2024\/07\/pellet1-1_optimized-1.jpg\" alt='' title='pellet1-(1)_optimized (1)' height=\"600\" width=\"1067\"  itemprop=\"thumbnailUrl\" srcset=\"https:\/\/radiorevelacionfm.cl\/wp-content\/uploads\/2024\/07\/pellet1-1_optimized-1.jpg 1067w, https:\/\/radiorevelacionfm.cl\/wp-content\/uploads\/2024\/07\/pellet1-1_optimized-1-300x169.jpg 300w, https:\/\/radiorevelacionfm.cl\/wp-content\/uploads\/2024\/07\/pellet1-1_optimized-1-1030x579.jpg 1030w, https:\/\/radiorevelacionfm.cl\/wp-content\/uploads\/2024\/07\/pellet1-1_optimized-1-768x432.jpg 768w, https:\/\/radiorevelacionfm.cl\/wp-content\/uploads\/2024\/07\/pellet1-1_optimized-1-705x396.jpg 705w, https:\/\/radiorevelacionfm.cl\/wp-content\/uploads\/2024\/07\/pellet1-1_optimized-1-450x253.jpg 450w, https:\/\/radiorevelacionfm.cl\/wp-content\/uploads\/2024\/07\/pellet1-1_optimized-1-600x337.jpg 600w\" sizes=\"(max-width: 1067px) 100vw, 1067px\" \/><\/div><\/div><\/div><\/div><div class=\"flex_column av_one_full  flex_column_div av-zero-column-padding first  avia-builder-el-2  el_after_av_one_full  el_before_av_one_full  column-top-margin\" style='border-radius:0px; '><section class=\"av_textblock_section \"  itemscope=\"itemscope\" itemtype=\"https:\/\/schema.org\/BlogPosting\" itemprop=\"blogPost\" ><div class='avia_textblock  '   itemprop=\"text\" ><p style=\"text-align: center;\"><span style=\"font-size: 18pt;\"><strong>Autoridades constatan avances en la implementaci\u00f3n de primera planta regional de pellet <\/strong><\/span><\/p>\n<div id=\"gtx-trans\" style=\"position: absolute; left: -50px; top: 4.31534px;\">\n<div class=\"gtx-trans-icon\"><\/div>\n<\/div>\n<\/div><\/section><\/div><div class=\"flex_column av_one_full  flex_column_div av-zero-column-padding first  avia-builder-el-4  el_after_av_one_full  el_before_av_hr  column-top-margin\" style='border-radius:0px; '><section class=\"av_textblock_section \"  itemscope=\"itemscope\" itemtype=\"https:\/\/schema.org\/BlogPosting\" itemprop=\"blogPost\" ><div class='avia_textblock  '   itemprop=\"text\" ><p style=\"text-align: justify;\"><em>Ante proceso de postulaciones al programa de recambio de calefactores empresa asegura producci\u00f3n que supera tres veces demanda regional.<\/em><\/p>\n<p style=\"text-align: justify;\">En una visita inspectiva, los seremis de Medio Ambiente, Energ\u00eda y Vivienda y Urbanismo MINVU, constataron en terreno los avances de la primera planta de pellet de la regi\u00f3n de Ays\u00e9n que ya estar\u00eda pr\u00f3xima a la comercializaci\u00f3n de sus primeras bolsas.<\/p>\n<p style=\"text-align: justify;\">El Seremi de Energ\u00eda, Tom\u00e1s Laibe destac\u00f3 que la visita inspectiva se realiza en el marco del trabajo colaborativo con las Seremis de Medio Ambiente y MINVU para abordar el problema de la contaminaci\u00f3n en la regi\u00f3n de Ays\u00e9n y particularmente en las comunas que est\u00e1n con declaraci\u00f3n de zona saturada \u201cCreemos que esta planta va a aportar sustantivamente a ese esfuerzo. Adem\u00e1s, viene a introducir una mejora en el proceso de la producci\u00f3n, no depende de subproductos de la industria, como el aserr\u00edn en otros lados, sino que viene directo desde el bosque, desde ac\u00e1 de la regi\u00f3n de Ays\u00e9n. Por lo tanto, tiene ciertas ventajas y creemos que tambi\u00e9n pueden aprovechar sector le\u00f1ero, que pueden vender y ser proveedores de insumos de biomasa para esta industria\u201d, valor\u00f3 Laibe, agregando que es una buena oportunidad para la pronta entrada en vigencia de la Ley de Biocombustible que va a implicar elevar los est\u00e1ndares de los productos vinculados a la biomasa.<\/p>\n<p style=\"text-align: justify;\">Por su parte el Seremi de Medio Ambiente, Yol D\u00edaz, relev\u00f3 la importancia de la pronta activaci\u00f3n de la planta y la disponibilidad de stock regional en el marco del programa de recambio de calefactores, que seg\u00fan anunci\u00f3 la Ministra del Medio Ambiente, Maisa Rojas, en su visita a Ays\u00e9n gracias al apoyo del Gobierno Regional, se cuenta con el hist\u00f3rico n\u00famero de 1.400 recambios para este a\u00f1o \u201cEstamos viendo el proceso de esta planta que nos va a permitir tambi\u00e9n esa soberan\u00eda energ\u00e9tica con respecto al abastecimiento de pellet, lo que nos permite tambi\u00e9n darles confianza a los usuarios actuales del programa de recambio y quienes vengan y postulen, porque efectivamente va a haber un precio tambi\u00e9n razonable y justo\u201d, recalc\u00f3 Yoal D\u00edaz.<\/p>\n<p style=\"text-align: justify;\">En la visita guiada por el Gerente General de Ecom\u00e1s, Felipe Salazar, las autoridades constataron el avance y muy pronta activaci\u00f3n de la esperada planta productora \u201cestamos llegando ya a la fase final, estamos llegando ya a una planta que nos tiene bastante contentos en su dise\u00f1o. Nosotros creemos que ya vamos a tener las primeras bolsas dentro de las pr\u00f3ximas semanas, comercializando ya en la ciudad de Coyhaique\u201d, declar\u00f3 Salazar, destacando que la capacidad productiva de esta planta es tres veces el consumo en la regi\u00f3n \u201clo que s\u00ed les puedo asegurar es que no vamos a volver a tener esas crisis terribles que vivimos todos juntos en esta zona. Por lo tanto, el desabastecimiento est\u00e1 en el pasado\u201d. Respecto al precio, el gerente de Ecom\u00e1s indic\u00f3 al reducir el costo considerado en flete el precio deber\u00eda tener un ajuste y reducirse en los pr\u00f3ximos meses.<\/p>\n<p style=\"text-align: justify;\">Finalmente la Seremi MINVU, Paulina Ruz, relev\u00f3 la importancia del trabajo conjunto hacia una mirada estrat\u00e9gica regional \u201cel problema de la contaminaci\u00f3n va m\u00e1s all\u00e1, no es solamente de Energ\u00eda, o Medio Ambiente, sino que somos otros organismos como es el MINVU, que tambi\u00e9n podemos aportar a disminuir la contaminaci\u00f3n y con estas iniciativas de c\u00f3mo quiz\u00e1s en futuros proyectos habitacionales, a trav\u00e9s de nuestros distintos programas, se pueden ir incorporando este tipo de calefacci\u00f3n para las familias, pensando adem\u00e1s en el ahorro que ello conlleva\u201d, concluy\u00f3..<\/p>\n<\/div><\/section><\/div><div  style='height:50px' class='hr hr-invisible   avia-builder-el-6  el_after_av_one_full  el_before_av_social_share '><span class='hr-inner ' ><span class='hr-inner-style'><\/span><\/span><\/div><\/p>\n<div  class='av-social-sharing-box  avia-builder-el-7  el_after_av_hr  el_before_av_hr  '><div class='av-share-box'><h5 class='av-share-link-description av-no-toc '>Compartir esta noticia<\/h5><ul class='av-share-box-list noLightbox'><li class='av-share-link av-social-link-facebook' ><a target=\"_blank\" aria-label=\"Compartir en Facebook\" href='https:\/\/www.facebook.com\/sharer.php?u=https:\/\/radiorevelacionfm.cl\/?p=44690&#038;t=Autoridades%20constatan%20avances%20en%20la%20implementaci%C3%B3n%20de%20primera%20planta%20regional%20de%20pellet' aria-hidden='false' data-av_icon='\ue8f3' data-av_iconfont='entypo-fontello' title='' data-avia-related-tooltip='Compartir en Facebook' rel=\"noopener\"><span class='avia_hidden_link_text'>Compartir en Facebook<\/span><\/a><\/li><li class='av-share-link av-social-link-twitter' ><a target=\"_blank\" aria-label=\"Compartir en Twitter\" href='https:\/\/twitter.com\/share?text=Autoridades%20constatan%20avances%20en%20la%20implementaci%C3%B3n%20de%20primera%20planta%20regional%20de%20pellet&#038;url=https:\/\/radiorevelacionfm.cl\/?p=44690' aria-hidden='false' data-av_icon='\ue8f1' data-av_iconfont='entypo-fontello' title='' data-avia-related-tooltip='Compartir en Twitter' rel=\"noopener\"><span class='avia_hidden_link_text'>Compartir en Twitter<\/span><\/a><\/li><li class='av-share-link av-social-link-whatsapp' ><a target=\"_blank\" aria-label=\"Compartir en Whatsapp\" href='https:\/\/api.whatsapp.com\/send?text=https:\/\/radiorevelacionfm.cl\/?p=44690' aria-hidden='false' data-av_icon='\uf232' data-av_iconfont='entypo-fontello' title='' data-avia-related-tooltip='Compartir en Whatsapp' rel=\"noopener\"><span class='avia_hidden_link_text'>Compartir en Whatsapp<\/span><\/a><\/li><li class='av-share-link av-social-link-linkedin' ><a target=\"_blank\" aria-label=\"Compartir en LinkedIn\" href='https:\/\/linkedin.com\/shareArticle?mini=true&#038;title=Autoridades%20constatan%20avances%20en%20la%20implementaci%C3%B3n%20de%20primera%20planta%20regional%20de%20pellet&#038;url=https:\/\/radiorevelacionfm.cl\/?p=44690' aria-hidden='false' data-av_icon='\ue8fc' data-av_iconfont='entypo-fontello' title='' data-avia-related-tooltip='Compartir en LinkedIn' rel=\"noopener\"><span class='avia_hidden_link_text'>Compartir en LinkedIn<\/span><\/a><\/li><li class='av-share-link av-social-link-mail' ><a  aria-label=\"Compartir por correo\" href='mailto:?subject=Autoridades%20constatan%20avances%20en%20la%20implementaci%C3%B3n%20de%20primera%20planta%20regional%20de%20pellet&#038;body=https:\/\/radiorevelacionfm.cl\/?p=44690' aria-hidden='false' data-av_icon='\ue805' data-av_iconfont='entypo-fontello' title='' data-avia-related-tooltip='Compartir por correo'><span class='avia_hidden_link_text'>Compartir por correo<\/span><\/a><\/li><\/ul><\/div><\/div>\n<div  style='height:50px' class='hr hr-invisible   avia-builder-el-8  el_after_av_social_share  el_before_av_comments_list '><span class='hr-inner ' ><span class='hr-inner-style'><\/span><\/span><\/div>\n<div  class='av-buildercomment  av-blog-meta-html-info-disabled av-blog-meta-tag-disabled  '><\/div>\n","protected":false},"excerpt":{"rendered":"","protected":false},"author":1,"featured_media":44691,"comment_status":"open","ping_status":"open","sticky":false,"template":"","format":"standard","meta":{"footnotes":""},"categories":[39],"tags":[],"class_list":["post-44690","post","type-post","status-publish","format-standard","has-post-thumbnail","hentry","category-medio-ambiente"],"jetpack_featured_media_url":"https:\/\/radiorevelacionfm.cl\/wp-content\/uploads\/2024\/07\/pellet1-1_optimized-1.jpg","_links":{"self":[{"href":"https:\/\/radiorevelacionfm.cl\/index.php?rest_route=\/wp\/v2\/posts\/44690","targetHints":{"allow":["GET"]}}],"collection":[{"href":"https:\/\/radiorevelacionfm.cl\/index.php?rest_route=\/wp\/v2\/posts"}],"about":[{"href":"https:\/\/radiorevelacionfm.cl\/index.php?rest_route=\/wp\/v2\/types\/post"}],"author":[{"embeddable":true,"href":"https:\/\/radiorevelacionfm.cl\/index.php?rest_route=\/wp\/v2\/users\/1"}],"replies":[{"embeddable":true,"href":"https:\/\/radiorevelacionfm.cl\/index.php?rest_route=%2Fwp%2Fv2%2Fcomments&post=44690"}],"version-history":[{"count":1,"href":"https:\/\/radiorevelacionfm.cl\/index.php?rest_route=\/wp\/v2\/posts\/44690\/revisions"}],"predecessor-version":[{"id":44692,"href":"https:\/\/radiorevelacionfm.cl\/index.php?rest_route=\/wp\/v2\/posts\/44690\/revisions\/44692"}],"wp:featuredmedia":[{"embeddable":true,"href":"https:\/\/radiorevelacionfm.cl\/index.php?rest_route=\/wp\/v2\/media\/44691"}],"wp:attachment":[{"href":"https:\/\/radiorevelacionfm.cl\/index.php?rest_route=%2Fwp%2Fv2%2Fmedia&parent=44690"}],"wp:term":[{"taxonomy":"category","embeddable":true,"href":"https:\/\/radiorevelacionfm.cl\/index.php?rest_route=%2Fwp%2Fv2%2Fcategories&post=44690"},{"taxonomy":"post_tag","embeddable":true,"href":"https:\/\/radiorevelacionfm.cl\/index.php?rest_route=%2Fwp%2Fv2%2Ftags&post=44690"}],"curies":[{"name":"wp","href":"https:\/\/api.w.org\/{rel}","templated":true}]}}