{"id":44685,"date":"2024-07-31T22:57:48","date_gmt":"2024-08-01T01:57:48","guid":{"rendered":"https:\/\/radiorevelacionfm.cl\/?p=44685"},"modified":"2024-07-31T22:57:48","modified_gmt":"2024-08-01T01:57:48","slug":"en-prision-preventiva-quedo-imputado-por-homicidio-en-coyhaique","status":"publish","type":"post","link":"https:\/\/radiorevelacionfm.cl\/?p=44685","title":{"rendered":"En prisi\u00f3n preventiva qued\u00f3 imputado por homicidio en Coyhaique"},"content":{"rendered":"<div class=\"flex_column av_one_full  flex_column_div av-zero-column-padding first  avia-builder-el-0  el_before_av_one_full  avia-builder-el-first  \" style='border-radius:0px; '><div  class='avia-image-container  av-styling-    avia-builder-el-1  avia-builder-el-no-sibling  avia-align-center '  itemprop=\"image\" itemscope=\"itemscope\" itemtype=\"https:\/\/schema.org\/ImageObject\"  ><div class='avia-image-container-inner'><div class='avia-image-overlay-wrap'><img decoding=\"async\" class='wp-image-44706 avia-img-lazy-loading-not-44706 avia_image' src=\"https:\/\/radiorevelacionfm.cl\/wp-content\/uploads\/2024\/07\/Homicidio-Coyhaique-1-2-1.jpg\" alt='' title='Homicidio Coyhaique (1) (2) (1)' height=\"600\" width=\"902\"  itemprop=\"thumbnailUrl\" srcset=\"https:\/\/radiorevelacionfm.cl\/wp-content\/uploads\/2024\/07\/Homicidio-Coyhaique-1-2-1.jpg 902w, https:\/\/radiorevelacionfm.cl\/wp-content\/uploads\/2024\/07\/Homicidio-Coyhaique-1-2-1-300x200.jpg 300w, https:\/\/radiorevelacionfm.cl\/wp-content\/uploads\/2024\/07\/Homicidio-Coyhaique-1-2-1-768x511.jpg 768w, https:\/\/radiorevelacionfm.cl\/wp-content\/uploads\/2024\/07\/Homicidio-Coyhaique-1-2-1-705x469.jpg 705w, https:\/\/radiorevelacionfm.cl\/wp-content\/uploads\/2024\/07\/Homicidio-Coyhaique-1-2-1-450x299.jpg 450w, https:\/\/radiorevelacionfm.cl\/wp-content\/uploads\/2024\/07\/Homicidio-Coyhaique-1-2-1-600x399.jpg 600w\" sizes=\"(max-width: 902px) 100vw, 902px\" \/><\/div><\/div><\/div><\/div><div class=\"flex_column av_one_full  flex_column_div av-zero-column-padding first  avia-builder-el-2  el_after_av_one_full  el_before_av_one_full  column-top-margin\" style='border-radius:0px; '><section class=\"av_textblock_section \"  itemscope=\"itemscope\" itemtype=\"https:\/\/schema.org\/BlogPosting\" itemprop=\"blogPost\" ><div class='avia_textblock  '   itemprop=\"text\" ><p style=\"text-align: center;\"><strong><span style=\"font-size: 18pt;\">En prisi\u00f3n preventiva qued\u00f3 imputado por homicidio en Coyhaique<\/span><\/strong><\/p>\n<div id=\"gtx-trans\" style=\"position: absolute; left: -50px; top: 4.31534px;\">\n<div class=\"gtx-trans-icon\"><\/div>\n<\/div>\n<\/div><\/section><\/div><div class=\"flex_column av_one_full  flex_column_div av-zero-column-padding first  avia-builder-el-4  el_after_av_one_full  el_before_av_hr  column-top-margin\" style='border-radius:0px; '><section class=\"av_textblock_section \"  itemscope=\"itemscope\" itemtype=\"https:\/\/schema.org\/BlogPosting\" itemprop=\"blogPost\" ><div class='avia_textblock  '   itemprop=\"text\" ><p style=\"font-weight: 400; text-align: justify;\">\u201cProducto de una discusi\u00f3n, se produce una agresi\u00f3n con un arma blanca causando la muerte de una persona\u201d, explic\u00f3 el fiscal jefe de Coyhaique, Jos\u00e9 Moris.<\/p>\n<p style=\"font-weight: 400; text-align: justify;\">A solicitud del Ministerio P\u00fablico, fue puesto en prisi\u00f3n preventiva un imputado de 45 a\u00f1os, como autor del delito de homicidio simple en contra de una v\u00edctima de 41 a\u00f1os, hecho ocurrido la tarde del domingo en Coyhaique<\/p>\n<p style=\"font-weight: 400; text-align: justify;\">Seg\u00fan expuso en la audiencia el abogado asistente Sebasti\u00e1n Vild\u00f3sola, el 28 de julio a las 17:45 horas aproximadamente, al interior de un domicilio ubicado en calle Arturo Aldunate, sector alto de la ciudad, el imputado mantuvo una discusi\u00f3n con la v\u00edctima para luego, sin justificaci\u00f3n alguna y con \u00e1nimo homicida, agredirlo con un arma blanca, propin\u00e1ndole dos pu\u00f1aladas en el t\u00f3rax lo que provoc\u00f3 su muerte. Luego del homicidio, el imputado se dio a la fuga del lugar.<\/p>\n<p style=\"font-weight: 400; text-align: justify;\">En tanto el fiscal jefe de Coyhaique, Jos\u00e9 Moris, explic\u00f3 que \u201cel domingo se produjo un homicidio en el sector alto de la ciudad, en un domicilio donde un grupo de personas se encontraba compartiendo bebidas alcoh\u00f3licas. Producto de una discusi\u00f3n, se produce una agresi\u00f3n con un arma blanca causando la muerte de una persona\u201d.<\/p>\n<p style=\"font-weight: 400; text-align: justify;\">El persecutor penal agreg\u00f3 que \u201clas diligencias realizadas por Carabineros en primera instancia y por la Brigada de Homicidios de la PDI a continuaci\u00f3n, permitieron la identificaci\u00f3n del sujeto el que fue detenido el d\u00eda lunes y ampliada su detenci\u00f3n hasta el d\u00eda de hoy, en que fue formalizado por homicidio\u201d.<\/p>\n<p style=\"font-weight: 400; text-align: justify;\">El fiscal Moris precis\u00f3 que en la audiencia, la Fiscal\u00eda solicit\u00f3 la medida cautelar de prisi\u00f3n preventiva \u201cal Juzgado de Garant\u00eda de Coyhaique, el que producto de los fundamentos y las diligencias ya realizadas, acept\u00f3 imponer dicha cautelar al imputado\u201d.<\/p>\n<p style=\"font-weight: 400; text-align: justify;\">En este caso, se fij\u00f3 un plazo de investigaci\u00f3n de 90 d\u00edas, por parte del tribunal, \u201cy la orden de investigar se encuentra desde el domingo en poder de la Brigada de Homicidios de la Polic\u00eda de Investigaciones\u201d, finaliz\u00f3 el fiscal jefe de Coyhaique.<\/p>\n<\/div><\/section><\/div><\/p>\n<div  style='height:50px' class='hr hr-invisible   avia-builder-el-6  el_after_av_one_full  el_before_av_social_share '><span class='hr-inner ' ><span class='hr-inner-style'><\/span><\/span><\/div>\n<div  class='av-social-sharing-box  avia-builder-el-7  el_after_av_hr  el_before_av_hr  '><div class='av-share-box'><h5 class='av-share-link-description av-no-toc '>Compartir esta noticia<\/h5><ul class='av-share-box-list noLightbox'><li class='av-share-link av-social-link-facebook' ><a target=\"_blank\" aria-label=\"Compartir en Facebook\" href='https:\/\/www.facebook.com\/sharer.php?u=https:\/\/radiorevelacionfm.cl\/?p=44685&#038;t=En%20prisi%C3%B3n%20preventiva%20qued%C3%B3%20imputado%20por%20homicidio%20en%20Coyhaique' aria-hidden='false' data-av_icon='\ue8f3' data-av_iconfont='entypo-fontello' title='' data-avia-related-tooltip='Compartir en Facebook' rel=\"noopener\"><span class='avia_hidden_link_text'>Compartir en Facebook<\/span><\/a><\/li><li class='av-share-link av-social-link-twitter' ><a target=\"_blank\" aria-label=\"Compartir en Twitter\" href='https:\/\/twitter.com\/share?text=En%20prisi%C3%B3n%20preventiva%20qued%C3%B3%20imputado%20por%20homicidio%20en%20Coyhaique&#038;url=https:\/\/radiorevelacionfm.cl\/?p=44685' aria-hidden='false' data-av_icon='\ue8f1' data-av_iconfont='entypo-fontello' title='' data-avia-related-tooltip='Compartir en Twitter' rel=\"noopener\"><span class='avia_hidden_link_text'>Compartir en Twitter<\/span><\/a><\/li><li class='av-share-link av-social-link-whatsapp' ><a target=\"_blank\" aria-label=\"Compartir en Whatsapp\" href='https:\/\/api.whatsapp.com\/send?text=https:\/\/radiorevelacionfm.cl\/?p=44685' aria-hidden='false' data-av_icon='\uf232' data-av_iconfont='entypo-fontello' title='' data-avia-related-tooltip='Compartir en Whatsapp' rel=\"noopener\"><span class='avia_hidden_link_text'>Compartir en Whatsapp<\/span><\/a><\/li><li class='av-share-link av-social-link-linkedin' ><a target=\"_blank\" aria-label=\"Compartir en LinkedIn\" href='https:\/\/linkedin.com\/shareArticle?mini=true&#038;title=En%20prisi%C3%B3n%20preventiva%20qued%C3%B3%20imputado%20por%20homicidio%20en%20Coyhaique&#038;url=https:\/\/radiorevelacionfm.cl\/?p=44685' aria-hidden='false' data-av_icon='\ue8fc' data-av_iconfont='entypo-fontello' title='' data-avia-related-tooltip='Compartir en LinkedIn' rel=\"noopener\"><span class='avia_hidden_link_text'>Compartir en LinkedIn<\/span><\/a><\/li><li class='av-share-link av-social-link-mail' ><a  aria-label=\"Compartir por correo\" href='mailto:?subject=En%20prisi%C3%B3n%20preventiva%20qued%C3%B3%20imputado%20por%20homicidio%20en%20Coyhaique&#038;body=https:\/\/radiorevelacionfm.cl\/?p=44685' aria-hidden='false' data-av_icon='\ue805' data-av_iconfont='entypo-fontello' title='' data-avia-related-tooltip='Compartir por correo'><span class='avia_hidden_link_text'>Compartir por correo<\/span><\/a><\/li><\/ul><\/div><\/div>\n<div  style='height:50px' class='hr hr-invisible   avia-builder-el-8  el_after_av_social_share  el_before_av_comments_list '><span class='hr-inner ' ><span class='hr-inner-style'><\/span><\/span><\/div>\n<div  class='av-buildercomment  av-blog-meta-html-info-disabled av-blog-meta-tag-disabled  '><\/div>\n","protected":false},"excerpt":{"rendered":"","protected":false},"author":1,"featured_media":44706,"comment_status":"open","ping_status":"open","sticky":false,"template":"","format":"standard","meta":{"footnotes":""},"categories":[55],"tags":[],"class_list":["post-44685","post","type-post","status-publish","format-standard","has-post-thumbnail","hentry","category-justicia"],"jetpack_featured_media_url":"https:\/\/radiorevelacionfm.cl\/wp-content\/uploads\/2024\/07\/Homicidio-Coyhaique-1-2-1.jpg","_links":{"self":[{"href":"https:\/\/radiorevelacionfm.cl\/index.php?rest_route=\/wp\/v2\/posts\/44685","targetHints":{"allow":["GET"]}}],"collection":[{"href":"https:\/\/radiorevelacionfm.cl\/index.php?rest_route=\/wp\/v2\/posts"}],"about":[{"href":"https:\/\/radiorevelacionfm.cl\/index.php?rest_route=\/wp\/v2\/types\/post"}],"author":[{"embeddable":true,"href":"https:\/\/radiorevelacionfm.cl\/index.php?rest_route=\/wp\/v2\/users\/1"}],"replies":[{"embeddable":true,"href":"https:\/\/radiorevelacionfm.cl\/index.php?rest_route=%2Fwp%2Fv2%2Fcomments&post=44685"}],"version-history":[{"count":2,"href":"https:\/\/radiorevelacionfm.cl\/index.php?rest_route=\/wp\/v2\/posts\/44685\/revisions"}],"predecessor-version":[{"id":44707,"href":"https:\/\/radiorevelacionfm.cl\/index.php?rest_route=\/wp\/v2\/posts\/44685\/revisions\/44707"}],"wp:featuredmedia":[{"embeddable":true,"href":"https:\/\/radiorevelacionfm.cl\/index.php?rest_route=\/wp\/v2\/media\/44706"}],"wp:attachment":[{"href":"https:\/\/radiorevelacionfm.cl\/index.php?rest_route=%2Fwp%2Fv2%2Fmedia&parent=44685"}],"wp:term":[{"taxonomy":"category","embeddable":true,"href":"https:\/\/radiorevelacionfm.cl\/index.php?rest_route=%2Fwp%2Fv2%2Fcategories&post=44685"},{"taxonomy":"post_tag","embeddable":true,"href":"https:\/\/radiorevelacionfm.cl\/index.php?rest_route=%2Fwp%2Fv2%2Ftags&post=44685"}],"curies":[{"name":"wp","href":"https:\/\/api.w.org\/{rel}","templated":true}]}}