{"id":44682,"date":"2024-08-01T11:00:59","date_gmt":"2024-08-01T14:00:59","guid":{"rendered":"https:\/\/radiorevelacionfm.cl\/?p=44682"},"modified":"2024-08-01T11:00:59","modified_gmt":"2024-08-01T14:00:59","slug":"retorno-a-clases-salud-llama-a-mantener-medidas-preventivas-ante-aumento-de-virus-respiratorios","status":"publish","type":"post","link":"https:\/\/radiorevelacionfm.cl\/?p=44682","title":{"rendered":"Retorno a clases: Salud llama a mantener medidas preventivas ante aumento de virus respiratorios"},"content":{"rendered":"<div class=\"flex_column av_one_full  flex_column_div av-zero-column-padding first  avia-builder-el-0  el_before_av_one_full  avia-builder-el-first  \" style='border-radius:0px; '><div  class='avia-image-container  av-styling-    avia-builder-el-1  avia-builder-el-no-sibling  avia-align-center '  itemprop=\"image\" itemscope=\"itemscope\" itemtype=\"https:\/\/schema.org\/ImageObject\"  ><div class='avia-image-container-inner'><div class='avia-image-overlay-wrap'><img decoding=\"async\" class='wp-image-44683 avia-img-lazy-loading-not-44683 avia_image' src=\"https:\/\/radiorevelacionfm.cl\/wp-content\/uploads\/2024\/07\/RETORNO-SEGURO-II-SEMESTRE-2024-3-1-1.jpeg\" alt='' title='RETORNO SEGURO II SEMESTRE 2024 (3) (1) (1)' height=\"600\" width=\"800\"  itemprop=\"thumbnailUrl\" srcset=\"https:\/\/radiorevelacionfm.cl\/wp-content\/uploads\/2024\/07\/RETORNO-SEGURO-II-SEMESTRE-2024-3-1-1.jpeg 800w, https:\/\/radiorevelacionfm.cl\/wp-content\/uploads\/2024\/07\/RETORNO-SEGURO-II-SEMESTRE-2024-3-1-1-300x225.jpeg 300w, https:\/\/radiorevelacionfm.cl\/wp-content\/uploads\/2024\/07\/RETORNO-SEGURO-II-SEMESTRE-2024-3-1-1-768x576.jpeg 768w, https:\/\/radiorevelacionfm.cl\/wp-content\/uploads\/2024\/07\/RETORNO-SEGURO-II-SEMESTRE-2024-3-1-1-705x529.jpeg 705w, https:\/\/radiorevelacionfm.cl\/wp-content\/uploads\/2024\/07\/RETORNO-SEGURO-II-SEMESTRE-2024-3-1-1-450x338.jpeg 450w, https:\/\/radiorevelacionfm.cl\/wp-content\/uploads\/2024\/07\/RETORNO-SEGURO-II-SEMESTRE-2024-3-1-1-600x450.jpeg 600w\" sizes=\"(max-width: 800px) 100vw, 800px\" \/><\/div><\/div><\/div><\/div><div class=\"flex_column av_one_full  flex_column_div av-zero-column-padding first  avia-builder-el-2  el_after_av_one_full  el_before_av_one_full  column-top-margin\" style='border-radius:0px; '><section class=\"av_textblock_section \"  itemscope=\"itemscope\" itemtype=\"https:\/\/schema.org\/BlogPosting\" itemprop=\"blogPost\" ><div class='avia_textblock  '   itemprop=\"text\" ><p style=\"text-align: center;\"><span style=\"font-size: 18pt;\"><strong>Retorno a clases: Salud llama a mantener medidas preventivas ante aumento de virus respiratorios<\/strong><\/span><\/p>\n<div id=\"gtx-trans\" style=\"position: absolute; left: -50px; top: 4.31534px;\">\n<div class=\"gtx-trans-icon\"><\/div>\n<\/div>\n<\/div><\/section><\/div><div class=\"flex_column av_one_full  flex_column_div av-zero-column-padding first  avia-builder-el-4  el_after_av_one_full  el_before_av_hr  column-top-margin\" style='border-radius:0px; '><section class=\"av_textblock_section \"  itemscope=\"itemscope\" itemtype=\"https:\/\/schema.org\/BlogPosting\" itemprop=\"blogPost\" ><div class='avia_textblock  '   itemprop=\"text\" ><p style=\"text-align: justify;\"><em>Influenza A, Rinovirus y Covid19 han sido los virus con mayor circulaci\u00f3n en lo que va del invierno 2024, siendo los m\u00e1s afectados <\/em><em>los menores de 5 a\u00f1os y adultos de 20 a 64 a\u00f1os de edad.<\/em><\/p>\n<p style=\"text-align: justify;\">El mes de agosto es una de las \u00e9pocas m\u00e1s complejas en lo que respecta a enfermedades respiratorias en la regi\u00f3n de Ays\u00e9n, y es que el retorno a clases de los establecimientos educacionales, sumado a las condiciones clim\u00e1ticas propias de esta \u00e9poca en la regi\u00f3n, crean un ambiente propicio para la proliferaci\u00f3n de virus.<\/p>\n<p style=\"text-align: justify;\">Si bien los virus circulantes en la regi\u00f3n de Ays\u00e9n han disminuido notablemente en relaci\u00f3n al a\u00f1o anterior, en lo que va del a\u00f1o 2024 los que m\u00e1s han circulado en la poblaci\u00f3n regional son Influenza A, Rinovirus y Covid19. En ese sentido, el grupo etario m\u00e1s afectado son los menores de 5 a\u00f1os con 49,9%, seguido por adultos de 20 a 64 a\u00f1os con 22,2% de los casos respectivamente.<\/p>\n<p style=\"text-align: justify;\">\u201cSabemos que las enfermedades respiratorias, particularmente en este periodo del a\u00f1o, son las que causan la mayor mortalidad y morbilidad en la poblaci\u00f3n infantil. Es por eso que queremos invitar a todas las familias con ni\u00f1os desde los 6 meses hasta los 6 a\u00f1os que no han recibido la vacuna contra la influenza lo hagan, porque todav\u00eda est\u00e1 disponible esta protecci\u00f3n en todos los centros de salud\u201d, indic\u00f3 la Seremi de Salud Ays\u00e9n, Carmen Monsalve G\u00f3mez.<\/p>\n<p style=\"text-align: justify;\">Si bien las cifras en torno a enfermedades respiratorias y virus circulantes en ni\u00f1os y ni\u00f1as en edad preescolar est\u00e1n muy por debajo de lo observado en los \u00faltimos a\u00f1os, a fines del mes de junio se registraron los primeros casos de Virus Respiratorio Sincicial (VRS). Sin embargo, a la fecha no se han presentado cuadros graves que requieran hospitalizaciones en servicios cr\u00edticos -UTI o UCI- ni traslados extrarregionales, en gran parte gracias a la incorporaci\u00f3n en nuestro pa\u00eds de Nirservimab, anticuerpo monoclonal que desde abril de 2024 est\u00e1 siendo administrado a todos los nacidos desde el 01 de octubre de 2023 en adelante.<\/p>\n<p style=\"text-align: justify;\">\u201cTodos los ni\u00f1os nacidos desde el 1 de octubre de 2023 que no han recibido su protecci\u00f3n contra el virus respiratorio sincicial es momento de hacerlo. Llamamos a las familias a estar atentas a las se\u00f1ales de alerta, particularmente de enfermedades infectocontagiosas en este periodo del a\u00f1o, para que haya una asistencia adecuada y responsable de los ni\u00f1os y ni\u00f1as a clases\u201d, enfatiz\u00f3 la autoridad sanitaria, haciendo un llamado a fortalecer el trabajo con salas cunas y jardines infantiles del territorio para asegurar una consulta oportuna de estos casos.<\/p>\n<p style=\"text-align: justify;\">Por su parte, Mar\u00eda Francisca Rojas, directora del Jard\u00edn Infantil Gabriela Mistral, hizo un llamado a las familias de ni\u00f1os y ni\u00f1as en edad preescolar para que en caso de presentar s\u00edntomas tales como fiebre, tos, respiraci\u00f3n agitada u otros asociados a enfermedades respiratorias, eviten asistir a los establecimientos educacionales y sean llevados a alg\u00fan centro de salud para su diagn\u00f3stico, evitando que los menores se agraven y que eventualmente se produzcan brotes al interior de los jardines infantiles.<\/p>\n<p style=\"text-align: justify;\">\u201cRecordarle a las mam\u00e1s y pap\u00e1s que sus hijos aqu\u00ed est\u00e1n protegidos, cuidados, seguros y con entrega de educaci\u00f3n, pero tambi\u00e9n es importante que cuando est\u00e1n enfermos, con fiebre, tos o con alg\u00fan s\u00edntoma respiratorio, los lleven al m\u00e9dico para que no se produzcan contagios con otros ni\u00f1os. La idea es mantener la asistencia y que los ni\u00f1os est\u00e9n en bienestar integral, que se sientan bien para aprender, conocer y que vayan reconociendo este mundo abierto para ellos\u201d, destac\u00f3 la educadora.<\/p>\n<\/div><\/section><\/div><div  style='height:50px' class='hr hr-invisible   avia-builder-el-6  el_after_av_one_full  el_before_av_social_share '><span class='hr-inner ' ><span class='hr-inner-style'><\/span><\/span><\/div><\/p>\n<div  class='av-social-sharing-box  avia-builder-el-7  el_after_av_hr  el_before_av_hr  '><div class='av-share-box'><h5 class='av-share-link-description av-no-toc '>Compartir esta noticia<\/h5><ul class='av-share-box-list noLightbox'><li class='av-share-link av-social-link-facebook' ><a target=\"_blank\" aria-label=\"Compartir en Facebook\" href='https:\/\/www.facebook.com\/sharer.php?u=https:\/\/radiorevelacionfm.cl\/?p=44682&#038;t=Retorno%20a%20clases%3A%20Salud%20llama%20a%20mantener%20medidas%20preventivas%20ante%20aumento%20de%20virus%20respiratorios' aria-hidden='false' data-av_icon='\ue8f3' data-av_iconfont='entypo-fontello' title='' data-avia-related-tooltip='Compartir en Facebook' rel=\"noopener\"><span class='avia_hidden_link_text'>Compartir en Facebook<\/span><\/a><\/li><li class='av-share-link av-social-link-twitter' ><a target=\"_blank\" aria-label=\"Compartir en Twitter\" href='https:\/\/twitter.com\/share?text=Retorno%20a%20clases%3A%20Salud%20llama%20a%20mantener%20medidas%20preventivas%20ante%20aumento%20de%20virus%20respiratorios&#038;url=https:\/\/radiorevelacionfm.cl\/?p=44682' aria-hidden='false' data-av_icon='\ue8f1' data-av_iconfont='entypo-fontello' title='' data-avia-related-tooltip='Compartir en Twitter' rel=\"noopener\"><span class='avia_hidden_link_text'>Compartir en Twitter<\/span><\/a><\/li><li class='av-share-link av-social-link-whatsapp' ><a target=\"_blank\" aria-label=\"Compartir en Whatsapp\" href='https:\/\/api.whatsapp.com\/send?text=https:\/\/radiorevelacionfm.cl\/?p=44682' aria-hidden='false' data-av_icon='\uf232' data-av_iconfont='entypo-fontello' title='' data-avia-related-tooltip='Compartir en Whatsapp' rel=\"noopener\"><span class='avia_hidden_link_text'>Compartir en Whatsapp<\/span><\/a><\/li><li class='av-share-link av-social-link-linkedin' ><a target=\"_blank\" aria-label=\"Compartir en LinkedIn\" href='https:\/\/linkedin.com\/shareArticle?mini=true&#038;title=Retorno%20a%20clases%3A%20Salud%20llama%20a%20mantener%20medidas%20preventivas%20ante%20aumento%20de%20virus%20respiratorios&#038;url=https:\/\/radiorevelacionfm.cl\/?p=44682' aria-hidden='false' data-av_icon='\ue8fc' data-av_iconfont='entypo-fontello' title='' data-avia-related-tooltip='Compartir en LinkedIn' rel=\"noopener\"><span class='avia_hidden_link_text'>Compartir en LinkedIn<\/span><\/a><\/li><li class='av-share-link av-social-link-mail' ><a  aria-label=\"Compartir por correo\" href='mailto:?subject=Retorno%20a%20clases%3A%20Salud%20llama%20a%20mantener%20medidas%20preventivas%20ante%20aumento%20de%20virus%20respiratorios&#038;body=https:\/\/radiorevelacionfm.cl\/?p=44682' aria-hidden='false' data-av_icon='\ue805' data-av_iconfont='entypo-fontello' title='' data-avia-related-tooltip='Compartir por correo'><span class='avia_hidden_link_text'>Compartir por correo<\/span><\/a><\/li><\/ul><\/div><\/div>\n<div  style='height:50px' class='hr hr-invisible   avia-builder-el-8  el_after_av_social_share  el_before_av_comments_list '><span class='hr-inner ' ><span class='hr-inner-style'><\/span><\/span><\/div>\n<div  class='av-buildercomment  av-blog-meta-html-info-disabled av-blog-meta-tag-disabled  '><\/div>\n","protected":false},"excerpt":{"rendered":"","protected":false},"author":1,"featured_media":44683,"comment_status":"open","ping_status":"open","sticky":false,"template":"","format":"standard","meta":{"footnotes":""},"categories":[46],"tags":[],"class_list":["post-44682","post","type-post","status-publish","format-standard","has-post-thumbnail","hentry","category-salud"],"jetpack_featured_media_url":"https:\/\/radiorevelacionfm.cl\/wp-content\/uploads\/2024\/07\/RETORNO-SEGURO-II-SEMESTRE-2024-3-1-1.jpeg","_links":{"self":[{"href":"https:\/\/radiorevelacionfm.cl\/index.php?rest_route=\/wp\/v2\/posts\/44682","targetHints":{"allow":["GET"]}}],"collection":[{"href":"https:\/\/radiorevelacionfm.cl\/index.php?rest_route=\/wp\/v2\/posts"}],"about":[{"href":"https:\/\/radiorevelacionfm.cl\/index.php?rest_route=\/wp\/v2\/types\/post"}],"author":[{"embeddable":true,"href":"https:\/\/radiorevelacionfm.cl\/index.php?rest_route=\/wp\/v2\/users\/1"}],"replies":[{"embeddable":true,"href":"https:\/\/radiorevelacionfm.cl\/index.php?rest_route=%2Fwp%2Fv2%2Fcomments&post=44682"}],"version-history":[{"count":1,"href":"https:\/\/radiorevelacionfm.cl\/index.php?rest_route=\/wp\/v2\/posts\/44682\/revisions"}],"predecessor-version":[{"id":44684,"href":"https:\/\/radiorevelacionfm.cl\/index.php?rest_route=\/wp\/v2\/posts\/44682\/revisions\/44684"}],"wp:featuredmedia":[{"embeddable":true,"href":"https:\/\/radiorevelacionfm.cl\/index.php?rest_route=\/wp\/v2\/media\/44683"}],"wp:attachment":[{"href":"https:\/\/radiorevelacionfm.cl\/index.php?rest_route=%2Fwp%2Fv2%2Fmedia&parent=44682"}],"wp:term":[{"taxonomy":"category","embeddable":true,"href":"https:\/\/radiorevelacionfm.cl\/index.php?rest_route=%2Fwp%2Fv2%2Fcategories&post=44682"},{"taxonomy":"post_tag","embeddable":true,"href":"https:\/\/radiorevelacionfm.cl\/index.php?rest_route=%2Fwp%2Fv2%2Ftags&post=44682"}],"curies":[{"name":"wp","href":"https:\/\/api.w.org\/{rel}","templated":true}]}}