{"id":4468,"date":"2021-05-24T20:13:41","date_gmt":"2021-05-24T23:13:41","guid":{"rendered":"https:\/\/radiorevelacionfm.cl\/?p=4468"},"modified":"2021-05-24T20:13:41","modified_gmt":"2021-05-24T23:13:41","slug":"lago-verde-y-fase-3-alcalde-llama-a-la-comunidad-a-prevenir-el-coronavirus-y-mantener-autocuidado","status":"publish","type":"post","link":"https:\/\/radiorevelacionfm.cl\/?p=4468","title":{"rendered":"Lago Verde y fase 3, Alcalde llama a la comunidad a prevenir el coronavirus y mantener autocuidado"},"content":{"rendered":"<div class=\"flex_column av_one_full  flex_column_div av-zero-column-padding first  avia-builder-el-0  el_before_av_one_full  avia-builder-el-first  \" style='border-radius:0px; '><div  class='avia-image-container  av-styling-    avia-builder-el-1  avia-builder-el-no-sibling  avia-align-center '  itemprop=\"image\" itemscope=\"itemscope\" itemtype=\"https:\/\/schema.org\/ImageObject\"  ><div class='avia-image-container-inner'><div class='avia-image-overlay-wrap'><img decoding=\"async\" class='wp-image-4469 avia-img-lazy-loading-not-4469 avia_image' src=\"https:\/\/radiorevelacionfm.cl\/wp-content\/uploads\/2021\/05\/NELSON-OPAZO-1-2-1.jpg\" alt='' title='NELSON OPAZO 1 (2) (1)' height=\"597\" width=\"909\"  itemprop=\"thumbnailUrl\" srcset=\"https:\/\/radiorevelacionfm.cl\/wp-content\/uploads\/2021\/05\/NELSON-OPAZO-1-2-1.jpg 909w, https:\/\/radiorevelacionfm.cl\/wp-content\/uploads\/2021\/05\/NELSON-OPAZO-1-2-1-300x197.jpg 300w, https:\/\/radiorevelacionfm.cl\/wp-content\/uploads\/2021\/05\/NELSON-OPAZO-1-2-1-768x504.jpg 768w, https:\/\/radiorevelacionfm.cl\/wp-content\/uploads\/2021\/05\/NELSON-OPAZO-1-2-1-705x463.jpg 705w, https:\/\/radiorevelacionfm.cl\/wp-content\/uploads\/2021\/05\/NELSON-OPAZO-1-2-1-600x394.jpg 600w\" sizes=\"(max-width: 909px) 100vw, 909px\" \/><\/div><\/div><\/div><\/div><div class=\"flex_column av_one_full  flex_column_div av-zero-column-padding first  avia-builder-el-2  el_after_av_one_full  el_before_av_one_full  column-top-margin\" style='border-radius:0px; '><section class=\"av_textblock_section \"  itemscope=\"itemscope\" itemtype=\"https:\/\/schema.org\/BlogPosting\" itemprop=\"blogPost\" ><div class='avia_textblock  '   itemprop=\"text\" ><p style=\"text-align: center;\"><strong><span style=\"font-size: 18pt;\">Lago Verde y fase 3, Alcalde llama a la comunidad a prevenir el coronavirus y mantener autocuidado<\/span><\/strong><\/p>\n<div id=\"gtx-trans\" style=\"position: absolute; left: -50px; top: 4.31534px;\">\n<div class=\"gtx-trans-icon\"><\/div>\n<\/div>\n<\/div><\/section><\/div><div class=\"flex_column av_one_full  flex_column_div av-zero-column-padding first  avia-builder-el-4  el_after_av_one_full  el_before_av_hr  column-top-margin\" style='border-radius:0px; '><section class=\"av_textblock_section \"  itemscope=\"itemscope\" itemtype=\"https:\/\/schema.org\/BlogPosting\" itemprop=\"blogPost\" ><div class='avia_textblock  '   itemprop=\"text\" ><p style=\"text-align: justify;\">Notorio ha sido el aumento de casos positivos de Covid \u2013 19 en el pa\u00eds y tambi\u00e9n en nuestra regi\u00f3n, particularmente en Coyhaique y Puerto Ays\u00e9n. Un leve aumento ha tenido la localidad de Lago Verde, lo que ha significado que la autoridad sanitaria determine que retroceda en el plan paso a paso de la fase 4 a la 3.<\/p>\n<p style=\"text-align: justify;\">Esto sin lugar\u00a0 dudas es un llamado de atenci\u00f3n para cuidarse y reforzar las medidas que eviten un mayor aumento, en una de las zonas que ha sido ejemplo nacional por la forma en que se ha enfrentado la pandemia. Esto ha demostrado una conducta altamente responsable a nivel comunal, enfatiz\u00f3 el Alcalde Nelson Opazo L\u00f3pez.<\/p>\n<p style=\"text-align: justify;\">\u201cNosotros durante m\u00e1s de un a\u00f1o hemos mantenido una conducta que nos ha caracterizado como altamente responsable respecto de la pandemia, situaci\u00f3n que debemos mantener. En lo particular, como administraci\u00f3n todos estos meses hemos mantenido permanentemente una conducta que nos ha alejado de tener contagios o brotes masivos. En esta situaci\u00f3n, Lago Verde lamentablemente est\u00e1 entrando en una etapa en que podr\u00edamos correr riesgos evidentes, en t\u00e9rminos de los efectos desastrosos que est\u00e1 generando esta pandemia a nivel mundial y que nunca hemos querido que llegue a nuestra comuna de manera tan fuerte como lo ha hecho en otros lugares del pa\u00eds y del mundo\u201d.<\/p>\n<p style=\"text-align: justify;\">El jefe comunal, hizo un llamado a los vecinos y vecinas a mantener la actitud responsable y de autocuidado que evite un aumento de casos de Covid \u2013 19 en Lago Verde.<\/p>\n<p style=\"text-align: justify;\">\u201cEl llamado es a seguir actuando responsablemente respecto de nuestras conductas diarias, a respetar todos los protocolos que nos se\u00f1ala el Ministerio de Salud y a mantenernos especialmente preocupados en los casos de desplazamiento de nuestro entorno, de nuestros amigos, de nuestros familiares. Tambi\u00e9n aquellas personas que por obligaci\u00f3n deben desplazarse fuera de la comuna, les pedimos mantener todas las conductas de autocuidado, as\u00ed es que, a seguir cuid\u00e1ndonos entre todos, a seguir respet\u00e1ndonos entre todos, porque es la forma m\u00e1s eficiente de poder protegernos\u201d.<\/p>\n<p style=\"text-align: justify;\">Junto al mensaje de autocuidado y de respetar las medidas b\u00e1sicas que eviten un contagio, el Alcalde Nelson Opazo, afirm\u00f3 que con el equipo municipal siguen trabajando para realizar acciones preventivas y de apoyo social en medio de esta pandemia.<\/p>\n<\/div><\/section><\/div><div  style='height:50px' class='hr hr-invisible   avia-builder-el-6  el_after_av_one_full  el_before_av_social_share '><span class='hr-inner ' ><span class='hr-inner-style'><\/span><\/span><\/div><\/p>\n<div  class='av-social-sharing-box  avia-builder-el-7  el_after_av_hr  el_before_av_hr  '><div class='av-share-box'><h5 class='av-share-link-description av-no-toc '>Compartir esta noticia<\/h5><ul class='av-share-box-list noLightbox'><li class='av-share-link av-social-link-facebook' ><a target=\"_blank\" aria-label=\"Compartir en Facebook\" href='https:\/\/www.facebook.com\/sharer.php?u=https:\/\/radiorevelacionfm.cl\/?p=4468&#038;t=Lago%20Verde%20y%20fase%203%2C%20Alcalde%20llama%20a%20la%20comunidad%20a%20prevenir%20el%20coronavirus%20y%20mantener%20autocuidado' aria-hidden='false' data-av_icon='\ue8f3' data-av_iconfont='entypo-fontello' title='' data-avia-related-tooltip='Compartir en Facebook' rel=\"noopener\"><span class='avia_hidden_link_text'>Compartir en Facebook<\/span><\/a><\/li><li class='av-share-link av-social-link-twitter' ><a target=\"_blank\" aria-label=\"Compartir en Twitter\" href='https:\/\/twitter.com\/share?text=Lago%20Verde%20y%20fase%203%2C%20Alcalde%20llama%20a%20la%20comunidad%20a%20prevenir%20el%20coronavirus%20y%20mantener%20autocuidado&#038;url=https:\/\/radiorevelacionfm.cl\/?p=4468' aria-hidden='false' data-av_icon='\ue8f1' data-av_iconfont='entypo-fontello' title='' data-avia-related-tooltip='Compartir en Twitter' rel=\"noopener\"><span class='avia_hidden_link_text'>Compartir en Twitter<\/span><\/a><\/li><li class='av-share-link av-social-link-whatsapp' ><a target=\"_blank\" aria-label=\"Compartir en Whatsapp\" href='https:\/\/api.whatsapp.com\/send?text=https:\/\/radiorevelacionfm.cl\/?p=4468' aria-hidden='false' data-av_icon='\uf232' data-av_iconfont='entypo-fontello' title='' data-avia-related-tooltip='Compartir en Whatsapp' rel=\"noopener\"><span class='avia_hidden_link_text'>Compartir en Whatsapp<\/span><\/a><\/li><li class='av-share-link av-social-link-linkedin' ><a target=\"_blank\" aria-label=\"Compartir en LinkedIn\" href='https:\/\/linkedin.com\/shareArticle?mini=true&#038;title=Lago%20Verde%20y%20fase%203%2C%20Alcalde%20llama%20a%20la%20comunidad%20a%20prevenir%20el%20coronavirus%20y%20mantener%20autocuidado&#038;url=https:\/\/radiorevelacionfm.cl\/?p=4468' aria-hidden='false' data-av_icon='\ue8fc' data-av_iconfont='entypo-fontello' title='' data-avia-related-tooltip='Compartir en LinkedIn' rel=\"noopener\"><span class='avia_hidden_link_text'>Compartir en LinkedIn<\/span><\/a><\/li><li class='av-share-link av-social-link-mail' ><a  aria-label=\"Compartir por correo\" href='mailto:?subject=Lago%20Verde%20y%20fase%203%2C%20Alcalde%20llama%20a%20la%20comunidad%20a%20prevenir%20el%20coronavirus%20y%20mantener%20autocuidado&#038;body=https:\/\/radiorevelacionfm.cl\/?p=4468' aria-hidden='false' data-av_icon='\ue805' data-av_iconfont='entypo-fontello' title='' data-avia-related-tooltip='Compartir por correo'><span class='avia_hidden_link_text'>Compartir por correo<\/span><\/a><\/li><\/ul><\/div><\/div>\n<div  style='height:50px' class='hr hr-invisible   avia-builder-el-8  el_after_av_social_share  el_before_av_comments_list '><span class='hr-inner ' ><span class='hr-inner-style'><\/span><\/span><\/div>\n<div  class='av-buildercomment  av-blog-meta-html-info-disabled av-blog-meta-tag-disabled  '><\/div>\n","protected":false},"excerpt":{"rendered":"","protected":false},"author":1,"featured_media":4469,"comment_status":"open","ping_status":"open","sticky":false,"template":"","format":"standard","meta":{"footnotes":""},"categories":[38],"tags":[],"class_list":["post-4468","post","type-post","status-publish","format-standard","has-post-thumbnail","hentry","category-regional"],"jetpack_featured_media_url":"https:\/\/radiorevelacionfm.cl\/wp-content\/uploads\/2021\/05\/NELSON-OPAZO-1-2-1.jpg","_links":{"self":[{"href":"https:\/\/radiorevelacionfm.cl\/index.php?rest_route=\/wp\/v2\/posts\/4468","targetHints":{"allow":["GET"]}}],"collection":[{"href":"https:\/\/radiorevelacionfm.cl\/index.php?rest_route=\/wp\/v2\/posts"}],"about":[{"href":"https:\/\/radiorevelacionfm.cl\/index.php?rest_route=\/wp\/v2\/types\/post"}],"author":[{"embeddable":true,"href":"https:\/\/radiorevelacionfm.cl\/index.php?rest_route=\/wp\/v2\/users\/1"}],"replies":[{"embeddable":true,"href":"https:\/\/radiorevelacionfm.cl\/index.php?rest_route=%2Fwp%2Fv2%2Fcomments&post=4468"}],"version-history":[{"count":1,"href":"https:\/\/radiorevelacionfm.cl\/index.php?rest_route=\/wp\/v2\/posts\/4468\/revisions"}],"predecessor-version":[{"id":4470,"href":"https:\/\/radiorevelacionfm.cl\/index.php?rest_route=\/wp\/v2\/posts\/4468\/revisions\/4470"}],"wp:featuredmedia":[{"embeddable":true,"href":"https:\/\/radiorevelacionfm.cl\/index.php?rest_route=\/wp\/v2\/media\/4469"}],"wp:attachment":[{"href":"https:\/\/radiorevelacionfm.cl\/index.php?rest_route=%2Fwp%2Fv2%2Fmedia&parent=4468"}],"wp:term":[{"taxonomy":"category","embeddable":true,"href":"https:\/\/radiorevelacionfm.cl\/index.php?rest_route=%2Fwp%2Fv2%2Fcategories&post=4468"},{"taxonomy":"post_tag","embeddable":true,"href":"https:\/\/radiorevelacionfm.cl\/index.php?rest_route=%2Fwp%2Fv2%2Ftags&post=4468"}],"curies":[{"name":"wp","href":"https:\/\/api.w.org\/{rel}","templated":true}]}}