{"id":44678,"date":"2024-08-02T12:38:37","date_gmt":"2024-08-02T15:38:37","guid":{"rendered":"https:\/\/radiorevelacionfm.cl\/?p=44678"},"modified":"2024-08-02T12:38:37","modified_gmt":"2024-08-02T15:38:37","slug":"republicanos-apuesta-por-la-alcaldia-de-coyhaique-con-luz-valeria-villegas","status":"publish","type":"post","link":"https:\/\/radiorevelacionfm.cl\/?p=44678","title":{"rendered":"Republicanos apuesta por la alcald\u00eda de Coyhaique con Luz Valeria Villegas"},"content":{"rendered":"<div class=\"flex_column av_one_full  flex_column_div av-zero-column-padding first  avia-builder-el-0  el_before_av_one_full  avia-builder-el-first  \" style='border-radius:0px; '><div  class='avia-image-container  av-styling-    avia-builder-el-1  avia-builder-el-no-sibling  avia-align-center '  itemprop=\"image\" itemscope=\"itemscope\" itemtype=\"https:\/\/schema.org\/ImageObject\"  ><div class='avia-image-container-inner'><div class='avia-image-overlay-wrap'><img decoding=\"async\" class='wp-image-44679 avia-img-lazy-loading-not-44679 avia_image' src=\"https:\/\/radiorevelacionfm.cl\/wp-content\/uploads\/2024\/07\/whatsapp-image-2024-07-30-at-16_optimized.37.14-1.jpeg\" alt='' title='whatsapp-image-2024-07-30-at-16_optimized.37.14-(1)' height=\"600\" width=\"800\"  itemprop=\"thumbnailUrl\" srcset=\"https:\/\/radiorevelacionfm.cl\/wp-content\/uploads\/2024\/07\/whatsapp-image-2024-07-30-at-16_optimized.37.14-1.jpeg 800w, https:\/\/radiorevelacionfm.cl\/wp-content\/uploads\/2024\/07\/whatsapp-image-2024-07-30-at-16_optimized.37.14-1-300x225.jpeg 300w, https:\/\/radiorevelacionfm.cl\/wp-content\/uploads\/2024\/07\/whatsapp-image-2024-07-30-at-16_optimized.37.14-1-768x576.jpeg 768w, https:\/\/radiorevelacionfm.cl\/wp-content\/uploads\/2024\/07\/whatsapp-image-2024-07-30-at-16_optimized.37.14-1-705x529.jpeg 705w, https:\/\/radiorevelacionfm.cl\/wp-content\/uploads\/2024\/07\/whatsapp-image-2024-07-30-at-16_optimized.37.14-1-450x338.jpeg 450w, https:\/\/radiorevelacionfm.cl\/wp-content\/uploads\/2024\/07\/whatsapp-image-2024-07-30-at-16_optimized.37.14-1-600x450.jpeg 600w\" sizes=\"(max-width: 800px) 100vw, 800px\" \/><\/div><\/div><\/div><\/div><div class=\"flex_column av_one_full  flex_column_div av-zero-column-padding first  avia-builder-el-2  el_after_av_one_full  el_before_av_one_full  column-top-margin\" style='border-radius:0px; '><section class=\"av_textblock_section \"  itemscope=\"itemscope\" itemtype=\"https:\/\/schema.org\/BlogPosting\" itemprop=\"blogPost\" ><div class='avia_textblock  '   itemprop=\"text\" ><p style=\"text-align: center;\"><strong><span style=\"font-size: 18pt;\">Republicanos apuesta por la alcald\u00eda de Coyhaique con Luz Valeria Villegas<\/span><\/strong><\/p>\n<div id=\"gtx-trans\" style=\"position: absolute; left: -50px; top: 4.31534px;\">\n<div class=\"gtx-trans-icon\"><\/div>\n<\/div>\n<\/div><\/section><\/div><div class=\"flex_column av_one_full  flex_column_div av-zero-column-padding first  avia-builder-el-4  el_after_av_one_full  el_before_av_hr  column-top-margin\" style='border-radius:0px; '><section class=\"av_textblock_section \"  itemscope=\"itemscope\" itemtype=\"https:\/\/schema.org\/BlogPosting\" itemprop=\"blogPost\" ><div class='avia_textblock  '   itemprop=\"text\" ><p dir=\"ltr\" style=\"text-align: justify;\">Desde el partido de derecha, afirmaron que pondr\u00e1n a la gente en el centro de sus propuestas y que el objetivo estar\u00e1 puesto en materias de seguridad, reactivaci\u00f3n econ\u00f3mica y una mejor planificaci\u00f3n de las iniciativas de cada comuna.<\/p>\n<p dir=\"ltr\" style=\"text-align: justify;\">Siendo la primera elecci\u00f3n municipal y de gobiernos regionales que enfrentar\u00e1 el Partido Republicano tras constituirse en todo Chile, desde la colectividad confirmaron la candidatura a la alcaldia de Coyhaique de Luz Valeria Villegas, trabajadora socia de profesi\u00f3n y oriunda de la regi\u00f3n, la que ser\u00e1 respaldada por una lista de candidatos a concejales y tambi\u00e9n de candidatos a consejeros regionales, sobre estas dos, afirmaron que llevar\u00e1n listas completas.<\/p>\n<p dir=\"ltr\" style=\"text-align: justify;\">La informaci\u00f3n fue confirmada por el presidente regional del Partido Republicano, Fernando San Crist\u00f3bal, que tras las inscripciones de candidaturas llevadas a cabo por la colectividad de derecha ante el SERVEL, manifest\u00f3 que \u201ctras dialogar sobre este desaf\u00edo y reflexionar junto a nuestras bases, hemos decidido confirmar e inscribir la candidatura a alcaldesa de Luz Valeria Villegas por Coyhaique, dada su experiencia profesional y tambi\u00e9n pol\u00edtica, no s\u00f3lo ha sido parte de quienes fundamos el partido en la regi\u00f3n sino que tambi\u00e9n fue candidata al Consejo Constitucional, obteniendo un muy buen respaldo de la ciudadan\u00eda, lo que tambi\u00e9n motiv\u00f3 a que aceptara esta candidatura\u201d.<\/p>\n<p dir=\"ltr\" style=\"text-align: justify;\">Por su parte, la candidata a alcaldesa, Luz Valeria Villegas, expres\u00f3 que \u201cnuestro objetivo es reconstruir y recuperar el desarrollo de nuestra capital regional, teniendo como foco principal el combate a la delincuencia, la reactivaci\u00f3n econ\u00f3mica local y colocar a las personas en el centro del quehacer municipal. Los Republicanos hemos hecho un trabajo serio y responsable, por eso, creemos que estamos presentando a nuestra comunidad la mejor alternativa para dirigir el municipio durante los pr\u00f3ximos a\u00f1os, conform\u00e1ndose tambi\u00e9n un equipo de profesionales, emprendedores y dirigentes de diversos \u00e1mbitos que trabajar\u00e1 para enfrentar las urgencias sociales de quienes habitamos en Coyhaique\u201d.<\/p>\n<p dir=\"ltr\" style=\"text-align: justify;\">Finalmente, el dirigente Republicano, Fernando San Crist\u00f3bal detall\u00f3 que llevar\u00e1n listas de candidatos a concejales en las comunas de Coyhaique, Ays\u00e9n, Cisnes y Cochrane, en tanto, presentar\u00e1n candidaturas consejeros regionales en las provincias de Coyhaique y Ays\u00e9n, cuyas n\u00f3minas y propuestas ser\u00e1n tambi\u00e9n presentadas a la ciudadan\u00eda.<\/p>\n<p dir=\"ltr\" style=\"text-align: justify;\">Trabajadora social con experiencia en el sector p\u00fablico<\/p>\n<p dir=\"ltr\" style=\"text-align: justify;\">Luz Valeria Villegas estudi\u00f3 en el Liceo Ricardo Navarrete Barr\u00eda, es trabajadora social y tiene un diplomado en gesti\u00f3n p\u00fablica en la Universidad del Desarrollo. Cuenta con 14 a\u00f1os de experiencia en el servicio p\u00fablico, desempe\u00f1\u00e1ndose en la Seremi de Salud, en la Municipalidad de Coyhaique en el departamento social, en la Oficina de Protecci\u00f3n de Derechos del Ni\u00f1o (OPD), en Chile Crece Contigo y en el Ministerio de Desarrollo Social.<\/p>\n<\/div><\/section><\/div><div  style='height:50px' class='hr hr-invisible   avia-builder-el-6  el_after_av_one_full  el_before_av_social_share '><span class='hr-inner ' ><span class='hr-inner-style'><\/span><\/span><\/div><\/p>\n<div  class='av-social-sharing-box  avia-builder-el-7  el_after_av_hr  el_before_av_hr  '><div class='av-share-box'><h5 class='av-share-link-description av-no-toc '>Compartir esta noticia<\/h5><ul class='av-share-box-list noLightbox'><li class='av-share-link av-social-link-facebook' ><a target=\"_blank\" aria-label=\"Compartir en Facebook\" href='https:\/\/www.facebook.com\/sharer.php?u=https:\/\/radiorevelacionfm.cl\/?p=44678&#038;t=Republicanos%20apuesta%20por%20la%20alcald%C3%ADa%20de%20Coyhaique%20con%20Luz%20Valeria%20Villegas' aria-hidden='false' data-av_icon='\ue8f3' data-av_iconfont='entypo-fontello' title='' data-avia-related-tooltip='Compartir en Facebook' rel=\"noopener\"><span class='avia_hidden_link_text'>Compartir en Facebook<\/span><\/a><\/li><li class='av-share-link av-social-link-twitter' ><a target=\"_blank\" aria-label=\"Compartir en Twitter\" href='https:\/\/twitter.com\/share?text=Republicanos%20apuesta%20por%20la%20alcald%C3%ADa%20de%20Coyhaique%20con%20Luz%20Valeria%20Villegas&#038;url=https:\/\/radiorevelacionfm.cl\/?p=44678' aria-hidden='false' data-av_icon='\ue8f1' data-av_iconfont='entypo-fontello' title='' data-avia-related-tooltip='Compartir en Twitter' rel=\"noopener\"><span class='avia_hidden_link_text'>Compartir en Twitter<\/span><\/a><\/li><li class='av-share-link av-social-link-whatsapp' ><a target=\"_blank\" aria-label=\"Compartir en Whatsapp\" href='https:\/\/api.whatsapp.com\/send?text=https:\/\/radiorevelacionfm.cl\/?p=44678' aria-hidden='false' data-av_icon='\uf232' data-av_iconfont='entypo-fontello' title='' data-avia-related-tooltip='Compartir en Whatsapp' rel=\"noopener\"><span class='avia_hidden_link_text'>Compartir en Whatsapp<\/span><\/a><\/li><li class='av-share-link av-social-link-linkedin' ><a target=\"_blank\" aria-label=\"Compartir en LinkedIn\" href='https:\/\/linkedin.com\/shareArticle?mini=true&#038;title=Republicanos%20apuesta%20por%20la%20alcald%C3%ADa%20de%20Coyhaique%20con%20Luz%20Valeria%20Villegas&#038;url=https:\/\/radiorevelacionfm.cl\/?p=44678' aria-hidden='false' data-av_icon='\ue8fc' data-av_iconfont='entypo-fontello' title='' data-avia-related-tooltip='Compartir en LinkedIn' rel=\"noopener\"><span class='avia_hidden_link_text'>Compartir en LinkedIn<\/span><\/a><\/li><li class='av-share-link av-social-link-mail' ><a  aria-label=\"Compartir por correo\" href='mailto:?subject=Republicanos%20apuesta%20por%20la%20alcald%C3%ADa%20de%20Coyhaique%20con%20Luz%20Valeria%20Villegas&#038;body=https:\/\/radiorevelacionfm.cl\/?p=44678' aria-hidden='false' data-av_icon='\ue805' data-av_iconfont='entypo-fontello' title='' data-avia-related-tooltip='Compartir por correo'><span class='avia_hidden_link_text'>Compartir por correo<\/span><\/a><\/li><\/ul><\/div><\/div>\n<div  style='height:50px' class='hr hr-invisible   avia-builder-el-8  el_after_av_social_share  el_before_av_comments_list '><span class='hr-inner ' ><span class='hr-inner-style'><\/span><\/span><\/div>\n<div  class='av-buildercomment  av-blog-meta-html-info-disabled av-blog-meta-tag-disabled  '><\/div>\n","protected":false},"excerpt":{"rendered":"","protected":false},"author":1,"featured_media":44679,"comment_status":"open","ping_status":"open","sticky":false,"template":"","format":"standard","meta":{"footnotes":""},"categories":[35],"tags":[],"class_list":["post-44678","post","type-post","status-publish","format-standard","has-post-thumbnail","hentry","category-politica"],"jetpack_featured_media_url":"https:\/\/radiorevelacionfm.cl\/wp-content\/uploads\/2024\/07\/whatsapp-image-2024-07-30-at-16_optimized.37.14-1.jpeg","_links":{"self":[{"href":"https:\/\/radiorevelacionfm.cl\/index.php?rest_route=\/wp\/v2\/posts\/44678","targetHints":{"allow":["GET"]}}],"collection":[{"href":"https:\/\/radiorevelacionfm.cl\/index.php?rest_route=\/wp\/v2\/posts"}],"about":[{"href":"https:\/\/radiorevelacionfm.cl\/index.php?rest_route=\/wp\/v2\/types\/post"}],"author":[{"embeddable":true,"href":"https:\/\/radiorevelacionfm.cl\/index.php?rest_route=\/wp\/v2\/users\/1"}],"replies":[{"embeddable":true,"href":"https:\/\/radiorevelacionfm.cl\/index.php?rest_route=%2Fwp%2Fv2%2Fcomments&post=44678"}],"version-history":[{"count":1,"href":"https:\/\/radiorevelacionfm.cl\/index.php?rest_route=\/wp\/v2\/posts\/44678\/revisions"}],"predecessor-version":[{"id":44680,"href":"https:\/\/radiorevelacionfm.cl\/index.php?rest_route=\/wp\/v2\/posts\/44678\/revisions\/44680"}],"wp:featuredmedia":[{"embeddable":true,"href":"https:\/\/radiorevelacionfm.cl\/index.php?rest_route=\/wp\/v2\/media\/44679"}],"wp:attachment":[{"href":"https:\/\/radiorevelacionfm.cl\/index.php?rest_route=%2Fwp%2Fv2%2Fmedia&parent=44678"}],"wp:term":[{"taxonomy":"category","embeddable":true,"href":"https:\/\/radiorevelacionfm.cl\/index.php?rest_route=%2Fwp%2Fv2%2Fcategories&post=44678"},{"taxonomy":"post_tag","embeddable":true,"href":"https:\/\/radiorevelacionfm.cl\/index.php?rest_route=%2Fwp%2Fv2%2Ftags&post=44678"}],"curies":[{"name":"wp","href":"https:\/\/api.w.org\/{rel}","templated":true}]}}