{"id":44672,"date":"2024-07-31T16:56:32","date_gmt":"2024-07-31T19:56:32","guid":{"rendered":"https:\/\/radiorevelacionfm.cl\/?p=44672"},"modified":"2024-07-31T16:56:32","modified_gmt":"2024-07-31T19:56:32","slug":"comunidad-escolar-de-raul-marin-balmaceda-crea-mural-en-residencia-artistica","status":"publish","type":"post","link":"https:\/\/radiorevelacionfm.cl\/?p=44672","title":{"rendered":"Comunidad escolar de Ra\u00fal Mar\u00edn Balmaceda crea mural en residencia art\u00edstica"},"content":{"rendered":"<div class=\"flex_column av_one_full  flex_column_div av-zero-column-padding first  avia-builder-el-0  el_before_av_one_full  avia-builder-el-first  \" style='border-radius:0px; '><div  class='avia-image-container  av-styling-    avia-builder-el-1  avia-builder-el-no-sibling  avia-align-center '  itemprop=\"image\" itemscope=\"itemscope\" itemtype=\"https:\/\/schema.org\/ImageObject\"  ><div class='avia-image-container-inner'><div class='avia-image-overlay-wrap'><img decoding=\"async\" class='wp-image-44673 avia-img-lazy-loading-not-44673 avia_image' src=\"https:\/\/radiorevelacionfm.cl\/wp-content\/uploads\/2024\/07\/residencia-rmb4-1-1.jpeg\" alt='' title='residencia rmb4 (1) (1)' height=\"600\" width=\"1067\"  itemprop=\"thumbnailUrl\" srcset=\"https:\/\/radiorevelacionfm.cl\/wp-content\/uploads\/2024\/07\/residencia-rmb4-1-1.jpeg 1067w, https:\/\/radiorevelacionfm.cl\/wp-content\/uploads\/2024\/07\/residencia-rmb4-1-1-300x169.jpeg 300w, https:\/\/radiorevelacionfm.cl\/wp-content\/uploads\/2024\/07\/residencia-rmb4-1-1-1030x579.jpeg 1030w, https:\/\/radiorevelacionfm.cl\/wp-content\/uploads\/2024\/07\/residencia-rmb4-1-1-768x432.jpeg 768w, https:\/\/radiorevelacionfm.cl\/wp-content\/uploads\/2024\/07\/residencia-rmb4-1-1-705x396.jpeg 705w, https:\/\/radiorevelacionfm.cl\/wp-content\/uploads\/2024\/07\/residencia-rmb4-1-1-450x253.jpeg 450w, https:\/\/radiorevelacionfm.cl\/wp-content\/uploads\/2024\/07\/residencia-rmb4-1-1-600x337.jpeg 600w\" sizes=\"(max-width: 1067px) 100vw, 1067px\" \/><\/div><\/div><\/div><\/div><div class=\"flex_column av_one_full  flex_column_div av-zero-column-padding first  avia-builder-el-2  el_after_av_one_full  el_before_av_one_full  column-top-margin\" style='border-radius:0px; '><section class=\"av_textblock_section \"  itemscope=\"itemscope\" itemtype=\"https:\/\/schema.org\/BlogPosting\" itemprop=\"blogPost\" ><div class='avia_textblock  '   itemprop=\"text\" ><p style=\"text-align: center;\"><span style=\"font-size: 18pt;\"><b>Comunidad escolar de Ra\u00fal Mar\u00edn Balmaceda crea mural en residencia art\u00edstica<\/b><\/span><\/p>\n<div id=\"gtx-trans\" style=\"position: absolute; left: -50px; top: 4.31534px;\">\n<div class=\"gtx-trans-icon\"><\/div>\n<\/div>\n<\/div><\/section><\/div><div class=\"flex_column av_one_full  flex_column_div av-zero-column-padding first  avia-builder-el-4  el_after_av_one_full  el_before_av_hr  column-top-margin\" style='border-radius:0px; '><section class=\"av_textblock_section \"  itemscope=\"itemscope\" itemtype=\"https:\/\/schema.org\/BlogPosting\" itemprop=\"blogPost\" ><div class='avia_textblock  '   itemprop=\"text\" ><p style=\"text-align: justify;\">La muralista Sally Sade se traslad\u00f3 hasta la punta norte de la Regi\u00f3n de Ays\u00e9n para trabajar con la comunidad escolar de Raul Mar\u00edn Balmaceda en una residencia art\u00edstica de artes visuales, enfocada en la creaci\u00f3n de un mural colectivo que contiene una narrativa propia del territorio.<\/p>\n<p style=\"text-align: justify;\">El programa de Identidad Regional de la Seremi de Culturas Ays\u00e9n ha permitido el desarrollo de estas residencias art\u00edsticas y esta vez fue el turno de Raul Mar\u00edn, cuyos habitantes trabajaron desde mayo en la programaci\u00f3n de las actividades y la creaci\u00f3n de bocetos previos a la realizaci\u00f3n del mural.<\/p>\n<p style=\"text-align: justify;\">De esta manera, el muralismo y el arte urbano fueron parte del lenguaje comunitario durante una semana en que ni\u00f1os, ni\u00f1as, j\u00f3venes y sus familias pudieron compenetrarse con la tem\u00e1tica propuesta para el trabajo, que dec\u00eda relaci\u00f3n con la crisis energ\u00e9tica que vive Raul Mar\u00edn.<\/p>\n<p style=\"text-align: justify;\">La muralista Sally Sade cuenta que el mural se dividi\u00f3 en equipos seg\u00fan la dificultades de la t\u00e9cnica: \u201cMe puse en contacto con el director de la escuela Amanda Labarca para trabajar en conjunto con los ni\u00f1os de la escuela est\u00e1 residencia. Hicimos reuniones previas virtuales con los profesores de cada nivel y los ni\u00f1os para saber c\u00f3mo se sent\u00edan y qu\u00e9 im\u00e1genes les gustar\u00eda plasmar y destacar sobre esto en particular. Yo llegu\u00e9 con el boceto y los materiales y trabajamos en niveles con el apoyo de la comunidad escolar\u201d.<\/p>\n<p style=\"text-align: justify;\">Para el seremi de Culturas Ays\u00e9n, Felipe Quiroz, \u201cestas experiencias tienen un valor cultural y comunitario sumamente alto, debido a que la comunidad se re\u00fane no solamente en torno a una disciplina, sino alrededor de una creaci\u00f3n colectiva que habla del lugar que habitan y de las personas que son en ese lugar. Las residencias art\u00edsticas que desarrollamos desde Culturas Ays\u00e9n han tenido un alcance y un \u00e9xito tales, que nos motiva a seguir trabajando como Gobierno en esta l\u00ednea\u201d.<\/p>\n<\/div><\/section><\/div><div  style='height:50px' class='hr hr-invisible   avia-builder-el-6  el_after_av_one_full  el_before_av_social_share '><span class='hr-inner ' ><span class='hr-inner-style'><\/span><\/span><\/div><\/p>\n<div  class='av-social-sharing-box  avia-builder-el-7  el_after_av_hr  el_before_av_hr  '><div class='av-share-box'><h5 class='av-share-link-description av-no-toc '>Compartir esta noticia<\/h5><ul class='av-share-box-list noLightbox'><li class='av-share-link av-social-link-facebook' ><a target=\"_blank\" aria-label=\"Compartir en Facebook\" href='https:\/\/www.facebook.com\/sharer.php?u=https:\/\/radiorevelacionfm.cl\/?p=44672&#038;t=Comunidad%20escolar%20de%20Ra%C3%BAl%20Mar%C3%ADn%20Balmaceda%20crea%20mural%20en%20residencia%20art%C3%ADstica' aria-hidden='false' data-av_icon='\ue8f3' data-av_iconfont='entypo-fontello' title='' data-avia-related-tooltip='Compartir en Facebook' rel=\"noopener\"><span class='avia_hidden_link_text'>Compartir en Facebook<\/span><\/a><\/li><li class='av-share-link av-social-link-twitter' ><a target=\"_blank\" aria-label=\"Compartir en Twitter\" href='https:\/\/twitter.com\/share?text=Comunidad%20escolar%20de%20Ra%C3%BAl%20Mar%C3%ADn%20Balmaceda%20crea%20mural%20en%20residencia%20art%C3%ADstica&#038;url=https:\/\/radiorevelacionfm.cl\/?p=44672' aria-hidden='false' data-av_icon='\ue8f1' data-av_iconfont='entypo-fontello' title='' data-avia-related-tooltip='Compartir en Twitter' rel=\"noopener\"><span class='avia_hidden_link_text'>Compartir en Twitter<\/span><\/a><\/li><li class='av-share-link av-social-link-whatsapp' ><a target=\"_blank\" aria-label=\"Compartir en Whatsapp\" href='https:\/\/api.whatsapp.com\/send?text=https:\/\/radiorevelacionfm.cl\/?p=44672' aria-hidden='false' data-av_icon='\uf232' data-av_iconfont='entypo-fontello' title='' data-avia-related-tooltip='Compartir en Whatsapp' rel=\"noopener\"><span class='avia_hidden_link_text'>Compartir en Whatsapp<\/span><\/a><\/li><li class='av-share-link av-social-link-linkedin' ><a target=\"_blank\" aria-label=\"Compartir en LinkedIn\" href='https:\/\/linkedin.com\/shareArticle?mini=true&#038;title=Comunidad%20escolar%20de%20Ra%C3%BAl%20Mar%C3%ADn%20Balmaceda%20crea%20mural%20en%20residencia%20art%C3%ADstica&#038;url=https:\/\/radiorevelacionfm.cl\/?p=44672' aria-hidden='false' data-av_icon='\ue8fc' data-av_iconfont='entypo-fontello' title='' data-avia-related-tooltip='Compartir en LinkedIn' rel=\"noopener\"><span class='avia_hidden_link_text'>Compartir en LinkedIn<\/span><\/a><\/li><li class='av-share-link av-social-link-mail' ><a  aria-label=\"Compartir por correo\" href='mailto:?subject=Comunidad%20escolar%20de%20Ra%C3%BAl%20Mar%C3%ADn%20Balmaceda%20crea%20mural%20en%20residencia%20art%C3%ADstica&#038;body=https:\/\/radiorevelacionfm.cl\/?p=44672' aria-hidden='false' data-av_icon='\ue805' data-av_iconfont='entypo-fontello' title='' data-avia-related-tooltip='Compartir por correo'><span class='avia_hidden_link_text'>Compartir por correo<\/span><\/a><\/li><\/ul><\/div><\/div>\n<div  style='height:50px' class='hr hr-invisible   avia-builder-el-8  el_after_av_social_share  el_before_av_comments_list '><span class='hr-inner ' ><span class='hr-inner-style'><\/span><\/span><\/div>\n<div  class='av-buildercomment  av-blog-meta-html-info-disabled av-blog-meta-tag-disabled  '><\/div>\n","protected":false},"excerpt":{"rendered":"","protected":false},"author":1,"featured_media":44673,"comment_status":"open","ping_status":"open","sticky":false,"template":"","format":"standard","meta":{"footnotes":""},"categories":[52],"tags":[],"class_list":["post-44672","post","type-post","status-publish","format-standard","has-post-thumbnail","hentry","category-cultura"],"jetpack_featured_media_url":"https:\/\/radiorevelacionfm.cl\/wp-content\/uploads\/2024\/07\/residencia-rmb4-1-1.jpeg","_links":{"self":[{"href":"https:\/\/radiorevelacionfm.cl\/index.php?rest_route=\/wp\/v2\/posts\/44672","targetHints":{"allow":["GET"]}}],"collection":[{"href":"https:\/\/radiorevelacionfm.cl\/index.php?rest_route=\/wp\/v2\/posts"}],"about":[{"href":"https:\/\/radiorevelacionfm.cl\/index.php?rest_route=\/wp\/v2\/types\/post"}],"author":[{"embeddable":true,"href":"https:\/\/radiorevelacionfm.cl\/index.php?rest_route=\/wp\/v2\/users\/1"}],"replies":[{"embeddable":true,"href":"https:\/\/radiorevelacionfm.cl\/index.php?rest_route=%2Fwp%2Fv2%2Fcomments&post=44672"}],"version-history":[{"count":1,"href":"https:\/\/radiorevelacionfm.cl\/index.php?rest_route=\/wp\/v2\/posts\/44672\/revisions"}],"predecessor-version":[{"id":44674,"href":"https:\/\/radiorevelacionfm.cl\/index.php?rest_route=\/wp\/v2\/posts\/44672\/revisions\/44674"}],"wp:featuredmedia":[{"embeddable":true,"href":"https:\/\/radiorevelacionfm.cl\/index.php?rest_route=\/wp\/v2\/media\/44673"}],"wp:attachment":[{"href":"https:\/\/radiorevelacionfm.cl\/index.php?rest_route=%2Fwp%2Fv2%2Fmedia&parent=44672"}],"wp:term":[{"taxonomy":"category","embeddable":true,"href":"https:\/\/radiorevelacionfm.cl\/index.php?rest_route=%2Fwp%2Fv2%2Fcategories&post=44672"},{"taxonomy":"post_tag","embeddable":true,"href":"https:\/\/radiorevelacionfm.cl\/index.php?rest_route=%2Fwp%2Fv2%2Ftags&post=44672"}],"curies":[{"name":"wp","href":"https:\/\/api.w.org\/{rel}","templated":true}]}}